{"id":591,"date":"2026-08-24T13:05:40","date_gmt":"2026-08-24T11:05:40","guid":{"rendered":"https:\/\/legrandreporter.net\/?p=591"},"modified":"2026-08-24T13:05:42","modified_gmt":"2026-08-24T11:05:42","slug":"makokou-les-ogivins-demarrent-la-fete-de-la-liberation-avec-le-mega-marche-de-la-ceag","status":"publish","type":"post","link":"https:\/\/legrandreporter.net\/index.php\/2026\/08\/24\/makokou-les-ogivins-demarrent-la-fete-de-la-liberation-avec-le-mega-marche-de-la-ceag\/","title":{"rendered":"Makokou : les ogivins d\u00e9marrent la f\u00eate de la lib\u00e9ration avec le M\u00e9ga march\u00e9 de la CEAG !\u00a0"},"content":{"rendered":"\n<p class=\"wp-block-paragraph\"><strong><em>Apr\u00e8s Libreville, Port-Gentil et le grand Libreville, la Centrale d\u2019Achat du Gabon (CEAG) poursuit sa caravane commerciale au plus pr\u00e8s des populations. Prochaine escale : Makokou, dans la province de l\u2019Ogoou\u00e9-Ivindo, o\u00f9 un m\u00e9ga march\u00e9 itin\u00e9rant se tiendra du 24 au 26 ao\u00fbt 2026 au stade Alexandre Samba.<\/em><\/strong><\/p>\n\n\n\n<p class=\"wp-block-paragraph\">L\u2019initiative s\u2019inscrit dans la politique de lutte contre la vie ch\u00e8re et de soutien au pouvoir d\u2019achat engag\u00e9e par les pouvoirs publics. Pour la CEAG, l\u2019objectif est de rapprocher l\u2019offre des consommateurs tout en r\u00e9duisant autant que possible les co\u00fbts li\u00e9s aux interm\u00e9diaires et \u00e0 la distribution.<\/p>\n\n\n\n<p class=\"wp-block-paragraph\">Durant trois jours, les habitants de Makokou et des localit\u00e9s environnantes pourront acc\u00e9der \u00e0 une gamme de produits de premi\u00e8re n\u00e9cessit\u00e9 \u00e0 des prix pr\u00e9sent\u00e9s comme plus accessibles. Riz, huile, sucre, volailles, conserves, p\u00e2tes alimentaires, produits laitiers ou encore articles d\u2019hygi\u00e8ne sont notamment annonc\u00e9s sur les \u00e9tals de cette op\u00e9ration commerciale.<br>Au-del\u00e0 de la dimension commerciale, le d\u00e9placement de la CEAG \u00e0 Makokou traduit une volont\u00e9 de renforcer la proximit\u00e9 avec les consommateurs. Apr\u00e8s des \u00e9tapes \u00e0 Angondj\u00e9, Nzeng-Ayong, Owendo, Minvoul et Port-Gentil, la caravane poursuit ainsi son maillage territorial.<\/p>\n\n\n\n<figure class=\"wp-block-image size-large\"><img width=\"1024\" height=\"682\"  alt=\"\" class=\"wp-image-592\"\/ loading=\"eager\" fetchpriority=\"high\" decoding=\"async\" src=\"https:\/\/legrandreporter.net\/wp-content\/uploads\/2026\/08\/7da3157a-f5ca-4eed-a1f3-e875519d64ee-1024x682.jpeg\" srcset=\"https:\/\/legrandreporter.net\/wp-content\/uploads\/2026\/08\/7da3157a-f5ca-4eed-a1f3-e875519d64ee-1024x682.jpeg 1024w, https:\/\/legrandreporter.net\/wp-content\/uploads\/2026\/08\/7da3157a-f5ca-4eed-a1f3-e875519d64ee-300x200.jpeg 300w, https:\/\/legrandreporter.net\/wp-content\/uploads\/2026\/08\/7da3157a-f5ca-4eed-a1f3-e875519d64ee-768x512.jpeg 768w, https:\/\/legrandreporter.net\/wp-content\/uploads\/2026\/08\/7da3157a-f5ca-4eed-a1f3-e875519d64ee-1536x1024.jpeg 1536w, https:\/\/legrandreporter.net\/wp-content\/uploads\/2026\/08\/7da3157a-f5ca-4eed-a1f3-e875519d64ee-2048x1365.jpeg 2048w\" sizes=\"(max-width: 1024px) 100vw, 1024px\" \/><\/figure>\n\n\n\n<p class=\"wp-block-paragraph\">Dans une province o\u00f9 les distances et les contraintes logistiques peuvent peser sur le prix final des marchandises, le principe du march\u00e9 itin\u00e9rant prend une dimension particuli\u00e8re. En allant directement vers les consommateurs, la CEAG cherche \u00e0 faciliter l\u2019approvisionnement des m\u00e9nages et \u00e0 leur offrir une alternative aux circuits de distribution traditionnels.<\/p>\n\n\n\n<p class=\"wp-block-paragraph\">Cette strat\u00e9gie r\u00e9pond \u00e0 un enjeu central : rendre les produits essentiels davantage accessibles tout en rapprochant les dispositifs de lutte contre la vie ch\u00e8re des r\u00e9alit\u00e9s quotidiennes des populations.<br><\/p>\n\n\n\n<p class=\"wp-block-paragraph\">Le choix de Makokou intervient \u00e9galement \u00e0 quelques jours de la c\u00e9l\u00e9bration de la F\u00eate de la Lib\u00e9ration, le 30 ao\u00fbt. La capitale provinciale de l\u2019Ogoou\u00e9-Ivindo devrait, \u00e0 cette occasion, conna\u00eetre une importante affluence, donnant \u00e0 cette op\u00e9ration commerciale une visibilit\u00e9 particuli\u00e8re.<\/p>\n\n\n\n<figure class=\"wp-block-image size-large\"><img width=\"1024\" height=\"682\"  alt=\"\" class=\"wp-image-593\"\/ loading=\"lazy\" decoding=\"async\" src=\"https:\/\/legrandreporter.net\/wp-content\/uploads\/2026\/08\/660a39fb-1231-4562-89e9-b13a8170b053-1024x682.jpeg\" srcset=\"https:\/\/legrandreporter.net\/wp-content\/uploads\/2026\/08\/660a39fb-1231-4562-89e9-b13a8170b053-1024x682.jpeg 1024w, https:\/\/legrandreporter.net\/wp-content\/uploads\/2026\/08\/660a39fb-1231-4562-89e9-b13a8170b053-300x200.jpeg 300w, https:\/\/legrandreporter.net\/wp-content\/uploads\/2026\/08\/660a39fb-1231-4562-89e9-b13a8170b053-768x512.jpeg 768w, https:\/\/legrandreporter.net\/wp-content\/uploads\/2026\/08\/660a39fb-1231-4562-89e9-b13a8170b053-1536x1024.jpeg 1536w, https:\/\/legrandreporter.net\/wp-content\/uploads\/2026\/08\/660a39fb-1231-4562-89e9-b13a8170b053-2048x1365.jpeg 2048w\" sizes=\"auto, (max-width: 1024px) 100vw, 1024px\" \/><\/figure>\n\n\n\n<p class=\"wp-block-paragraph\">Le stade Alexandre Samba deviendra ainsi, pendant trois jours, un point de convergence entre consommateurs, commer\u00e7ants et op\u00e9rateurs engag\u00e9s dans cette dynamique de proximit\u00e9.<br><\/p>\n\n\n\n<p class=\"wp-block-paragraph\">Pour la CEAG, l\u2019enjeu d\u00e9passe donc la simple vente de marchandises. Il s\u2019agit de faire de la pr\u00e9sence territoriale un levier concret de soutien au pouvoir d\u2019achat, dans un contexte o\u00f9 la ma\u00eetrise du co\u00fbt du panier demeure une pr\u00e9occupation majeure pour les m\u00e9nages.<\/p>\n\n\n\n<p class=\"wp-block-paragraph\">\u00c0 Makokou, le compte \u00e0 rebours est d\u00e9sormais lanc\u00e9. Du 24 au 26 ao\u00fbt, le m\u00e9ga march\u00e9 itin\u00e9rant entend transformer le stade Alexandre Samba en v\u00e9ritable plateforme commerciale au service des populations de l\u2019Ogoou\u00e9-Ivindo.<\/p>\n\n\n\n<p class=\"wp-block-paragraph\"><\/p>\n","protected":false},"excerpt":{"rendered":"<p>Apr\u00e8s Libreville, Port-Gentil et le grand Libreville, la Centrale d\u2019Achat du Gabon (CEAG) poursuit sa caravane commerciale au plus pr\u00e8s des populations. Prochaine escale : Makokou, dans la province de l\u2019Ogoou\u00e9-Ivindo, o\u00f9 un m\u00e9ga march\u00e9 itin\u00e9rant se tiendra du 24 au 26 ao\u00fbt 2026 au stade Alexandre Samba. L\u2019initiative s\u2019inscrit dans la politique de lutte [&hellip;]<\/p>\n","protected":false},"author":1,"featured_media":594,"comment_status":"open","ping_status":"open","sticky":false,"template":"","format":"standard","meta":{"footnotes":""},"categories":[7],"tags":[],"class_list":["post-591","post","type-post","status-publish","format-standard","has-post-thumbnail","hentry","category-economie"],"yoast_head":"<!-- This site is optimized with the Yoast SEO plugin v28.4 - https:\/\/yoast.com\/product\/yoast-seo-wordpress\/ -->\n<title>Makokou : les ogivins d\u00e9marrent la f\u00eate de la lib\u00e9ration avec le M\u00e9ga march\u00e9 de la CEAG !\u00a0 - le grand reporter<\/title>\n<meta name=\"robots\" content=\"index, follow, max-snippet:-1, max-image-preview:large, max-video-preview:-1\" \/>\n<link rel=\"canonical\" href=\"https:\/\/legrandreporter.net\/index.php\/2026\/08\/24\/makokou-les-ogivins-demarrent-la-fete-de-la-liberation-avec-le-mega-marche-de-la-ceag\/\" \/>\n<meta property=\"og:locale\" content=\"en_US\" \/>\n<meta property=\"og:type\" content=\"article\" \/>\n<meta property=\"og:title\" content=\"Makokou : les ogivins d\u00e9marrent la f\u00eate de la lib\u00e9ration avec le M\u00e9ga march\u00e9 de la CEAG !\u00a0 - le grand reporter\" \/>\n<meta property=\"og:description\" content=\"Apr\u00e8s Libreville, Port-Gentil et le grand Libreville, la Centrale d\u2019Achat du Gabon (CEAG) poursuit sa caravane commerciale au plus pr\u00e8s des populations. Prochaine escale : Makokou, dans la province de l\u2019Ogoou\u00e9-Ivindo, o\u00f9 un m\u00e9ga march\u00e9 itin\u00e9rant se tiendra du 24 au 26 ao\u00fbt 2026 au stade Alexandre Samba. L\u2019initiative s\u2019inscrit dans la politique de lutte [&hellip;]\" \/>\n<meta property=\"og:url\" content=\"https:\/\/legrandreporter.net\/index.php\/2026\/08\/24\/makokou-les-ogivins-demarrent-la-fete-de-la-liberation-avec-le-mega-marche-de-la-ceag\/\" \/>\n<meta property=\"og:site_name\" content=\"le grand reporter\" \/>\n<meta property=\"article:published_time\" content=\"2026-08-24T11:05:40+00:00\" \/>\n<meta property=\"article:modified_time\" content=\"2026-08-24T11:05:42+00:00\" \/>\n<meta property=\"og:image\" content=\"https:\/\/legrandreporter.net\/wp-content\/uploads\/2026\/08\/86dc34bb-b044-44e7-8710-2e3ed1ba84c1.jpeg\" \/>\n\t<meta property=\"og:image:width\" content=\"2560\" \/>\n\t<meta property=\"og:image:height\" content=\"1706\" \/>\n\t<meta property=\"og:image:type\" content=\"image\/jpeg\" \/>\n<meta name=\"author\" content=\"admin\" \/>\n<meta name=\"twitter:card\" content=\"summary_large_image\" \/>\n<meta name=\"twitter:label1\" content=\"Written by\" \/>\n\t<meta name=\"twitter:data1\" content=\"admin\" \/>\n\t<meta name=\"twitter:label2\" content=\"Est. reading time\" \/>\n\t<meta name=\"twitter:data2\" content=\"3 minutes\" \/>\n<script type=\"application\/ld+json\" class=\"yoast-schema-graph\">{\"@context\":\"https:\\\/\\\/schema.org\",\"@graph\":[{\"@type\":\"Article\",\"@id\":\"https:\\\/\\\/legrandreporter.net\\\/index.php\\\/2026\\\/08\\\/24\\\/makokou-les-ogivins-demarrent-la-fete-de-la-liberation-avec-le-mega-marche-de-la-ceag\\\/#article\",\"isPartOf\":{\"@id\":\"https:\\\/\\\/legrandreporter.net\\\/index.php\\\/2026\\\/08\\\/24\\\/makokou-les-ogivins-demarrent-la-fete-de-la-liberation-avec-le-mega-marche-de-la-ceag\\\/\"},\"author\":{\"name\":\"admin\",\"@id\":\"https:\\\/\\\/legrandreporter.net\\\/#\\\/schema\\\/person\\\/e8aa07c283464fa600509a24e4de05a4\"},\"headline\":\"Makokou : les ogivins d\u00e9marrent la f\u00eate de la lib\u00e9ration avec le M\u00e9ga march\u00e9 de la CEAG !\u00a0\",\"datePublished\":\"2026-08-24T11:05:40+00:00\",\"dateModified\":\"2026-08-24T11:05:42+00:00\",\"mainEntityOfPage\":{\"@id\":\"https:\\\/\\\/legrandreporter.net\\\/index.php\\\/2026\\\/08\\\/24\\\/makokou-les-ogivins-demarrent-la-fete-de-la-liberation-avec-le-mega-marche-de-la-ceag\\\/\"},\"wordCount\":480,\"commentCount\":0,\"image\":{\"@id\":\"https:\\\/\\\/legrandreporter.net\\\/index.php\\\/2026\\\/08\\\/24\\\/makokou-les-ogivins-demarrent-la-fete-de-la-liberation-avec-le-mega-marche-de-la-ceag\\\/#primaryimage\"},\"thumbnailUrl\":\"https:\\\/\\\/legrandreporter.net\\\/wp-content\\\/uploads\\\/2026\\\/08\\\/86dc34bb-b044-44e7-8710-2e3ed1ba84c1.jpeg\",\"articleSection\":[\"ECONOMIE\"],\"inLanguage\":\"en-US\",\"potentialAction\":[{\"@type\":\"CommentAction\",\"name\":\"Comment\",\"target\":[\"https:\\\/\\\/legrandreporter.net\\\/index.php\\\/2026\\\/08\\\/24\\\/makokou-les-ogivins-demarrent-la-fete-de-la-liberation-avec-le-mega-marche-de-la-ceag\\\/#respond\"]}]},{\"@type\":\"WebPage\",\"@id\":\"https:\\\/\\\/legrandreporter.net\\\/index.php\\\/2026\\\/08\\\/24\\\/makokou-les-ogivins-demarrent-la-fete-de-la-liberation-avec-le-mega-marche-de-la-ceag\\\/\",\"url\":\"https:\\\/\\\/legrandreporter.net\\\/index.php\\\/2026\\\/08\\\/24\\\/makokou-les-ogivins-demarrent-la-fete-de-la-liberation-avec-le-mega-marche-de-la-ceag\\\/\",\"name\":\"Makokou : les ogivins d\u00e9marrent la f\u00eate de la lib\u00e9ration avec le M\u00e9ga march\u00e9 de la CEAG !\u00a0 - le grand reporter\",\"isPartOf\":{\"@id\":\"https:\\\/\\\/legrandreporter.net\\\/#website\"},\"primaryImageOfPage\":{\"@id\":\"https:\\\/\\\/legrandreporter.net\\\/index.php\\\/2026\\\/08\\\/24\\\/makokou-les-ogivins-demarrent-la-fete-de-la-liberation-avec-le-mega-marche-de-la-ceag\\\/#primaryimage\"},\"image\":{\"@id\":\"https:\\\/\\\/legrandreporter.net\\\/index.php\\\/2026\\\/08\\\/24\\\/makokou-les-ogivins-demarrent-la-fete-de-la-liberation-avec-le-mega-marche-de-la-ceag\\\/#primaryimage\"},\"thumbnailUrl\":\"https:\\\/\\\/legrandreporter.net\\\/wp-content\\\/uploads\\\/2026\\\/08\\\/86dc34bb-b044-44e7-8710-2e3ed1ba84c1.jpeg\",\"datePublished\":\"2026-08-24T11:05:40+00:00\",\"dateModified\":\"2026-08-24T11:05:42+00:00\",\"author\":{\"@id\":\"https:\\\/\\\/legrandreporter.net\\\/#\\\/schema\\\/person\\\/e8aa07c283464fa600509a24e4de05a4\"},\"breadcrumb\":{\"@id\":\"https:\\\/\\\/legrandreporter.net\\\/index.php\\\/2026\\\/08\\\/24\\\/makokou-les-ogivins-demarrent-la-fete-de-la-liberation-avec-le-mega-marche-de-la-ceag\\\/#breadcrumb\"},\"inLanguage\":\"en-US\",\"potentialAction\":[{\"@type\":\"ReadAction\",\"target\":[\"https:\\\/\\\/legrandreporter.net\\\/index.php\\\/2026\\\/08\\\/24\\\/makokou-les-ogivins-demarrent-la-fete-de-la-liberation-avec-le-mega-marche-de-la-ceag\\\/\"]}]},{\"@type\":\"ImageObject\",\"inLanguage\":\"en-US\",\"@id\":\"https:\\\/\\\/legrandreporter.net\\\/index.php\\\/2026\\\/08\\\/24\\\/makokou-les-ogivins-demarrent-la-fete-de-la-liberation-avec-le-mega-marche-de-la-ceag\\\/#primaryimage\",\"url\":\"https:\\\/\\\/legrandreporter.net\\\/wp-content\\\/uploads\\\/2026\\\/08\\\/86dc34bb-b044-44e7-8710-2e3ed1ba84c1.jpeg\",\"contentUrl\":\"https:\\\/\\\/legrandreporter.net\\\/wp-content\\\/uploads\\\/2026\\\/08\\\/86dc34bb-b044-44e7-8710-2e3ed1ba84c1.jpeg\",\"width\":2560,\"height\":1706},{\"@type\":\"BreadcrumbList\",\"@id\":\"https:\\\/\\\/legrandreporter.net\\\/index.php\\\/2026\\\/08\\\/24\\\/makokou-les-ogivins-demarrent-la-fete-de-la-liberation-avec-le-mega-marche-de-la-ceag\\\/#breadcrumb\",\"itemListElement\":[{\"@type\":\"ListItem\",\"position\":1,\"name\":\"Home\",\"item\":\"https:\\\/\\\/legrandreporter.net\\\/\"},{\"@type\":\"ListItem\",\"position\":2,\"name\":\"Makokou : les ogivins d\u00e9marrent la f\u00eate de la lib\u00e9ration avec le M\u00e9ga march\u00e9 de la CEAG !\u00a0\"}]},{\"@type\":\"WebSite\",\"@id\":\"https:\\\/\\\/legrandreporter.net\\\/#website\",\"url\":\"https:\\\/\\\/legrandreporter.net\\\/\",\"name\":\"le grand reporter\",\"description\":\"L&#039;information sans fronti\u00e8res \",\"potentialAction\":[{\"@type\":\"SearchAction\",\"target\":{\"@type\":\"EntryPoint\",\"urlTemplate\":\"https:\\\/\\\/legrandreporter.net\\\/?s={search_term_string}\"},\"query-input\":{\"@type\":\"PropertyValueSpecification\",\"valueRequired\":true,\"valueName\":\"search_term_string\"}}],\"inLanguage\":\"en-US\"},{\"@type\":\"Person\",\"@id\":\"https:\\\/\\\/legrandreporter.net\\\/#\\\/schema\\\/person\\\/e8aa07c283464fa600509a24e4de05a4\",\"name\":\"admin\",\"image\":{\"@type\":\"ImageObject\",\"inLanguage\":\"en-US\",\"@id\":\"https:\\\/\\\/secure.gravatar.com\\\/avatar\\\/e741354a999001bf2381f32f080f9718157eaaa8510756b39bead01f99e50f81?s=96&d=mm&r=g\",\"url\":\"https:\\\/\\\/secure.gravatar.com\\\/avatar\\\/e741354a999001bf2381f32f080f9718157eaaa8510756b39bead01f99e50f81?s=96&d=mm&r=g\",\"contentUrl\":\"https:\\\/\\\/secure.gravatar.com\\\/avatar\\\/e741354a999001bf2381f32f080f9718157eaaa8510756b39bead01f99e50f81?s=96&d=mm&r=g\",\"caption\":\"admin\"},\"sameAs\":[\"https:\\\/\\\/legrandreporter.net\"],\"url\":\"https:\\\/\\\/legrandreporter.net\\\/index.php\\\/author\\\/admin\\\/\"}]}<\/script>\n<!-- \/ Yoast SEO plugin. -->","yoast_head_json":{"title":"Makokou : les ogivins d\u00e9marrent la f\u00eate de la lib\u00e9ration avec le M\u00e9ga march\u00e9 de la CEAG !\u00a0 - le grand reporter","robots":{"index":"index","follow":"follow","max-snippet":"max-snippet:-1","max-image-preview":"max-image-preview:large","max-video-preview":"max-video-preview:-1"},"canonical":"https:\/\/legrandreporter.net\/index.php\/2026\/08\/24\/makokou-les-ogivins-demarrent-la-fete-de-la-liberation-avec-le-mega-marche-de-la-ceag\/","og_locale":"en_US","og_type":"article","og_title":"Makokou : les ogivins d\u00e9marrent la f\u00eate de la lib\u00e9ration avec le M\u00e9ga march\u00e9 de la CEAG !\u00a0 - le grand reporter","og_description":"Apr\u00e8s Libreville, Port-Gentil et le grand Libreville, la Centrale d\u2019Achat du Gabon (CEAG) poursuit sa caravane commerciale au plus pr\u00e8s des populations. Prochaine escale : Makokou, dans la province de l\u2019Ogoou\u00e9-Ivindo, o\u00f9 un m\u00e9ga march\u00e9 itin\u00e9rant se tiendra du 24 au 26 ao\u00fbt 2026 au stade Alexandre Samba. L\u2019initiative s\u2019inscrit dans la politique de lutte [&hellip;]","og_url":"https:\/\/legrandreporter.net\/index.php\/2026\/08\/24\/makokou-les-ogivins-demarrent-la-fete-de-la-liberation-avec-le-mega-marche-de-la-ceag\/","og_site_name":"le grand reporter","article_published_time":"2026-08-24T11:05:40+00:00","article_modified_time":"2026-08-24T11:05:42+00:00","og_image":[{"width":2560,"height":1706,"url":"https:\/\/legrandreporter.net\/wp-content\/uploads\/2026\/08\/86dc34bb-b044-44e7-8710-2e3ed1ba84c1.jpeg","type":"image\/jpeg"}],"author":"admin","twitter_card":"summary_large_image","twitter_misc":{"Written by":"admin","Est. reading time":"3 minutes"},"schema":{"@context":"https:\/\/schema.org","@graph":[{"@type":"Article","@id":"https:\/\/legrandreporter.net\/index.php\/2026\/08\/24\/makokou-les-ogivins-demarrent-la-fete-de-la-liberation-avec-le-mega-marche-de-la-ceag\/#article","isPartOf":{"@id":"https:\/\/legrandreporter.net\/index.php\/2026\/08\/24\/makokou-les-ogivins-demarrent-la-fete-de-la-liberation-avec-le-mega-marche-de-la-ceag\/"},"author":{"name":"admin","@id":"https:\/\/legrandreporter.net\/#\/schema\/person\/e8aa07c283464fa600509a24e4de05a4"},"headline":"Makokou : les ogivins d\u00e9marrent la f\u00eate de la lib\u00e9ration avec le M\u00e9ga march\u00e9 de la CEAG !\u00a0","datePublished":"2026-08-24T11:05:40+00:00","dateModified":"2026-08-24T11:05:42+00:00","mainEntityOfPage":{"@id":"https:\/\/legrandreporter.net\/index.php\/2026\/08\/24\/makokou-les-ogivins-demarrent-la-fete-de-la-liberation-avec-le-mega-marche-de-la-ceag\/"},"wordCount":480,"commentCount":0,"image":{"@id":"https:\/\/legrandreporter.net\/index.php\/2026\/08\/24\/makokou-les-ogivins-demarrent-la-fete-de-la-liberation-avec-le-mega-marche-de-la-ceag\/#primaryimage"},"thumbnailUrl":"https:\/\/legrandreporter.net\/wp-content\/uploads\/2026\/08\/86dc34bb-b044-44e7-8710-2e3ed1ba84c1.jpeg","articleSection":["ECONOMIE"],"inLanguage":"en-US","potentialAction":[{"@type":"CommentAction","name":"Comment","target":["https:\/\/legrandreporter.net\/index.php\/2026\/08\/24\/makokou-les-ogivins-demarrent-la-fete-de-la-liberation-avec-le-mega-marche-de-la-ceag\/#respond"]}]},{"@type":"WebPage","@id":"https:\/\/legrandreporter.net\/index.php\/2026\/08\/24\/makokou-les-ogivins-demarrent-la-fete-de-la-liberation-avec-le-mega-marche-de-la-ceag\/","url":"https:\/\/legrandreporter.net\/index.php\/2026\/08\/24\/makokou-les-ogivins-demarrent-la-fete-de-la-liberation-avec-le-mega-marche-de-la-ceag\/","name":"Makokou : les ogivins d\u00e9marrent la f\u00eate de la lib\u00e9ration avec le M\u00e9ga march\u00e9 de la CEAG !\u00a0 - le grand reporter","isPartOf":{"@id":"https:\/\/legrandreporter.net\/#website"},"primaryImageOfPage":{"@id":"https:\/\/legrandreporter.net\/index.php\/2026\/08\/24\/makokou-les-ogivins-demarrent-la-fete-de-la-liberation-avec-le-mega-marche-de-la-ceag\/#primaryimage"},"image":{"@id":"https:\/\/legrandreporter.net\/index.php\/2026\/08\/24\/makokou-les-ogivins-demarrent-la-fete-de-la-liberation-avec-le-mega-marche-de-la-ceag\/#primaryimage"},"thumbnailUrl":"https:\/\/legrandreporter.net\/wp-content\/uploads\/2026\/08\/86dc34bb-b044-44e7-8710-2e3ed1ba84c1.jpeg","datePublished":"2026-08-24T11:05:40+00:00","dateModified":"2026-08-24T11:05:42+00:00","author":{"@id":"https:\/\/legrandreporter.net\/#\/schema\/person\/e8aa07c283464fa600509a24e4de05a4"},"breadcrumb":{"@id":"https:\/\/legrandreporter.net\/index.php\/2026\/08\/24\/makokou-les-ogivins-demarrent-la-fete-de-la-liberation-avec-le-mega-marche-de-la-ceag\/#breadcrumb"},"inLanguage":"en-US","potentialAction":[{"@type":"ReadAction","target":["https:\/\/legrandreporter.net\/index.php\/2026\/08\/24\/makokou-les-ogivins-demarrent-la-fete-de-la-liberation-avec-le-mega-marche-de-la-ceag\/"]}]},{"@type":"ImageObject","inLanguage":"en-US","@id":"https:\/\/legrandreporter.net\/index.php\/2026\/08\/24\/makokou-les-ogivins-demarrent-la-fete-de-la-liberation-avec-le-mega-marche-de-la-ceag\/#primaryimage","url":"https:\/\/legrandreporter.net\/wp-content\/uploads\/2026\/08\/86dc34bb-b044-44e7-8710-2e3ed1ba84c1.jpeg","contentUrl":"https:\/\/legrandreporter.net\/wp-content\/uploads\/2026\/08\/86dc34bb-b044-44e7-8710-2e3ed1ba84c1.jpeg","width":2560,"height":1706},{"@type":"BreadcrumbList","@id":"https:\/\/legrandreporter.net\/index.php\/2026\/08\/24\/makokou-les-ogivins-demarrent-la-fete-de-la-liberation-avec-le-mega-marche-de-la-ceag\/#breadcrumb","itemListElement":[{"@type":"ListItem","position":1,"name":"Home","item":"https:\/\/legrandreporter.net\/"},{"@type":"ListItem","position":2,"name":"Makokou : les ogivins d\u00e9marrent la f\u00eate de la lib\u00e9ration avec le M\u00e9ga march\u00e9 de la CEAG !\u00a0"}]},{"@type":"WebSite","@id":"https:\/\/legrandreporter.net\/#website","url":"https:\/\/legrandreporter.net\/","name":"le grand reporter","description":"L&#039;information sans fronti\u00e8res ","potentialAction":[{"@type":"SearchAction","target":{"@type":"EntryPoint","urlTemplate":"https:\/\/legrandreporter.net\/?s={search_term_string}"},"query-input":{"@type":"PropertyValueSpecification","valueRequired":true,"valueName":"search_term_string"}}],"inLanguage":"en-US"},{"@type":"Person","@id":"https:\/\/legrandreporter.net\/#\/schema\/person\/e8aa07c283464fa600509a24e4de05a4","name":"admin","image":{"@type":"ImageObject","inLanguage":"en-US","@id":"https:\/\/secure.gravatar.com\/avatar\/e741354a999001bf2381f32f080f9718157eaaa8510756b39bead01f99e50f81?s=96&d=mm&r=g","url":"https:\/\/secure.gravatar.com\/avatar\/e741354a999001bf2381f32f080f9718157eaaa8510756b39bead01f99e50f81?s=96&d=mm&r=g","contentUrl":"https:\/\/secure.gravatar.com\/avatar\/e741354a999001bf2381f32f080f9718157eaaa8510756b39bead01f99e50f81?s=96&d=mm&r=g","caption":"admin"},"sameAs":["https:\/\/legrandreporter.net"],"url":"https:\/\/legrandreporter.net\/index.php\/author\/admin\/"}]}},"_links":{"self":[{"href":"https:\/\/legrandreporter.net\/index.php\/wp-json\/wp\/v2\/posts\/591","targetHints":{"allow":["GET"]}}],"collection":[{"href":"https:\/\/legrandreporter.net\/index.php\/wp-json\/wp\/v2\/posts"}],"about":[{"href":"https:\/\/legrandreporter.net\/index.php\/wp-json\/wp\/v2\/types\/post"}],"author":[{"embeddable":true,"href":"https:\/\/legrandreporter.net\/index.php\/wp-json\/wp\/v2\/users\/1"}],"replies":[{"embeddable":true,"href":"https:\/\/legrandreporter.net\/index.php\/wp-json\/wp\/v2\/comments?post=591"}],"version-history":[{"count":1,"href":"https:\/\/legrandreporter.net\/index.php\/wp-json\/wp\/v2\/posts\/591\/revisions"}],"predecessor-version":[{"id":595,"href":"https:\/\/legrandreporter.net\/index.php\/wp-json\/wp\/v2\/posts\/591\/revisions\/595"}],"wp:featuredmedia":[{"embeddable":true,"href":"https:\/\/legrandreporter.net\/index.php\/wp-json\/wp\/v2\/media\/594"}],"wp:attachment":[{"href":"https:\/\/legrandreporter.net\/index.php\/wp-json\/wp\/v2\/media?parent=591"}],"wp:term":[{"taxonomy":"category","embeddable":true,"href":"https:\/\/legrandreporter.net\/index.php\/wp-json\/wp\/v2\/categories?post=591"},{"taxonomy":"post_tag","embeddable":true,"href":"https:\/\/legrandreporter.net\/index.php\/wp-json\/wp\/v2\/tags?post=591"}],"curies":[{"name":"wp","href":"https:\/\/api.w.org\/{rel}","templated":true}]}}