{"id":612,"date":"2026-08-24T23:55:27","date_gmt":"2026-08-24T21:55:27","guid":{"rendered":"https:\/\/legrandreporter.net\/?p=612"},"modified":"2026-08-24T23:55:30","modified_gmt":"2026-08-24T21:55:30","slug":"fete-des-cultures-un-bilan-plus-ou-moins-satisfaisant","status":"publish","type":"post","link":"https:\/\/legrandreporter.net\/index.php\/2026\/08\/24\/fete-des-cultures-un-bilan-plus-ou-moins-satisfaisant\/","title":{"rendered":"F\u00eate des cultures : un bilan plus ou moins satisfaisant !\u00a0"},"content":{"rendered":"\n<p class=\"wp-block-paragraph\"><strong>Durant trois jours, les librevillois se sont ru\u00e9s \u00e0 l\u2019avenue Jean-Paul II, afin d\u2019assister \u00e0 la 15\u1d49 \u00e9dition de la F\u00eate des Cultures.&nbsp; Et ce, apr\u00e8s plusieurs ann\u00e9es d\u2019interruption, ce rendez-vous culturel a marqu\u00e9 le retour d\u2019une manifestation embl\u00e9matique, r\u00e9unissant les diff\u00e9rentes composantes du patrimoine culturel du Gabon.&nbsp;<\/strong><\/p>\n\n\n\n<p class=\"wp-block-paragraph\">Du 21 au 23 ao\u00fbt, les neuf provinces du pays ont \u00e9t\u00e9 mises \u00e0 l\u2019honneur \u00e0 travers la musique, la danse, l\u2019artisanat, la gastronomie, les costumes et les traditions. Avec La R\u00e9publique s\u0153ur du S\u00e9n\u00e9gal comme pays invit\u00e9 d\u2019honneur a \u00e9galement permis d\u2019\u00e9largir les \u00e9changes et de donner \u00e0 cette \u00e9dition une dimension africaine.<\/p>\n\n\n\n<p class=\"wp-block-paragraph\">Le premier enseignement de cette \u00e9dition est la capacit\u00e9 de la culture \u00e0 rassembler. La diversit\u00e9 des expressions pr\u00e9sent\u00e9es a permis de rappeler que les particularit\u00e9s provinciales constituent une richesse pour le Gabon et peuvent contribuer \u00e0 renforcer le sentiment d\u2019appartenance \u00e0 une m\u00eame nation.<\/p>\n\n\n\n<p class=\"wp-block-paragraph\">L\u2019\u00e9v\u00e9nement a \u00e9galement offert une vitrine aux artistes, artisans, cr\u00e9ateurs et autres acteurs du secteur culturel. Il a ainsi contribu\u00e9 \u00e0 mettre en lumi\u00e8re le potentiel \u00e9conomique de la culture, notamment dans l\u2019artisanat, la gastronomie, la cr\u00e9ation artistique et le tourisme.<\/p>\n\n\n\n<p class=\"wp-block-paragraph\">Le retour du \u00ab Bal des Anciens \u00bb a par ailleurs favoris\u00e9 la transmission entre g\u00e9n\u00e9rations, en permettant au public de red\u00e9couvrir des figures et des expressions importantes du patrimoine musical gabonais. Et ce, malgr\u00e9 plusieurs maladresses techniques qui ont plomb\u00e9 les diff\u00e9rentes prestations artistiques.&nbsp;<\/p>\n\n\n\n<p class=\"wp-block-paragraph\">Par ailleurs, la nouvelle \u00e9quipe dirigeante du minist\u00e8re de la Culture doit \u00e9galement multiplier les m\u00e9canismes et strat\u00e9gies avant de mieux valoriser les cr\u00e9ateurs des \u0153uvres de l\u2019esprit. Aussi, les acteurs culturels doivent \u00eatre davantage accompagn\u00e9s. Et ce, d\u2019autant plus que la culture repr\u00e9sente un secteur \u00e9conomique \u00e0 part enti\u00e8re, capable de cr\u00e9er des emplois et de contribuer au d\u00e9veloppement local.<\/p>\n\n\n\n<p class=\"wp-block-paragraph\">Pour conclure, cette 15\u1d49 \u00e9dition semble \u00eatre&nbsp; un nouveau d\u00e9part. Cependant, le d\u00e9fi est d\u00e9sormais de transformer l\u2019engouement suscit\u00e9 par ces trois jours en actions durables. La culture ne doit pas seulement \u00eatre c\u00e9l\u00e9br\u00e9e ; elle doit \u00eatre transmise, prot\u00e9g\u00e9e, professionnalis\u00e9e et valoris\u00e9e comme un v\u00e9ritable levier de d\u00e9veloppement du Gabon.<\/p>\n\n\n\n<p class=\"wp-block-paragraph\"><\/p>\n","protected":false},"excerpt":{"rendered":"<p>Durant trois jours, les librevillois se sont ru\u00e9s \u00e0 l\u2019avenue Jean-Paul II, afin d\u2019assister \u00e0 la 15\u1d49 \u00e9dition de la F\u00eate des Cultures.&nbsp; Et ce, apr\u00e8s plusieurs ann\u00e9es d\u2019interruption, ce rendez-vous culturel a marqu\u00e9 le retour d\u2019une manifestation embl\u00e9matique, r\u00e9unissant les diff\u00e9rentes composantes du patrimoine culturel du Gabon.&nbsp; Du 21 au 23 ao\u00fbt, les neuf [&hellip;]<\/p>\n","protected":false},"author":1,"featured_media":613,"comment_status":"open","ping_status":"open","sticky":false,"template":"","format":"standard","meta":{"footnotes":""},"categories":[5],"tags":[],"class_list":["post-612","post","type-post","status-publish","format-standard","has-post-thumbnail","hentry","category-societe"],"yoast_head":"<!-- This site is optimized with the Yoast SEO plugin v28.4 - https:\/\/yoast.com\/product\/yoast-seo-wordpress\/ -->\n<title>F\u00eate des cultures : un bilan plus ou moins satisfaisant !\u00a0 - le grand reporter<\/title>\n<meta name=\"robots\" content=\"index, follow, max-snippet:-1, max-image-preview:large, max-video-preview:-1\" \/>\n<link rel=\"canonical\" href=\"https:\/\/legrandreporter.net\/index.php\/2026\/08\/24\/fete-des-cultures-un-bilan-plus-ou-moins-satisfaisant\/\" \/>\n<meta property=\"og:locale\" content=\"en_US\" \/>\n<meta property=\"og:type\" content=\"article\" \/>\n<meta property=\"og:title\" content=\"F\u00eate des cultures : un bilan plus ou moins satisfaisant !\u00a0 - le grand reporter\" \/>\n<meta property=\"og:description\" content=\"Durant trois jours, les librevillois se sont ru\u00e9s \u00e0 l\u2019avenue Jean-Paul II, afin d\u2019assister \u00e0 la 15\u1d49 \u00e9dition de la F\u00eate des Cultures.&nbsp; Et ce, apr\u00e8s plusieurs ann\u00e9es d\u2019interruption, ce rendez-vous culturel a marqu\u00e9 le retour d\u2019une manifestation embl\u00e9matique, r\u00e9unissant les diff\u00e9rentes composantes du patrimoine culturel du Gabon.&nbsp; Du 21 au 23 ao\u00fbt, les neuf [&hellip;]\" \/>\n<meta property=\"og:url\" content=\"https:\/\/legrandreporter.net\/index.php\/2026\/08\/24\/fete-des-cultures-un-bilan-plus-ou-moins-satisfaisant\/\" \/>\n<meta property=\"og:site_name\" content=\"le grand reporter\" \/>\n<meta property=\"article:published_time\" content=\"2026-08-24T21:55:27+00:00\" \/>\n<meta property=\"article:modified_time\" content=\"2026-08-24T21:55:30+00:00\" \/>\n<meta property=\"og:image\" content=\"https:\/\/legrandreporter.net\/wp-content\/uploads\/2026\/08\/bf1a345f-f61f-44cd-8e66-af42e67e104b.jpeg\" \/>\n\t<meta property=\"og:image:width\" content=\"960\" \/>\n\t<meta property=\"og:image:height\" content=\"1280\" \/>\n\t<meta property=\"og:image:type\" content=\"image\/jpeg\" \/>\n<meta name=\"author\" content=\"admin\" \/>\n<meta name=\"twitter:card\" content=\"summary_large_image\" \/>\n<meta name=\"twitter:label1\" content=\"Written by\" \/>\n\t<meta name=\"twitter:data1\" content=\"admin\" \/>\n\t<meta name=\"twitter:label2\" content=\"Est. reading time\" \/>\n\t<meta name=\"twitter:data2\" content=\"2 minutes\" \/>\n<script type=\"application\/ld+json\" class=\"yoast-schema-graph\">{\"@context\":\"https:\\\/\\\/schema.org\",\"@graph\":[{\"@type\":\"Article\",\"@id\":\"https:\\\/\\\/legrandreporter.net\\\/index.php\\\/2026\\\/08\\\/24\\\/fete-des-cultures-un-bilan-plus-ou-moins-satisfaisant\\\/#article\",\"isPartOf\":{\"@id\":\"https:\\\/\\\/legrandreporter.net\\\/index.php\\\/2026\\\/08\\\/24\\\/fete-des-cultures-un-bilan-plus-ou-moins-satisfaisant\\\/\"},\"author\":{\"name\":\"admin\",\"@id\":\"https:\\\/\\\/legrandreporter.net\\\/#\\\/schema\\\/person\\\/e8aa07c283464fa600509a24e4de05a4\"},\"headline\":\"F\u00eate des cultures : un bilan plus ou moins satisfaisant !\u00a0\",\"datePublished\":\"2026-08-24T21:55:27+00:00\",\"dateModified\":\"2026-08-24T21:55:30+00:00\",\"mainEntityOfPage\":{\"@id\":\"https:\\\/\\\/legrandreporter.net\\\/index.php\\\/2026\\\/08\\\/24\\\/fete-des-cultures-un-bilan-plus-ou-moins-satisfaisant\\\/\"},\"wordCount\":401,\"commentCount\":0,\"image\":{\"@id\":\"https:\\\/\\\/legrandreporter.net\\\/index.php\\\/2026\\\/08\\\/24\\\/fete-des-cultures-un-bilan-plus-ou-moins-satisfaisant\\\/#primaryimage\"},\"thumbnailUrl\":\"https:\\\/\\\/legrandreporter.net\\\/wp-content\\\/uploads\\\/2026\\\/08\\\/bf1a345f-f61f-44cd-8e66-af42e67e104b.jpeg\",\"articleSection\":[\"SOCI\u00c9T\u00c9\"],\"inLanguage\":\"en-US\",\"potentialAction\":[{\"@type\":\"CommentAction\",\"name\":\"Comment\",\"target\":[\"https:\\\/\\\/legrandreporter.net\\\/index.php\\\/2026\\\/08\\\/24\\\/fete-des-cultures-un-bilan-plus-ou-moins-satisfaisant\\\/#respond\"]}]},{\"@type\":\"WebPage\",\"@id\":\"https:\\\/\\\/legrandreporter.net\\\/index.php\\\/2026\\\/08\\\/24\\\/fete-des-cultures-un-bilan-plus-ou-moins-satisfaisant\\\/\",\"url\":\"https:\\\/\\\/legrandreporter.net\\\/index.php\\\/2026\\\/08\\\/24\\\/fete-des-cultures-un-bilan-plus-ou-moins-satisfaisant\\\/\",\"name\":\"F\u00eate des cultures : un bilan plus ou moins satisfaisant !\u00a0 - le grand reporter\",\"isPartOf\":{\"@id\":\"https:\\\/\\\/legrandreporter.net\\\/#website\"},\"primaryImageOfPage\":{\"@id\":\"https:\\\/\\\/legrandreporter.net\\\/index.php\\\/2026\\\/08\\\/24\\\/fete-des-cultures-un-bilan-plus-ou-moins-satisfaisant\\\/#primaryimage\"},\"image\":{\"@id\":\"https:\\\/\\\/legrandreporter.net\\\/index.php\\\/2026\\\/08\\\/24\\\/fete-des-cultures-un-bilan-plus-ou-moins-satisfaisant\\\/#primaryimage\"},\"thumbnailUrl\":\"https:\\\/\\\/legrandreporter.net\\\/wp-content\\\/uploads\\\/2026\\\/08\\\/bf1a345f-f61f-44cd-8e66-af42e67e104b.jpeg\",\"datePublished\":\"2026-08-24T21:55:27+00:00\",\"dateModified\":\"2026-08-24T21:55:30+00:00\",\"author\":{\"@id\":\"https:\\\/\\\/legrandreporter.net\\\/#\\\/schema\\\/person\\\/e8aa07c283464fa600509a24e4de05a4\"},\"breadcrumb\":{\"@id\":\"https:\\\/\\\/legrandreporter.net\\\/index.php\\\/2026\\\/08\\\/24\\\/fete-des-cultures-un-bilan-plus-ou-moins-satisfaisant\\\/#breadcrumb\"},\"inLanguage\":\"en-US\",\"potentialAction\":[{\"@type\":\"ReadAction\",\"target\":[\"https:\\\/\\\/legrandreporter.net\\\/index.php\\\/2026\\\/08\\\/24\\\/fete-des-cultures-un-bilan-plus-ou-moins-satisfaisant\\\/\"]}]},{\"@type\":\"ImageObject\",\"inLanguage\":\"en-US\",\"@id\":\"https:\\\/\\\/legrandreporter.net\\\/index.php\\\/2026\\\/08\\\/24\\\/fete-des-cultures-un-bilan-plus-ou-moins-satisfaisant\\\/#primaryimage\",\"url\":\"https:\\\/\\\/legrandreporter.net\\\/wp-content\\\/uploads\\\/2026\\\/08\\\/bf1a345f-f61f-44cd-8e66-af42e67e104b.jpeg\",\"contentUrl\":\"https:\\\/\\\/legrandreporter.net\\\/wp-content\\\/uploads\\\/2026\\\/08\\\/bf1a345f-f61f-44cd-8e66-af42e67e104b.jpeg\",\"width\":960,\"height\":1280},{\"@type\":\"BreadcrumbList\",\"@id\":\"https:\\\/\\\/legrandreporter.net\\\/index.php\\\/2026\\\/08\\\/24\\\/fete-des-cultures-un-bilan-plus-ou-moins-satisfaisant\\\/#breadcrumb\",\"itemListElement\":[{\"@type\":\"ListItem\",\"position\":1,\"name\":\"Home\",\"item\":\"https:\\\/\\\/legrandreporter.net\\\/\"},{\"@type\":\"ListItem\",\"position\":2,\"name\":\"F\u00eate des cultures : un bilan plus ou moins satisfaisant !\u00a0\"}]},{\"@type\":\"WebSite\",\"@id\":\"https:\\\/\\\/legrandreporter.net\\\/#website\",\"url\":\"https:\\\/\\\/legrandreporter.net\\\/\",\"name\":\"le grand reporter\",\"description\":\"L&#039;information sans fronti\u00e8res \",\"potentialAction\":[{\"@type\":\"SearchAction\",\"target\":{\"@type\":\"EntryPoint\",\"urlTemplate\":\"https:\\\/\\\/legrandreporter.net\\\/?s={search_term_string}\"},\"query-input\":{\"@type\":\"PropertyValueSpecification\",\"valueRequired\":true,\"valueName\":\"search_term_string\"}}],\"inLanguage\":\"en-US\"},{\"@type\":\"Person\",\"@id\":\"https:\\\/\\\/legrandreporter.net\\\/#\\\/schema\\\/person\\\/e8aa07c283464fa600509a24e4de05a4\",\"name\":\"admin\",\"image\":{\"@type\":\"ImageObject\",\"inLanguage\":\"en-US\",\"@id\":\"https:\\\/\\\/secure.gravatar.com\\\/avatar\\\/e741354a999001bf2381f32f080f9718157eaaa8510756b39bead01f99e50f81?s=96&d=mm&r=g\",\"url\":\"https:\\\/\\\/secure.gravatar.com\\\/avatar\\\/e741354a999001bf2381f32f080f9718157eaaa8510756b39bead01f99e50f81?s=96&d=mm&r=g\",\"contentUrl\":\"https:\\\/\\\/secure.gravatar.com\\\/avatar\\\/e741354a999001bf2381f32f080f9718157eaaa8510756b39bead01f99e50f81?s=96&d=mm&r=g\",\"caption\":\"admin\"},\"sameAs\":[\"https:\\\/\\\/legrandreporter.net\"],\"url\":\"https:\\\/\\\/legrandreporter.net\\\/index.php\\\/author\\\/admin\\\/\"}]}<\/script>\n<!-- \/ Yoast SEO plugin. -->","yoast_head_json":{"title":"F\u00eate des cultures : un bilan plus ou moins satisfaisant !\u00a0 - le grand reporter","robots":{"index":"index","follow":"follow","max-snippet":"max-snippet:-1","max-image-preview":"max-image-preview:large","max-video-preview":"max-video-preview:-1"},"canonical":"https:\/\/legrandreporter.net\/index.php\/2026\/08\/24\/fete-des-cultures-un-bilan-plus-ou-moins-satisfaisant\/","og_locale":"en_US","og_type":"article","og_title":"F\u00eate des cultures : un bilan plus ou moins satisfaisant !\u00a0 - le grand reporter","og_description":"Durant trois jours, les librevillois se sont ru\u00e9s \u00e0 l\u2019avenue Jean-Paul II, afin d\u2019assister \u00e0 la 15\u1d49 \u00e9dition de la F\u00eate des Cultures.&nbsp; Et ce, apr\u00e8s plusieurs ann\u00e9es d\u2019interruption, ce rendez-vous culturel a marqu\u00e9 le retour d\u2019une manifestation embl\u00e9matique, r\u00e9unissant les diff\u00e9rentes composantes du patrimoine culturel du Gabon.&nbsp; Du 21 au 23 ao\u00fbt, les neuf [&hellip;]","og_url":"https:\/\/legrandreporter.net\/index.php\/2026\/08\/24\/fete-des-cultures-un-bilan-plus-ou-moins-satisfaisant\/","og_site_name":"le grand reporter","article_published_time":"2026-08-24T21:55:27+00:00","article_modified_time":"2026-08-24T21:55:30+00:00","og_image":[{"width":960,"height":1280,"url":"https:\/\/legrandreporter.net\/wp-content\/uploads\/2026\/08\/bf1a345f-f61f-44cd-8e66-af42e67e104b.jpeg","type":"image\/jpeg"}],"author":"admin","twitter_card":"summary_large_image","twitter_misc":{"Written by":"admin","Est. reading time":"2 minutes"},"schema":{"@context":"https:\/\/schema.org","@graph":[{"@type":"Article","@id":"https:\/\/legrandreporter.net\/index.php\/2026\/08\/24\/fete-des-cultures-un-bilan-plus-ou-moins-satisfaisant\/#article","isPartOf":{"@id":"https:\/\/legrandreporter.net\/index.php\/2026\/08\/24\/fete-des-cultures-un-bilan-plus-ou-moins-satisfaisant\/"},"author":{"name":"admin","@id":"https:\/\/legrandreporter.net\/#\/schema\/person\/e8aa07c283464fa600509a24e4de05a4"},"headline":"F\u00eate des cultures : un bilan plus ou moins satisfaisant !\u00a0","datePublished":"2026-08-24T21:55:27+00:00","dateModified":"2026-08-24T21:55:30+00:00","mainEntityOfPage":{"@id":"https:\/\/legrandreporter.net\/index.php\/2026\/08\/24\/fete-des-cultures-un-bilan-plus-ou-moins-satisfaisant\/"},"wordCount":401,"commentCount":0,"image":{"@id":"https:\/\/legrandreporter.net\/index.php\/2026\/08\/24\/fete-des-cultures-un-bilan-plus-ou-moins-satisfaisant\/#primaryimage"},"thumbnailUrl":"https:\/\/legrandreporter.net\/wp-content\/uploads\/2026\/08\/bf1a345f-f61f-44cd-8e66-af42e67e104b.jpeg","articleSection":["SOCI\u00c9T\u00c9"],"inLanguage":"en-US","potentialAction":[{"@type":"CommentAction","name":"Comment","target":["https:\/\/legrandreporter.net\/index.php\/2026\/08\/24\/fete-des-cultures-un-bilan-plus-ou-moins-satisfaisant\/#respond"]}]},{"@type":"WebPage","@id":"https:\/\/legrandreporter.net\/index.php\/2026\/08\/24\/fete-des-cultures-un-bilan-plus-ou-moins-satisfaisant\/","url":"https:\/\/legrandreporter.net\/index.php\/2026\/08\/24\/fete-des-cultures-un-bilan-plus-ou-moins-satisfaisant\/","name":"F\u00eate des cultures : un bilan plus ou moins satisfaisant !\u00a0 - le grand reporter","isPartOf":{"@id":"https:\/\/legrandreporter.net\/#website"},"primaryImageOfPage":{"@id":"https:\/\/legrandreporter.net\/index.php\/2026\/08\/24\/fete-des-cultures-un-bilan-plus-ou-moins-satisfaisant\/#primaryimage"},"image":{"@id":"https:\/\/legrandreporter.net\/index.php\/2026\/08\/24\/fete-des-cultures-un-bilan-plus-ou-moins-satisfaisant\/#primaryimage"},"thumbnailUrl":"https:\/\/legrandreporter.net\/wp-content\/uploads\/2026\/08\/bf1a345f-f61f-44cd-8e66-af42e67e104b.jpeg","datePublished":"2026-08-24T21:55:27+00:00","dateModified":"2026-08-24T21:55:30+00:00","author":{"@id":"https:\/\/legrandreporter.net\/#\/schema\/person\/e8aa07c283464fa600509a24e4de05a4"},"breadcrumb":{"@id":"https:\/\/legrandreporter.net\/index.php\/2026\/08\/24\/fete-des-cultures-un-bilan-plus-ou-moins-satisfaisant\/#breadcrumb"},"inLanguage":"en-US","potentialAction":[{"@type":"ReadAction","target":["https:\/\/legrandreporter.net\/index.php\/2026\/08\/24\/fete-des-cultures-un-bilan-plus-ou-moins-satisfaisant\/"]}]},{"@type":"ImageObject","inLanguage":"en-US","@id":"https:\/\/legrandreporter.net\/index.php\/2026\/08\/24\/fete-des-cultures-un-bilan-plus-ou-moins-satisfaisant\/#primaryimage","url":"https:\/\/legrandreporter.net\/wp-content\/uploads\/2026\/08\/bf1a345f-f61f-44cd-8e66-af42e67e104b.jpeg","contentUrl":"https:\/\/legrandreporter.net\/wp-content\/uploads\/2026\/08\/bf1a345f-f61f-44cd-8e66-af42e67e104b.jpeg","width":960,"height":1280},{"@type":"BreadcrumbList","@id":"https:\/\/legrandreporter.net\/index.php\/2026\/08\/24\/fete-des-cultures-un-bilan-plus-ou-moins-satisfaisant\/#breadcrumb","itemListElement":[{"@type":"ListItem","position":1,"name":"Home","item":"https:\/\/legrandreporter.net\/"},{"@type":"ListItem","position":2,"name":"F\u00eate des cultures : un bilan plus ou moins satisfaisant !\u00a0"}]},{"@type":"WebSite","@id":"https:\/\/legrandreporter.net\/#website","url":"https:\/\/legrandreporter.net\/","name":"le grand reporter","description":"L&#039;information sans fronti\u00e8res ","potentialAction":[{"@type":"SearchAction","target":{"@type":"EntryPoint","urlTemplate":"https:\/\/legrandreporter.net\/?s={search_term_string}"},"query-input":{"@type":"PropertyValueSpecification","valueRequired":true,"valueName":"search_term_string"}}],"inLanguage":"en-US"},{"@type":"Person","@id":"https:\/\/legrandreporter.net\/#\/schema\/person\/e8aa07c283464fa600509a24e4de05a4","name":"admin","image":{"@type":"ImageObject","inLanguage":"en-US","@id":"https:\/\/secure.gravatar.com\/avatar\/e741354a999001bf2381f32f080f9718157eaaa8510756b39bead01f99e50f81?s=96&d=mm&r=g","url":"https:\/\/secure.gravatar.com\/avatar\/e741354a999001bf2381f32f080f9718157eaaa8510756b39bead01f99e50f81?s=96&d=mm&r=g","contentUrl":"https:\/\/secure.gravatar.com\/avatar\/e741354a999001bf2381f32f080f9718157eaaa8510756b39bead01f99e50f81?s=96&d=mm&r=g","caption":"admin"},"sameAs":["https:\/\/legrandreporter.net"],"url":"https:\/\/legrandreporter.net\/index.php\/author\/admin\/"}]}},"_links":{"self":[{"href":"https:\/\/legrandreporter.net\/index.php\/wp-json\/wp\/v2\/posts\/612","targetHints":{"allow":["GET"]}}],"collection":[{"href":"https:\/\/legrandreporter.net\/index.php\/wp-json\/wp\/v2\/posts"}],"about":[{"href":"https:\/\/legrandreporter.net\/index.php\/wp-json\/wp\/v2\/types\/post"}],"author":[{"embeddable":true,"href":"https:\/\/legrandreporter.net\/index.php\/wp-json\/wp\/v2\/users\/1"}],"replies":[{"embeddable":true,"href":"https:\/\/legrandreporter.net\/index.php\/wp-json\/wp\/v2\/comments?post=612"}],"version-history":[{"count":1,"href":"https:\/\/legrandreporter.net\/index.php\/wp-json\/wp\/v2\/posts\/612\/revisions"}],"predecessor-version":[{"id":614,"href":"https:\/\/legrandreporter.net\/index.php\/wp-json\/wp\/v2\/posts\/612\/revisions\/614"}],"wp:featuredmedia":[{"embeddable":true,"href":"https:\/\/legrandreporter.net\/index.php\/wp-json\/wp\/v2\/media\/613"}],"wp:attachment":[{"href":"https:\/\/legrandreporter.net\/index.php\/wp-json\/wp\/v2\/media?parent=612"}],"wp:term":[{"taxonomy":"category","embeddable":true,"href":"https:\/\/legrandreporter.net\/index.php\/wp-json\/wp\/v2\/categories?post=612"},{"taxonomy":"post_tag","embeddable":true,"href":"https:\/\/legrandreporter.net\/index.php\/wp-json\/wp\/v2\/tags?post=612"}],"curies":[{"name":"wp","href":"https:\/\/api.w.org\/{rel}","templated":true}]}}