{"id":615,"date":"2026-08-25T11:21:29","date_gmt":"2026-08-25T09:21:29","guid":{"rendered":"https:\/\/legrandreporter.net\/?p=615"},"modified":"2026-08-25T11:21:31","modified_gmt":"2026-08-25T09:21:31","slug":"fete-des-cultures-mr-wils-letoile-montante-de-lanimation-au-gabon-ecartee-par-les-organisateurs","status":"publish","type":"post","link":"https:\/\/legrandreporter.net\/index.php\/2026\/08\/25\/fete-des-cultures-mr-wils-letoile-montante-de-lanimation-au-gabon-ecartee-par-les-organisateurs\/","title":{"rendered":"F\u00eate des cultures : Mr WilS, l\u2019\u00e9toile montante de l\u2019animation au Gabon \u00e9cart\u00e9e par les organisateurs !\u00a0"},"content":{"rendered":"\n<p class=\"wp-block-paragraph\"><strong>Apr\u00e8s trois jours de c\u00e9l\u00e9bration de la 15e \u00e9dition de la f\u00eate des cultures en R\u00e9publique gabonaise, les internautes, plusieurs observateurs et acteurs culturels montent au cr\u00e9neau pour d\u00e9noncer l\u2019absence de l\u2019une des \u00e9toiles montantes de l\u2019animation au Gabon. \u00abMr WilS\u00bb aurait \u00e9t\u00e9 \u00e9cart\u00e9 par les organisateurs, nous rapporte une source bien introduite dans le monde du showbiz.&nbsp;<\/strong><\/p>\n\n\n\n<p class=\"wp-block-paragraph\">Les maladresses li\u00e9es \u00e0 la c\u00e9l\u00e9bration de la 15e \u00e9dition de la f\u00eate des cultures n\u2019en finissent plus. Et pour preuve, plusieurs internautes et observateurs culturels pointent du doigt l&#8217;absence de l\u2019\u00e9toile montante dans le domaine de l\u2019animation en R\u00e9publique gabonaise. En effet, appel\u00e9 affectueusement par ces Fans et de nombreux adaptes du tr\u00e8s c\u00e9l\u00e8bre espace de loisirs \u00ab Entre nous bar \u00bb , Mr Wils aurait \u00e9t\u00e9 insidieusement \u00e9cart\u00e9 par les organisateurs de la f\u00eate des cultures, nous rapporte une source proche du dossier.\u00a0<br><\/p>\n\n\n\n<figure class=\"wp-block-image size-large\"><img width=\"683\" height=\"1024\"  alt=\"\" class=\"wp-image-616\"\/ loading=\"eager\" fetchpriority=\"high\" decoding=\"async\" src=\"https:\/\/legrandreporter.net\/wp-content\/uploads\/2026\/08\/IMG_1446-683x1024.jpeg\" srcset=\"https:\/\/legrandreporter.net\/wp-content\/uploads\/2026\/08\/IMG_1446-683x1024.jpeg 683w, https:\/\/legrandreporter.net\/wp-content\/uploads\/2026\/08\/IMG_1446-200x300.jpeg 200w, https:\/\/legrandreporter.net\/wp-content\/uploads\/2026\/08\/IMG_1446-768x1152.jpeg 768w, https:\/\/legrandreporter.net\/wp-content\/uploads\/2026\/08\/IMG_1446-1024x1536.jpeg 1024w, https:\/\/legrandreporter.net\/wp-content\/uploads\/2026\/08\/IMG_1446.jpeg 1365w\" sizes=\"(max-width: 683px) 100vw, 683px\" \/><\/figure>\n\n\n\n<p class=\"wp-block-paragraph\">V\u00e9ritable philanthrope, Mr Wils encha\u00eene sans rel\u00e2che les sc\u00e8nes les plus populaires du pays, port\u00e9 par une pr\u00e9sence digitale constante au service de la promotion culturelle locale. Cr\u00e9ateur de contenus dont le dernier en date est le podcast Les AWAS, b\u00e2tisseur de concepts phares tels que La NTCHAM DOMINE LE MONDE, Mr Wils fait sans aucun doute l\u2019unanimit\u00e9 dans l\u2019univers du showbiz local et de la promotion de la culture urbaine.<\/p>\n\n\n\n<p class=\"wp-block-paragraph\">Mr Wils serait d\u00e9sormais une menace pour les anciens animateurs ?\u00a0<br><\/p>\n\n\n\n<figure class=\"wp-block-image size-large\"><img width=\"689\" height=\"1024\"  alt=\"\" class=\"wp-image-617\"\/ loading=\"lazy\" decoding=\"async\" src=\"https:\/\/legrandreporter.net\/wp-content\/uploads\/2026\/08\/IMG_1448-689x1024.jpeg\" srcset=\"https:\/\/legrandreporter.net\/wp-content\/uploads\/2026\/08\/IMG_1448-689x1024.jpeg 689w, https:\/\/legrandreporter.net\/wp-content\/uploads\/2026\/08\/IMG_1448-202x300.jpeg 202w, https:\/\/legrandreporter.net\/wp-content\/uploads\/2026\/08\/IMG_1448-768x1142.jpeg 768w, https:\/\/legrandreporter.net\/wp-content\/uploads\/2026\/08\/IMG_1448-1033x1536.jpeg 1033w, https:\/\/legrandreporter.net\/wp-content\/uploads\/2026\/08\/IMG_1448.jpeg 1377w\" sizes=\"auto, (max-width: 689px) 100vw, 689px\" \/><\/figure>\n\n\n\n<p class=\"wp-block-paragraph\">Pourtant tr\u00e8s respectueux des a\u00een\u00e9s et toujours \u00e0 l\u2019\u00e9coute et pr\u00eat \u00e0 apprendre, le jeune animateur ne figurait sur aucune liste, ni sur le podium, ni \u00e0 la pr\u00e9sentation, ni m\u00eame en coulisses. Ni pour son micro, ni pour sa plume, il n&#8217;a \u00e9t\u00e9 sollicit\u00e9. \u00c0 contrario, la 15e \u00e9dition de la f\u00eate a vu appara\u00eetre plusieurs anciennes gloires de l\u2019animation sur sc\u00e8ne. Ce grand retour de la f\u00eate des cultures aurait pu \u00eatre une occasion de voir les anciens et la nouvelle g\u00e9n\u00e9ration d\u2019animateurs sur un m\u00eame podium valorisant le patriotisme culturel gabonais. Mais h\u00e9las !&nbsp;<\/p>\n\n\n\n<p class=\"wp-block-paragraph\"><\/p>\n","protected":false},"excerpt":{"rendered":"<p>Apr\u00e8s trois jours de c\u00e9l\u00e9bration de la 15e \u00e9dition de la f\u00eate des cultures en R\u00e9publique gabonaise, les internautes, plusieurs observateurs et acteurs culturels montent au cr\u00e9neau pour d\u00e9noncer l\u2019absence de l\u2019une des \u00e9toiles montantes de l\u2019animation au Gabon. \u00abMr WilS\u00bb aurait \u00e9t\u00e9 \u00e9cart\u00e9 par les organisateurs, nous rapporte une source bien introduite dans le [&hellip;]<\/p>\n","protected":false},"author":1,"featured_media":618,"comment_status":"open","ping_status":"open","sticky":false,"template":"","format":"standard","meta":{"footnotes":""},"categories":[5],"tags":[],"class_list":["post-615","post","type-post","status-publish","format-standard","has-post-thumbnail","hentry","category-societe"],"yoast_head":"<!-- This site is optimized with the Yoast SEO plugin v28.4 - https:\/\/yoast.com\/product\/yoast-seo-wordpress\/ -->\n<title>F\u00eate des cultures : Mr WilS, l\u2019\u00e9toile montante de l\u2019animation au Gabon \u00e9cart\u00e9e par les organisateurs !\u00a0 - le grand reporter<\/title>\n<meta name=\"robots\" content=\"index, follow, max-snippet:-1, max-image-preview:large, max-video-preview:-1\" \/>\n<link rel=\"canonical\" href=\"https:\/\/legrandreporter.net\/index.php\/2026\/08\/25\/fete-des-cultures-mr-wils-letoile-montante-de-lanimation-au-gabon-ecartee-par-les-organisateurs\/\" \/>\n<meta property=\"og:locale\" content=\"en_US\" \/>\n<meta property=\"og:type\" content=\"article\" \/>\n<meta property=\"og:title\" content=\"F\u00eate des cultures : Mr WilS, l\u2019\u00e9toile montante de l\u2019animation au Gabon \u00e9cart\u00e9e par les organisateurs !\u00a0 - le grand reporter\" \/>\n<meta property=\"og:description\" content=\"Apr\u00e8s trois jours de c\u00e9l\u00e9bration de la 15e \u00e9dition de la f\u00eate des cultures en R\u00e9publique gabonaise, les internautes, plusieurs observateurs et acteurs culturels montent au cr\u00e9neau pour d\u00e9noncer l\u2019absence de l\u2019une des \u00e9toiles montantes de l\u2019animation au Gabon. \u00abMr WilS\u00bb aurait \u00e9t\u00e9 \u00e9cart\u00e9 par les organisateurs, nous rapporte une source bien introduite dans le [&hellip;]\" \/>\n<meta property=\"og:url\" content=\"https:\/\/legrandreporter.net\/index.php\/2026\/08\/25\/fete-des-cultures-mr-wils-letoile-montante-de-lanimation-au-gabon-ecartee-par-les-organisateurs\/\" \/>\n<meta property=\"og:site_name\" content=\"le grand reporter\" \/>\n<meta property=\"article:published_time\" content=\"2026-08-25T09:21:29+00:00\" \/>\n<meta property=\"article:modified_time\" content=\"2026-08-25T09:21:31+00:00\" \/>\n<meta property=\"og:image\" content=\"https:\/\/legrandreporter.net\/wp-content\/uploads\/2026\/08\/4a34306b-ddcb-4f7f-a260-91f5ded63ba2.jpeg\" \/>\n\t<meta property=\"og:image:width\" content=\"810\" \/>\n\t<meta property=\"og:image:height\" content=\"1080\" \/>\n\t<meta property=\"og:image:type\" content=\"image\/jpeg\" \/>\n<meta name=\"author\" content=\"admin\" \/>\n<meta name=\"twitter:card\" content=\"summary_large_image\" \/>\n<meta name=\"twitter:label1\" content=\"Written by\" \/>\n\t<meta name=\"twitter:data1\" content=\"admin\" \/>\n\t<meta name=\"twitter:label2\" content=\"Est. reading time\" \/>\n\t<meta name=\"twitter:data2\" content=\"2 minutes\" \/>\n<script type=\"application\/ld+json\" class=\"yoast-schema-graph\">{\"@context\":\"https:\\\/\\\/schema.org\",\"@graph\":[{\"@type\":\"Article\",\"@id\":\"https:\\\/\\\/legrandreporter.net\\\/index.php\\\/2026\\\/08\\\/25\\\/fete-des-cultures-mr-wils-letoile-montante-de-lanimation-au-gabon-ecartee-par-les-organisateurs\\\/#article\",\"isPartOf\":{\"@id\":\"https:\\\/\\\/legrandreporter.net\\\/index.php\\\/2026\\\/08\\\/25\\\/fete-des-cultures-mr-wils-letoile-montante-de-lanimation-au-gabon-ecartee-par-les-organisateurs\\\/\"},\"author\":{\"name\":\"admin\",\"@id\":\"https:\\\/\\\/legrandreporter.net\\\/#\\\/schema\\\/person\\\/e8aa07c283464fa600509a24e4de05a4\"},\"headline\":\"F\u00eate des cultures : Mr WilS, l\u2019\u00e9toile montante de l\u2019animation au Gabon \u00e9cart\u00e9e par les organisateurs !\u00a0\",\"datePublished\":\"2026-08-25T09:21:29+00:00\",\"dateModified\":\"2026-08-25T09:21:31+00:00\",\"mainEntityOfPage\":{\"@id\":\"https:\\\/\\\/legrandreporter.net\\\/index.php\\\/2026\\\/08\\\/25\\\/fete-des-cultures-mr-wils-letoile-montante-de-lanimation-au-gabon-ecartee-par-les-organisateurs\\\/\"},\"wordCount\":384,\"commentCount\":0,\"image\":{\"@id\":\"https:\\\/\\\/legrandreporter.net\\\/index.php\\\/2026\\\/08\\\/25\\\/fete-des-cultures-mr-wils-letoile-montante-de-lanimation-au-gabon-ecartee-par-les-organisateurs\\\/#primaryimage\"},\"thumbnailUrl\":\"https:\\\/\\\/legrandreporter.net\\\/wp-content\\\/uploads\\\/2026\\\/08\\\/4a34306b-ddcb-4f7f-a260-91f5ded63ba2.jpeg\",\"articleSection\":[\"SOCI\u00c9T\u00c9\"],\"inLanguage\":\"en-US\",\"potentialAction\":[{\"@type\":\"CommentAction\",\"name\":\"Comment\",\"target\":[\"https:\\\/\\\/legrandreporter.net\\\/index.php\\\/2026\\\/08\\\/25\\\/fete-des-cultures-mr-wils-letoile-montante-de-lanimation-au-gabon-ecartee-par-les-organisateurs\\\/#respond\"]}]},{\"@type\":\"WebPage\",\"@id\":\"https:\\\/\\\/legrandreporter.net\\\/index.php\\\/2026\\\/08\\\/25\\\/fete-des-cultures-mr-wils-letoile-montante-de-lanimation-au-gabon-ecartee-par-les-organisateurs\\\/\",\"url\":\"https:\\\/\\\/legrandreporter.net\\\/index.php\\\/2026\\\/08\\\/25\\\/fete-des-cultures-mr-wils-letoile-montante-de-lanimation-au-gabon-ecartee-par-les-organisateurs\\\/\",\"name\":\"F\u00eate des cultures : Mr WilS, l\u2019\u00e9toile montante de l\u2019animation au Gabon \u00e9cart\u00e9e par les organisateurs !\u00a0 - le grand reporter\",\"isPartOf\":{\"@id\":\"https:\\\/\\\/legrandreporter.net\\\/#website\"},\"primaryImageOfPage\":{\"@id\":\"https:\\\/\\\/legrandreporter.net\\\/index.php\\\/2026\\\/08\\\/25\\\/fete-des-cultures-mr-wils-letoile-montante-de-lanimation-au-gabon-ecartee-par-les-organisateurs\\\/#primaryimage\"},\"image\":{\"@id\":\"https:\\\/\\\/legrandreporter.net\\\/index.php\\\/2026\\\/08\\\/25\\\/fete-des-cultures-mr-wils-letoile-montante-de-lanimation-au-gabon-ecartee-par-les-organisateurs\\\/#primaryimage\"},\"thumbnailUrl\":\"https:\\\/\\\/legrandreporter.net\\\/wp-content\\\/uploads\\\/2026\\\/08\\\/4a34306b-ddcb-4f7f-a260-91f5ded63ba2.jpeg\",\"datePublished\":\"2026-08-25T09:21:29+00:00\",\"dateModified\":\"2026-08-25T09:21:31+00:00\",\"author\":{\"@id\":\"https:\\\/\\\/legrandreporter.net\\\/#\\\/schema\\\/person\\\/e8aa07c283464fa600509a24e4de05a4\"},\"breadcrumb\":{\"@id\":\"https:\\\/\\\/legrandreporter.net\\\/index.php\\\/2026\\\/08\\\/25\\\/fete-des-cultures-mr-wils-letoile-montante-de-lanimation-au-gabon-ecartee-par-les-organisateurs\\\/#breadcrumb\"},\"inLanguage\":\"en-US\",\"potentialAction\":[{\"@type\":\"ReadAction\",\"target\":[\"https:\\\/\\\/legrandreporter.net\\\/index.php\\\/2026\\\/08\\\/25\\\/fete-des-cultures-mr-wils-letoile-montante-de-lanimation-au-gabon-ecartee-par-les-organisateurs\\\/\"]}]},{\"@type\":\"ImageObject\",\"inLanguage\":\"en-US\",\"@id\":\"https:\\\/\\\/legrandreporter.net\\\/index.php\\\/2026\\\/08\\\/25\\\/fete-des-cultures-mr-wils-letoile-montante-de-lanimation-au-gabon-ecartee-par-les-organisateurs\\\/#primaryimage\",\"url\":\"https:\\\/\\\/legrandreporter.net\\\/wp-content\\\/uploads\\\/2026\\\/08\\\/4a34306b-ddcb-4f7f-a260-91f5ded63ba2.jpeg\",\"contentUrl\":\"https:\\\/\\\/legrandreporter.net\\\/wp-content\\\/uploads\\\/2026\\\/08\\\/4a34306b-ddcb-4f7f-a260-91f5ded63ba2.jpeg\",\"width\":810,\"height\":1080},{\"@type\":\"BreadcrumbList\",\"@id\":\"https:\\\/\\\/legrandreporter.net\\\/index.php\\\/2026\\\/08\\\/25\\\/fete-des-cultures-mr-wils-letoile-montante-de-lanimation-au-gabon-ecartee-par-les-organisateurs\\\/#breadcrumb\",\"itemListElement\":[{\"@type\":\"ListItem\",\"position\":1,\"name\":\"Home\",\"item\":\"https:\\\/\\\/legrandreporter.net\\\/\"},{\"@type\":\"ListItem\",\"position\":2,\"name\":\"F\u00eate des cultures : Mr WilS, l\u2019\u00e9toile montante de l\u2019animation au Gabon \u00e9cart\u00e9e par les organisateurs !\u00a0\"}]},{\"@type\":\"WebSite\",\"@id\":\"https:\\\/\\\/legrandreporter.net\\\/#website\",\"url\":\"https:\\\/\\\/legrandreporter.net\\\/\",\"name\":\"le grand reporter\",\"description\":\"L&#039;information sans fronti\u00e8res \",\"potentialAction\":[{\"@type\":\"SearchAction\",\"target\":{\"@type\":\"EntryPoint\",\"urlTemplate\":\"https:\\\/\\\/legrandreporter.net\\\/?s={search_term_string}\"},\"query-input\":{\"@type\":\"PropertyValueSpecification\",\"valueRequired\":true,\"valueName\":\"search_term_string\"}}],\"inLanguage\":\"en-US\"},{\"@type\":\"Person\",\"@id\":\"https:\\\/\\\/legrandreporter.net\\\/#\\\/schema\\\/person\\\/e8aa07c283464fa600509a24e4de05a4\",\"name\":\"admin\",\"image\":{\"@type\":\"ImageObject\",\"inLanguage\":\"en-US\",\"@id\":\"https:\\\/\\\/secure.gravatar.com\\\/avatar\\\/e741354a999001bf2381f32f080f9718157eaaa8510756b39bead01f99e50f81?s=96&d=mm&r=g\",\"url\":\"https:\\\/\\\/secure.gravatar.com\\\/avatar\\\/e741354a999001bf2381f32f080f9718157eaaa8510756b39bead01f99e50f81?s=96&d=mm&r=g\",\"contentUrl\":\"https:\\\/\\\/secure.gravatar.com\\\/avatar\\\/e741354a999001bf2381f32f080f9718157eaaa8510756b39bead01f99e50f81?s=96&d=mm&r=g\",\"caption\":\"admin\"},\"sameAs\":[\"https:\\\/\\\/legrandreporter.net\"],\"url\":\"https:\\\/\\\/legrandreporter.net\\\/index.php\\\/author\\\/admin\\\/\"}]}<\/script>\n<!-- \/ Yoast SEO plugin. -->","yoast_head_json":{"title":"F\u00eate des cultures : Mr WilS, l\u2019\u00e9toile montante de l\u2019animation au Gabon \u00e9cart\u00e9e par les organisateurs !\u00a0 - le grand reporter","robots":{"index":"index","follow":"follow","max-snippet":"max-snippet:-1","max-image-preview":"max-image-preview:large","max-video-preview":"max-video-preview:-1"},"canonical":"https:\/\/legrandreporter.net\/index.php\/2026\/08\/25\/fete-des-cultures-mr-wils-letoile-montante-de-lanimation-au-gabon-ecartee-par-les-organisateurs\/","og_locale":"en_US","og_type":"article","og_title":"F\u00eate des cultures : Mr WilS, l\u2019\u00e9toile montante de l\u2019animation au Gabon \u00e9cart\u00e9e par les organisateurs !\u00a0 - le grand reporter","og_description":"Apr\u00e8s trois jours de c\u00e9l\u00e9bration de la 15e \u00e9dition de la f\u00eate des cultures en R\u00e9publique gabonaise, les internautes, plusieurs observateurs et acteurs culturels montent au cr\u00e9neau pour d\u00e9noncer l\u2019absence de l\u2019une des \u00e9toiles montantes de l\u2019animation au Gabon. \u00abMr WilS\u00bb aurait \u00e9t\u00e9 \u00e9cart\u00e9 par les organisateurs, nous rapporte une source bien introduite dans le [&hellip;]","og_url":"https:\/\/legrandreporter.net\/index.php\/2026\/08\/25\/fete-des-cultures-mr-wils-letoile-montante-de-lanimation-au-gabon-ecartee-par-les-organisateurs\/","og_site_name":"le grand reporter","article_published_time":"2026-08-25T09:21:29+00:00","article_modified_time":"2026-08-25T09:21:31+00:00","og_image":[{"width":810,"height":1080,"url":"https:\/\/legrandreporter.net\/wp-content\/uploads\/2026\/08\/4a34306b-ddcb-4f7f-a260-91f5ded63ba2.jpeg","type":"image\/jpeg"}],"author":"admin","twitter_card":"summary_large_image","twitter_misc":{"Written by":"admin","Est. reading time":"2 minutes"},"schema":{"@context":"https:\/\/schema.org","@graph":[{"@type":"Article","@id":"https:\/\/legrandreporter.net\/index.php\/2026\/08\/25\/fete-des-cultures-mr-wils-letoile-montante-de-lanimation-au-gabon-ecartee-par-les-organisateurs\/#article","isPartOf":{"@id":"https:\/\/legrandreporter.net\/index.php\/2026\/08\/25\/fete-des-cultures-mr-wils-letoile-montante-de-lanimation-au-gabon-ecartee-par-les-organisateurs\/"},"author":{"name":"admin","@id":"https:\/\/legrandreporter.net\/#\/schema\/person\/e8aa07c283464fa600509a24e4de05a4"},"headline":"F\u00eate des cultures : Mr WilS, l\u2019\u00e9toile montante de l\u2019animation au Gabon \u00e9cart\u00e9e par les organisateurs !\u00a0","datePublished":"2026-08-25T09:21:29+00:00","dateModified":"2026-08-25T09:21:31+00:00","mainEntityOfPage":{"@id":"https:\/\/legrandreporter.net\/index.php\/2026\/08\/25\/fete-des-cultures-mr-wils-letoile-montante-de-lanimation-au-gabon-ecartee-par-les-organisateurs\/"},"wordCount":384,"commentCount":0,"image":{"@id":"https:\/\/legrandreporter.net\/index.php\/2026\/08\/25\/fete-des-cultures-mr-wils-letoile-montante-de-lanimation-au-gabon-ecartee-par-les-organisateurs\/#primaryimage"},"thumbnailUrl":"https:\/\/legrandreporter.net\/wp-content\/uploads\/2026\/08\/4a34306b-ddcb-4f7f-a260-91f5ded63ba2.jpeg","articleSection":["SOCI\u00c9T\u00c9"],"inLanguage":"en-US","potentialAction":[{"@type":"CommentAction","name":"Comment","target":["https:\/\/legrandreporter.net\/index.php\/2026\/08\/25\/fete-des-cultures-mr-wils-letoile-montante-de-lanimation-au-gabon-ecartee-par-les-organisateurs\/#respond"]}]},{"@type":"WebPage","@id":"https:\/\/legrandreporter.net\/index.php\/2026\/08\/25\/fete-des-cultures-mr-wils-letoile-montante-de-lanimation-au-gabon-ecartee-par-les-organisateurs\/","url":"https:\/\/legrandreporter.net\/index.php\/2026\/08\/25\/fete-des-cultures-mr-wils-letoile-montante-de-lanimation-au-gabon-ecartee-par-les-organisateurs\/","name":"F\u00eate des cultures : Mr WilS, l\u2019\u00e9toile montante de l\u2019animation au Gabon \u00e9cart\u00e9e par les organisateurs !\u00a0 - le grand reporter","isPartOf":{"@id":"https:\/\/legrandreporter.net\/#website"},"primaryImageOfPage":{"@id":"https:\/\/legrandreporter.net\/index.php\/2026\/08\/25\/fete-des-cultures-mr-wils-letoile-montante-de-lanimation-au-gabon-ecartee-par-les-organisateurs\/#primaryimage"},"image":{"@id":"https:\/\/legrandreporter.net\/index.php\/2026\/08\/25\/fete-des-cultures-mr-wils-letoile-montante-de-lanimation-au-gabon-ecartee-par-les-organisateurs\/#primaryimage"},"thumbnailUrl":"https:\/\/legrandreporter.net\/wp-content\/uploads\/2026\/08\/4a34306b-ddcb-4f7f-a260-91f5ded63ba2.jpeg","datePublished":"2026-08-25T09:21:29+00:00","dateModified":"2026-08-25T09:21:31+00:00","author":{"@id":"https:\/\/legrandreporter.net\/#\/schema\/person\/e8aa07c283464fa600509a24e4de05a4"},"breadcrumb":{"@id":"https:\/\/legrandreporter.net\/index.php\/2026\/08\/25\/fete-des-cultures-mr-wils-letoile-montante-de-lanimation-au-gabon-ecartee-par-les-organisateurs\/#breadcrumb"},"inLanguage":"en-US","potentialAction":[{"@type":"ReadAction","target":["https:\/\/legrandreporter.net\/index.php\/2026\/08\/25\/fete-des-cultures-mr-wils-letoile-montante-de-lanimation-au-gabon-ecartee-par-les-organisateurs\/"]}]},{"@type":"ImageObject","inLanguage":"en-US","@id":"https:\/\/legrandreporter.net\/index.php\/2026\/08\/25\/fete-des-cultures-mr-wils-letoile-montante-de-lanimation-au-gabon-ecartee-par-les-organisateurs\/#primaryimage","url":"https:\/\/legrandreporter.net\/wp-content\/uploads\/2026\/08\/4a34306b-ddcb-4f7f-a260-91f5ded63ba2.jpeg","contentUrl":"https:\/\/legrandreporter.net\/wp-content\/uploads\/2026\/08\/4a34306b-ddcb-4f7f-a260-91f5ded63ba2.jpeg","width":810,"height":1080},{"@type":"BreadcrumbList","@id":"https:\/\/legrandreporter.net\/index.php\/2026\/08\/25\/fete-des-cultures-mr-wils-letoile-montante-de-lanimation-au-gabon-ecartee-par-les-organisateurs\/#breadcrumb","itemListElement":[{"@type":"ListItem","position":1,"name":"Home","item":"https:\/\/legrandreporter.net\/"},{"@type":"ListItem","position":2,"name":"F\u00eate des cultures : Mr WilS, l\u2019\u00e9toile montante de l\u2019animation au Gabon \u00e9cart\u00e9e par les organisateurs !\u00a0"}]},{"@type":"WebSite","@id":"https:\/\/legrandreporter.net\/#website","url":"https:\/\/legrandreporter.net\/","name":"le grand reporter","description":"L&#039;information sans fronti\u00e8res ","potentialAction":[{"@type":"SearchAction","target":{"@type":"EntryPoint","urlTemplate":"https:\/\/legrandreporter.net\/?s={search_term_string}"},"query-input":{"@type":"PropertyValueSpecification","valueRequired":true,"valueName":"search_term_string"}}],"inLanguage":"en-US"},{"@type":"Person","@id":"https:\/\/legrandreporter.net\/#\/schema\/person\/e8aa07c283464fa600509a24e4de05a4","name":"admin","image":{"@type":"ImageObject","inLanguage":"en-US","@id":"https:\/\/secure.gravatar.com\/avatar\/e741354a999001bf2381f32f080f9718157eaaa8510756b39bead01f99e50f81?s=96&d=mm&r=g","url":"https:\/\/secure.gravatar.com\/avatar\/e741354a999001bf2381f32f080f9718157eaaa8510756b39bead01f99e50f81?s=96&d=mm&r=g","contentUrl":"https:\/\/secure.gravatar.com\/avatar\/e741354a999001bf2381f32f080f9718157eaaa8510756b39bead01f99e50f81?s=96&d=mm&r=g","caption":"admin"},"sameAs":["https:\/\/legrandreporter.net"],"url":"https:\/\/legrandreporter.net\/index.php\/author\/admin\/"}]}},"_links":{"self":[{"href":"https:\/\/legrandreporter.net\/index.php\/wp-json\/wp\/v2\/posts\/615","targetHints":{"allow":["GET"]}}],"collection":[{"href":"https:\/\/legrandreporter.net\/index.php\/wp-json\/wp\/v2\/posts"}],"about":[{"href":"https:\/\/legrandreporter.net\/index.php\/wp-json\/wp\/v2\/types\/post"}],"author":[{"embeddable":true,"href":"https:\/\/legrandreporter.net\/index.php\/wp-json\/wp\/v2\/users\/1"}],"replies":[{"embeddable":true,"href":"https:\/\/legrandreporter.net\/index.php\/wp-json\/wp\/v2\/comments?post=615"}],"version-history":[{"count":1,"href":"https:\/\/legrandreporter.net\/index.php\/wp-json\/wp\/v2\/posts\/615\/revisions"}],"predecessor-version":[{"id":619,"href":"https:\/\/legrandreporter.net\/index.php\/wp-json\/wp\/v2\/posts\/615\/revisions\/619"}],"wp:featuredmedia":[{"embeddable":true,"href":"https:\/\/legrandreporter.net\/index.php\/wp-json\/wp\/v2\/media\/618"}],"wp:attachment":[{"href":"https:\/\/legrandreporter.net\/index.php\/wp-json\/wp\/v2\/media?parent=615"}],"wp:term":[{"taxonomy":"category","embeddable":true,"href":"https:\/\/legrandreporter.net\/index.php\/wp-json\/wp\/v2\/categories?post=615"},{"taxonomy":"post_tag","embeddable":true,"href":"https:\/\/legrandreporter.net\/index.php\/wp-json\/wp\/v2\/tags?post=615"}],"curies":[{"name":"wp","href":"https:\/\/api.w.org\/{rel}","templated":true}]}}