{"id":629,"date":"2026-08-25T21:33:19","date_gmt":"2026-08-25T19:33:19","guid":{"rendered":"https:\/\/legrandreporter.net\/?p=629"},"modified":"2026-08-25T21:33:21","modified_gmt":"2026-08-25T19:33:21","slug":"justice-lancien-procureur-general-le-dr-eddy-minang-serait-radie-de-la-magistrature","status":"publish","type":"post","link":"https:\/\/legrandreporter.net\/index.php\/2026\/08\/25\/justice-lancien-procureur-general-le-dr-eddy-minang-serait-radie-de-la-magistrature\/","title":{"rendered":"Justice : l\u2019ancien Procureur g\u00e9n\u00e9ral, le Dr. Eddy Minang serait radi\u00e9 de la magistrature ?\u00a0"},"content":{"rendered":"\n<p class=\"wp-block-paragraph\"><strong>C\u2019est un v\u00e9ritable tsunami dans le monde judiciaire. En effet, nos confr\u00e8res de la r\u00e9daction de Gabon M\u00e9dia Time, le magistrat Eddy Narcisse Minang aurait \u00e9t\u00e9 radi\u00e9 de la magistrature \u00e0 l\u2019issue de l\u2019audience disciplinaire du Conseil sup\u00e9rieur de la magistrature (CSM) tenue ce mardi 25 ao\u00fbt 2026 \u00e0 Libreville.<\/strong><\/p>\n\n\n\n<p class=\"wp-block-paragraph\">La journ\u00e9e du 25 ao\u00fbt pourrait marquer un tournant dans la carri\u00e8re du magistrat Eddy Narcisse Minang. Selon les informations recueillies par le m\u00e9dia Gabon Media Time, l\u2019ancien procureur g\u00e9n\u00e9ral, le Dr. Eddy Minang aurait \u00e9t\u00e9 radi\u00e9 ce jour des effectifs de la magistrature. Cependant, nos confr\u00e8res de GMT ont indiqu\u00e9 que le document du Secr\u00e9tariat permanent du Conseil sup\u00e9rieur de la magistrature consult\u00e9 par GMT confirme, pour sa part, qu\u2019Eddy Narcisse Minang figurait bien au r\u00f4le de l\u2019audience disciplinaire organis\u00e9e ce 25 ao\u00fbt.\u00a0<br><\/p>\n\n\n\n<figure class=\"wp-block-image size-full\"><img width=\"960\" height=\"540\"  alt=\"\" class=\"wp-image-630\"\/ loading=\"eager\" fetchpriority=\"high\" decoding=\"async\" src=\"https:\/\/legrandreporter.net\/wp-content\/uploads\/2026\/08\/IMG_1458.jpeg\" srcset=\"https:\/\/legrandreporter.net\/wp-content\/uploads\/2026\/08\/IMG_1458.jpeg 960w, https:\/\/legrandreporter.net\/wp-content\/uploads\/2026\/08\/IMG_1458-300x169.jpeg 300w, https:\/\/legrandreporter.net\/wp-content\/uploads\/2026\/08\/IMG_1458-768x432.jpeg 768w\" sizes=\"(max-width: 960px) 100vw, 960px\" \/><\/figure>\n\n\n\n<p class=\"wp-block-paragraph\">Rappelons que le nom de l\u2019ancien procureur g\u00e9n\u00e9ral, le Dr. Eddy Minang apparaissait aux 10e et 11e positions, ce qui pourrait correspondre \u00e0 l\u2019examen de deux dossiers distincts. Le document transmis ne permet cependant pas d\u2019en d\u00e9terminer la nature.<\/p>\n\n\n\n<p class=\"wp-block-paragraph\">Nous y reviendrons !&nbsp;<\/p>\n\n\n\n<p class=\"wp-block-paragraph\"><\/p>\n","protected":false},"excerpt":{"rendered":"<p>C\u2019est un v\u00e9ritable tsunami dans le monde judiciaire. En effet, nos confr\u00e8res de la r\u00e9daction de Gabon M\u00e9dia Time, le magistrat Eddy Narcisse Minang aurait \u00e9t\u00e9 radi\u00e9 de la magistrature \u00e0 l\u2019issue de l\u2019audience disciplinaire du Conseil sup\u00e9rieur de la magistrature (CSM) tenue ce mardi 25 ao\u00fbt 2026 \u00e0 Libreville. La journ\u00e9e du 25 ao\u00fbt [&hellip;]<\/p>\n","protected":false},"author":1,"featured_media":631,"comment_status":"open","ping_status":"open","sticky":false,"template":"","format":"standard","meta":{"footnotes":""},"categories":[5],"tags":[],"class_list":["post-629","post","type-post","status-publish","format-standard","has-post-thumbnail","hentry","category-societe"],"yoast_head":"<!-- This site is optimized with the Yoast SEO plugin v28.4 - https:\/\/yoast.com\/product\/yoast-seo-wordpress\/ -->\n<title>Justice : l\u2019ancien Procureur g\u00e9n\u00e9ral, le Dr. Eddy Minang serait radi\u00e9 de la magistrature ?\u00a0 - le grand reporter<\/title>\n<meta name=\"robots\" content=\"index, follow, max-snippet:-1, max-image-preview:large, max-video-preview:-1\" \/>\n<link rel=\"canonical\" href=\"https:\/\/legrandreporter.net\/index.php\/2026\/08\/25\/justice-lancien-procureur-general-le-dr-eddy-minang-serait-radie-de-la-magistrature\/\" \/>\n<meta property=\"og:locale\" content=\"en_US\" \/>\n<meta property=\"og:type\" content=\"article\" \/>\n<meta property=\"og:title\" content=\"Justice : l\u2019ancien Procureur g\u00e9n\u00e9ral, le Dr. Eddy Minang serait radi\u00e9 de la magistrature ?\u00a0 - le grand reporter\" \/>\n<meta property=\"og:description\" content=\"C\u2019est un v\u00e9ritable tsunami dans le monde judiciaire. En effet, nos confr\u00e8res de la r\u00e9daction de Gabon M\u00e9dia Time, le magistrat Eddy Narcisse Minang aurait \u00e9t\u00e9 radi\u00e9 de la magistrature \u00e0 l\u2019issue de l\u2019audience disciplinaire du Conseil sup\u00e9rieur de la magistrature (CSM) tenue ce mardi 25 ao\u00fbt 2026 \u00e0 Libreville. La journ\u00e9e du 25 ao\u00fbt [&hellip;]\" \/>\n<meta property=\"og:url\" content=\"https:\/\/legrandreporter.net\/index.php\/2026\/08\/25\/justice-lancien-procureur-general-le-dr-eddy-minang-serait-radie-de-la-magistrature\/\" \/>\n<meta property=\"og:site_name\" content=\"le grand reporter\" \/>\n<meta property=\"article:published_time\" content=\"2026-08-25T19:33:19+00:00\" \/>\n<meta property=\"article:modified_time\" content=\"2026-08-25T19:33:21+00:00\" \/>\n<meta property=\"og:image\" content=\"https:\/\/legrandreporter.net\/wp-content\/uploads\/2026\/08\/69aa6439-5fc1-44f4-b99b-d0a3ac75032c.jpeg\" \/>\n\t<meta property=\"og:image:width\" content=\"960\" \/>\n\t<meta property=\"og:image:height\" content=\"1280\" \/>\n\t<meta property=\"og:image:type\" content=\"image\/jpeg\" \/>\n<meta name=\"author\" content=\"admin\" \/>\n<meta name=\"twitter:card\" content=\"summary_large_image\" \/>\n<meta name=\"twitter:label1\" content=\"Written by\" \/>\n\t<meta name=\"twitter:data1\" content=\"admin\" \/>\n\t<meta name=\"twitter:label2\" content=\"Est. reading time\" \/>\n\t<meta name=\"twitter:data2\" content=\"2 minutes\" \/>\n<script type=\"application\/ld+json\" class=\"yoast-schema-graph\">{\"@context\":\"https:\\\/\\\/schema.org\",\"@graph\":[{\"@type\":\"Article\",\"@id\":\"https:\\\/\\\/legrandreporter.net\\\/index.php\\\/2026\\\/08\\\/25\\\/justice-lancien-procureur-general-le-dr-eddy-minang-serait-radie-de-la-magistrature\\\/#article\",\"isPartOf\":{\"@id\":\"https:\\\/\\\/legrandreporter.net\\\/index.php\\\/2026\\\/08\\\/25\\\/justice-lancien-procureur-general-le-dr-eddy-minang-serait-radie-de-la-magistrature\\\/\"},\"author\":{\"name\":\"admin\",\"@id\":\"https:\\\/\\\/legrandreporter.net\\\/#\\\/schema\\\/person\\\/e8aa07c283464fa600509a24e4de05a4\"},\"headline\":\"Justice : l\u2019ancien Procureur g\u00e9n\u00e9ral, le Dr. Eddy Minang serait radi\u00e9 de la magistrature ?\u00a0\",\"datePublished\":\"2026-08-25T19:33:19+00:00\",\"dateModified\":\"2026-08-25T19:33:21+00:00\",\"mainEntityOfPage\":{\"@id\":\"https:\\\/\\\/legrandreporter.net\\\/index.php\\\/2026\\\/08\\\/25\\\/justice-lancien-procureur-general-le-dr-eddy-minang-serait-radie-de-la-magistrature\\\/\"},\"wordCount\":216,\"commentCount\":0,\"image\":{\"@id\":\"https:\\\/\\\/legrandreporter.net\\\/index.php\\\/2026\\\/08\\\/25\\\/justice-lancien-procureur-general-le-dr-eddy-minang-serait-radie-de-la-magistrature\\\/#primaryimage\"},\"thumbnailUrl\":\"https:\\\/\\\/legrandreporter.net\\\/wp-content\\\/uploads\\\/2026\\\/08\\\/69aa6439-5fc1-44f4-b99b-d0a3ac75032c.jpeg\",\"articleSection\":[\"SOCI\u00c9T\u00c9\"],\"inLanguage\":\"en-US\",\"potentialAction\":[{\"@type\":\"CommentAction\",\"name\":\"Comment\",\"target\":[\"https:\\\/\\\/legrandreporter.net\\\/index.php\\\/2026\\\/08\\\/25\\\/justice-lancien-procureur-general-le-dr-eddy-minang-serait-radie-de-la-magistrature\\\/#respond\"]}]},{\"@type\":\"WebPage\",\"@id\":\"https:\\\/\\\/legrandreporter.net\\\/index.php\\\/2026\\\/08\\\/25\\\/justice-lancien-procureur-general-le-dr-eddy-minang-serait-radie-de-la-magistrature\\\/\",\"url\":\"https:\\\/\\\/legrandreporter.net\\\/index.php\\\/2026\\\/08\\\/25\\\/justice-lancien-procureur-general-le-dr-eddy-minang-serait-radie-de-la-magistrature\\\/\",\"name\":\"Justice : l\u2019ancien Procureur g\u00e9n\u00e9ral, le Dr. Eddy Minang serait radi\u00e9 de la magistrature ?\u00a0 - le grand reporter\",\"isPartOf\":{\"@id\":\"https:\\\/\\\/legrandreporter.net\\\/#website\"},\"primaryImageOfPage\":{\"@id\":\"https:\\\/\\\/legrandreporter.net\\\/index.php\\\/2026\\\/08\\\/25\\\/justice-lancien-procureur-general-le-dr-eddy-minang-serait-radie-de-la-magistrature\\\/#primaryimage\"},\"image\":{\"@id\":\"https:\\\/\\\/legrandreporter.net\\\/index.php\\\/2026\\\/08\\\/25\\\/justice-lancien-procureur-general-le-dr-eddy-minang-serait-radie-de-la-magistrature\\\/#primaryimage\"},\"thumbnailUrl\":\"https:\\\/\\\/legrandreporter.net\\\/wp-content\\\/uploads\\\/2026\\\/08\\\/69aa6439-5fc1-44f4-b99b-d0a3ac75032c.jpeg\",\"datePublished\":\"2026-08-25T19:33:19+00:00\",\"dateModified\":\"2026-08-25T19:33:21+00:00\",\"author\":{\"@id\":\"https:\\\/\\\/legrandreporter.net\\\/#\\\/schema\\\/person\\\/e8aa07c283464fa600509a24e4de05a4\"},\"breadcrumb\":{\"@id\":\"https:\\\/\\\/legrandreporter.net\\\/index.php\\\/2026\\\/08\\\/25\\\/justice-lancien-procureur-general-le-dr-eddy-minang-serait-radie-de-la-magistrature\\\/#breadcrumb\"},\"inLanguage\":\"en-US\",\"potentialAction\":[{\"@type\":\"ReadAction\",\"target\":[\"https:\\\/\\\/legrandreporter.net\\\/index.php\\\/2026\\\/08\\\/25\\\/justice-lancien-procureur-general-le-dr-eddy-minang-serait-radie-de-la-magistrature\\\/\"]}]},{\"@type\":\"ImageObject\",\"inLanguage\":\"en-US\",\"@id\":\"https:\\\/\\\/legrandreporter.net\\\/index.php\\\/2026\\\/08\\\/25\\\/justice-lancien-procureur-general-le-dr-eddy-minang-serait-radie-de-la-magistrature\\\/#primaryimage\",\"url\":\"https:\\\/\\\/legrandreporter.net\\\/wp-content\\\/uploads\\\/2026\\\/08\\\/69aa6439-5fc1-44f4-b99b-d0a3ac75032c.jpeg\",\"contentUrl\":\"https:\\\/\\\/legrandreporter.net\\\/wp-content\\\/uploads\\\/2026\\\/08\\\/69aa6439-5fc1-44f4-b99b-d0a3ac75032c.jpeg\",\"width\":960,\"height\":1280},{\"@type\":\"BreadcrumbList\",\"@id\":\"https:\\\/\\\/legrandreporter.net\\\/index.php\\\/2026\\\/08\\\/25\\\/justice-lancien-procureur-general-le-dr-eddy-minang-serait-radie-de-la-magistrature\\\/#breadcrumb\",\"itemListElement\":[{\"@type\":\"ListItem\",\"position\":1,\"name\":\"Home\",\"item\":\"https:\\\/\\\/legrandreporter.net\\\/\"},{\"@type\":\"ListItem\",\"position\":2,\"name\":\"Justice : l\u2019ancien Procureur g\u00e9n\u00e9ral, le Dr. Eddy Minang serait radi\u00e9 de la magistrature ?\u00a0\"}]},{\"@type\":\"WebSite\",\"@id\":\"https:\\\/\\\/legrandreporter.net\\\/#website\",\"url\":\"https:\\\/\\\/legrandreporter.net\\\/\",\"name\":\"le grand reporter\",\"description\":\"L&#039;information sans fronti\u00e8res \",\"potentialAction\":[{\"@type\":\"SearchAction\",\"target\":{\"@type\":\"EntryPoint\",\"urlTemplate\":\"https:\\\/\\\/legrandreporter.net\\\/?s={search_term_string}\"},\"query-input\":{\"@type\":\"PropertyValueSpecification\",\"valueRequired\":true,\"valueName\":\"search_term_string\"}}],\"inLanguage\":\"en-US\"},{\"@type\":\"Person\",\"@id\":\"https:\\\/\\\/legrandreporter.net\\\/#\\\/schema\\\/person\\\/e8aa07c283464fa600509a24e4de05a4\",\"name\":\"admin\",\"image\":{\"@type\":\"ImageObject\",\"inLanguage\":\"en-US\",\"@id\":\"https:\\\/\\\/secure.gravatar.com\\\/avatar\\\/e741354a999001bf2381f32f080f9718157eaaa8510756b39bead01f99e50f81?s=96&d=mm&r=g\",\"url\":\"https:\\\/\\\/secure.gravatar.com\\\/avatar\\\/e741354a999001bf2381f32f080f9718157eaaa8510756b39bead01f99e50f81?s=96&d=mm&r=g\",\"contentUrl\":\"https:\\\/\\\/secure.gravatar.com\\\/avatar\\\/e741354a999001bf2381f32f080f9718157eaaa8510756b39bead01f99e50f81?s=96&d=mm&r=g\",\"caption\":\"admin\"},\"sameAs\":[\"https:\\\/\\\/legrandreporter.net\"],\"url\":\"https:\\\/\\\/legrandreporter.net\\\/index.php\\\/author\\\/admin\\\/\"}]}<\/script>\n<!-- \/ Yoast SEO plugin. -->","yoast_head_json":{"title":"Justice : l\u2019ancien Procureur g\u00e9n\u00e9ral, le Dr. Eddy Minang serait radi\u00e9 de la magistrature ?\u00a0 - le grand reporter","robots":{"index":"index","follow":"follow","max-snippet":"max-snippet:-1","max-image-preview":"max-image-preview:large","max-video-preview":"max-video-preview:-1"},"canonical":"https:\/\/legrandreporter.net\/index.php\/2026\/08\/25\/justice-lancien-procureur-general-le-dr-eddy-minang-serait-radie-de-la-magistrature\/","og_locale":"en_US","og_type":"article","og_title":"Justice : l\u2019ancien Procureur g\u00e9n\u00e9ral, le Dr. Eddy Minang serait radi\u00e9 de la magistrature ?\u00a0 - le grand reporter","og_description":"C\u2019est un v\u00e9ritable tsunami dans le monde judiciaire. En effet, nos confr\u00e8res de la r\u00e9daction de Gabon M\u00e9dia Time, le magistrat Eddy Narcisse Minang aurait \u00e9t\u00e9 radi\u00e9 de la magistrature \u00e0 l\u2019issue de l\u2019audience disciplinaire du Conseil sup\u00e9rieur de la magistrature (CSM) tenue ce mardi 25 ao\u00fbt 2026 \u00e0 Libreville. La journ\u00e9e du 25 ao\u00fbt [&hellip;]","og_url":"https:\/\/legrandreporter.net\/index.php\/2026\/08\/25\/justice-lancien-procureur-general-le-dr-eddy-minang-serait-radie-de-la-magistrature\/","og_site_name":"le grand reporter","article_published_time":"2026-08-25T19:33:19+00:00","article_modified_time":"2026-08-25T19:33:21+00:00","og_image":[{"width":960,"height":1280,"url":"https:\/\/legrandreporter.net\/wp-content\/uploads\/2026\/08\/69aa6439-5fc1-44f4-b99b-d0a3ac75032c.jpeg","type":"image\/jpeg"}],"author":"admin","twitter_card":"summary_large_image","twitter_misc":{"Written by":"admin","Est. reading time":"2 minutes"},"schema":{"@context":"https:\/\/schema.org","@graph":[{"@type":"Article","@id":"https:\/\/legrandreporter.net\/index.php\/2026\/08\/25\/justice-lancien-procureur-general-le-dr-eddy-minang-serait-radie-de-la-magistrature\/#article","isPartOf":{"@id":"https:\/\/legrandreporter.net\/index.php\/2026\/08\/25\/justice-lancien-procureur-general-le-dr-eddy-minang-serait-radie-de-la-magistrature\/"},"author":{"name":"admin","@id":"https:\/\/legrandreporter.net\/#\/schema\/person\/e8aa07c283464fa600509a24e4de05a4"},"headline":"Justice : l\u2019ancien Procureur g\u00e9n\u00e9ral, le Dr. Eddy Minang serait radi\u00e9 de la magistrature ?\u00a0","datePublished":"2026-08-25T19:33:19+00:00","dateModified":"2026-08-25T19:33:21+00:00","mainEntityOfPage":{"@id":"https:\/\/legrandreporter.net\/index.php\/2026\/08\/25\/justice-lancien-procureur-general-le-dr-eddy-minang-serait-radie-de-la-magistrature\/"},"wordCount":216,"commentCount":0,"image":{"@id":"https:\/\/legrandreporter.net\/index.php\/2026\/08\/25\/justice-lancien-procureur-general-le-dr-eddy-minang-serait-radie-de-la-magistrature\/#primaryimage"},"thumbnailUrl":"https:\/\/legrandreporter.net\/wp-content\/uploads\/2026\/08\/69aa6439-5fc1-44f4-b99b-d0a3ac75032c.jpeg","articleSection":["SOCI\u00c9T\u00c9"],"inLanguage":"en-US","potentialAction":[{"@type":"CommentAction","name":"Comment","target":["https:\/\/legrandreporter.net\/index.php\/2026\/08\/25\/justice-lancien-procureur-general-le-dr-eddy-minang-serait-radie-de-la-magistrature\/#respond"]}]},{"@type":"WebPage","@id":"https:\/\/legrandreporter.net\/index.php\/2026\/08\/25\/justice-lancien-procureur-general-le-dr-eddy-minang-serait-radie-de-la-magistrature\/","url":"https:\/\/legrandreporter.net\/index.php\/2026\/08\/25\/justice-lancien-procureur-general-le-dr-eddy-minang-serait-radie-de-la-magistrature\/","name":"Justice : l\u2019ancien Procureur g\u00e9n\u00e9ral, le Dr. Eddy Minang serait radi\u00e9 de la magistrature ?\u00a0 - le grand reporter","isPartOf":{"@id":"https:\/\/legrandreporter.net\/#website"},"primaryImageOfPage":{"@id":"https:\/\/legrandreporter.net\/index.php\/2026\/08\/25\/justice-lancien-procureur-general-le-dr-eddy-minang-serait-radie-de-la-magistrature\/#primaryimage"},"image":{"@id":"https:\/\/legrandreporter.net\/index.php\/2026\/08\/25\/justice-lancien-procureur-general-le-dr-eddy-minang-serait-radie-de-la-magistrature\/#primaryimage"},"thumbnailUrl":"https:\/\/legrandreporter.net\/wp-content\/uploads\/2026\/08\/69aa6439-5fc1-44f4-b99b-d0a3ac75032c.jpeg","datePublished":"2026-08-25T19:33:19+00:00","dateModified":"2026-08-25T19:33:21+00:00","author":{"@id":"https:\/\/legrandreporter.net\/#\/schema\/person\/e8aa07c283464fa600509a24e4de05a4"},"breadcrumb":{"@id":"https:\/\/legrandreporter.net\/index.php\/2026\/08\/25\/justice-lancien-procureur-general-le-dr-eddy-minang-serait-radie-de-la-magistrature\/#breadcrumb"},"inLanguage":"en-US","potentialAction":[{"@type":"ReadAction","target":["https:\/\/legrandreporter.net\/index.php\/2026\/08\/25\/justice-lancien-procureur-general-le-dr-eddy-minang-serait-radie-de-la-magistrature\/"]}]},{"@type":"ImageObject","inLanguage":"en-US","@id":"https:\/\/legrandreporter.net\/index.php\/2026\/08\/25\/justice-lancien-procureur-general-le-dr-eddy-minang-serait-radie-de-la-magistrature\/#primaryimage","url":"https:\/\/legrandreporter.net\/wp-content\/uploads\/2026\/08\/69aa6439-5fc1-44f4-b99b-d0a3ac75032c.jpeg","contentUrl":"https:\/\/legrandreporter.net\/wp-content\/uploads\/2026\/08\/69aa6439-5fc1-44f4-b99b-d0a3ac75032c.jpeg","width":960,"height":1280},{"@type":"BreadcrumbList","@id":"https:\/\/legrandreporter.net\/index.php\/2026\/08\/25\/justice-lancien-procureur-general-le-dr-eddy-minang-serait-radie-de-la-magistrature\/#breadcrumb","itemListElement":[{"@type":"ListItem","position":1,"name":"Home","item":"https:\/\/legrandreporter.net\/"},{"@type":"ListItem","position":2,"name":"Justice : l\u2019ancien Procureur g\u00e9n\u00e9ral, le Dr. Eddy Minang serait radi\u00e9 de la magistrature ?\u00a0"}]},{"@type":"WebSite","@id":"https:\/\/legrandreporter.net\/#website","url":"https:\/\/legrandreporter.net\/","name":"le grand reporter","description":"L&#039;information sans fronti\u00e8res ","potentialAction":[{"@type":"SearchAction","target":{"@type":"EntryPoint","urlTemplate":"https:\/\/legrandreporter.net\/?s={search_term_string}"},"query-input":{"@type":"PropertyValueSpecification","valueRequired":true,"valueName":"search_term_string"}}],"inLanguage":"en-US"},{"@type":"Person","@id":"https:\/\/legrandreporter.net\/#\/schema\/person\/e8aa07c283464fa600509a24e4de05a4","name":"admin","image":{"@type":"ImageObject","inLanguage":"en-US","@id":"https:\/\/secure.gravatar.com\/avatar\/e741354a999001bf2381f32f080f9718157eaaa8510756b39bead01f99e50f81?s=96&d=mm&r=g","url":"https:\/\/secure.gravatar.com\/avatar\/e741354a999001bf2381f32f080f9718157eaaa8510756b39bead01f99e50f81?s=96&d=mm&r=g","contentUrl":"https:\/\/secure.gravatar.com\/avatar\/e741354a999001bf2381f32f080f9718157eaaa8510756b39bead01f99e50f81?s=96&d=mm&r=g","caption":"admin"},"sameAs":["https:\/\/legrandreporter.net"],"url":"https:\/\/legrandreporter.net\/index.php\/author\/admin\/"}]}},"_links":{"self":[{"href":"https:\/\/legrandreporter.net\/index.php\/wp-json\/wp\/v2\/posts\/629","targetHints":{"allow":["GET"]}}],"collection":[{"href":"https:\/\/legrandreporter.net\/index.php\/wp-json\/wp\/v2\/posts"}],"about":[{"href":"https:\/\/legrandreporter.net\/index.php\/wp-json\/wp\/v2\/types\/post"}],"author":[{"embeddable":true,"href":"https:\/\/legrandreporter.net\/index.php\/wp-json\/wp\/v2\/users\/1"}],"replies":[{"embeddable":true,"href":"https:\/\/legrandreporter.net\/index.php\/wp-json\/wp\/v2\/comments?post=629"}],"version-history":[{"count":1,"href":"https:\/\/legrandreporter.net\/index.php\/wp-json\/wp\/v2\/posts\/629\/revisions"}],"predecessor-version":[{"id":632,"href":"https:\/\/legrandreporter.net\/index.php\/wp-json\/wp\/v2\/posts\/629\/revisions\/632"}],"wp:featuredmedia":[{"embeddable":true,"href":"https:\/\/legrandreporter.net\/index.php\/wp-json\/wp\/v2\/media\/631"}],"wp:attachment":[{"href":"https:\/\/legrandreporter.net\/index.php\/wp-json\/wp\/v2\/media?parent=629"}],"wp:term":[{"taxonomy":"category","embeddable":true,"href":"https:\/\/legrandreporter.net\/index.php\/wp-json\/wp\/v2\/categories?post=629"},{"taxonomy":"post_tag","embeddable":true,"href":"https:\/\/legrandreporter.net\/index.php\/wp-json\/wp\/v2\/tags?post=629"}],"curies":[{"name":"wp","href":"https:\/\/api.w.org\/{rel}","templated":true}]}}