{"id":633,"date":"2026-08-26T12:27:43","date_gmt":"2026-08-26T10:27:43","guid":{"rendered":"https:\/\/legrandreporter.net\/?p=633"},"modified":"2026-08-26T12:27:46","modified_gmt":"2026-08-26T10:27:46","slug":"bikele-un-papa-et-ses-deux-enfants-decedent-dans-un-accident-de-circulation","status":"publish","type":"post","link":"https:\/\/legrandreporter.net\/index.php\/2026\/08\/26\/bikele-un-papa-et-ses-deux-enfants-decedent-dans-un-accident-de-circulation\/","title":{"rendered":"Bik\u00e9l\u00e9 : Un papa et ses deux enfants d\u00e9c\u00e8dent dans un accident de circulation\u00a0"},"content":{"rendered":"\n<p class=\"wp-block-paragraph\"><strong>C\u2019est la consternation \u00e0 Bik\u00e9l\u00e9 depuis la soir\u00e9e du mardi 25 ao\u00fbt, apr\u00e8s un violent accident de la circulation. D\u2019apr\u00e8s nos confr\u00e8res de Medzo 241, le drame aurait fait au moins trois morts sur le coup. Parmi les victimes figurent le conducteur du v\u00e9hicule ainsi que deux de ses neveux, qui se trouvaient \u00e0 bord du pick-up au moment de l\u2019accident<\/strong>.<\/p>\n\n\n\n<p class=\"wp-block-paragraph\">D\u2019apr\u00e8s les t\u00e9moignages recueillis sur place, l\u2019accident se serait produit aux alentours de 22 heures. Le conducteur roulait vraisemblablement \u00e0 vive allure avant de perdre le contr\u00f4le de son v\u00e9hicule. Le pick-up aurait alors quitt\u00e9 la chauss\u00e9e pour terminer sa course \u00e0 proximit\u00e9 imm\u00e9diate des habitations. La violence de l\u2019impact n\u2019aurait laiss\u00e9 aucune chance aux trois occupants, d\u00e9c\u00e9d\u00e9s surplace, selon les premi\u00e8res informations disponibles.<\/p>\n\n\n\n<p class=\"wp-block-paragraph\">Ce nouveau drame vient une nouvelle fois mettre en lumi\u00e8re la dangerosit\u00e9 de certains axes routiers dans la zone de Bik\u00e9l\u00e9. Si l\u2019exc\u00e8s de vitesse est avanc\u00e9 par les t\u00e9moins comme l\u2019une des causes pr\u00e9sum\u00e9es de l\u2019accident, les circonstances exactes du drame devront toutefois \u00eatre \u00e9tablies par les autorit\u00e9s comp\u00e9tentes. \u00c0 ce stade, il convient donc de rester prudent quant aux causes pr\u00e9cises de cette trag\u00e9die.<\/p>\n\n\n\n<p class=\"wp-block-paragraph\">En attendant les conclusions des \u00e9ventuelles investigations, ce violent accident plonge les familles des victimes et les habitants de Bik\u00e9l\u00e9 dans la douleur. Nos&nbsp; pens\u00e9es vont naturellement aux proches des trois personnes d\u00e9c\u00e9d\u00e9es dans ce drame. Nos sinc\u00e8res condol\u00e9ances aux familles endeuill\u00e9es.<\/p>\n\n\n\n<p class=\"wp-block-paragraph\"><\/p>\n","protected":false},"excerpt":{"rendered":"<p>C\u2019est la consternation \u00e0 Bik\u00e9l\u00e9 depuis la soir\u00e9e du mardi 25 ao\u00fbt, apr\u00e8s un violent accident de la circulation. D\u2019apr\u00e8s nos confr\u00e8res de Medzo 241, le drame aurait fait au moins trois morts sur le coup. Parmi les victimes figurent le conducteur du v\u00e9hicule ainsi que deux de ses neveux, qui se trouvaient \u00e0 bord [&hellip;]<\/p>\n","protected":false},"author":1,"featured_media":634,"comment_status":"open","ping_status":"open","sticky":false,"template":"","format":"standard","meta":{"footnotes":""},"categories":[5],"tags":[],"class_list":["post-633","post","type-post","status-publish","format-standard","has-post-thumbnail","hentry","category-societe"],"yoast_head":"<!-- This site is optimized with the Yoast SEO plugin v28.4 - https:\/\/yoast.com\/product\/yoast-seo-wordpress\/ -->\n<title>Bik\u00e9l\u00e9 : Un papa et ses deux enfants d\u00e9c\u00e8dent dans un accident de circulation\u00a0 - le grand reporter<\/title>\n<meta name=\"robots\" content=\"index, follow, max-snippet:-1, max-image-preview:large, max-video-preview:-1\" \/>\n<link rel=\"canonical\" href=\"https:\/\/legrandreporter.net\/index.php\/2026\/08\/26\/bikele-un-papa-et-ses-deux-enfants-decedent-dans-un-accident-de-circulation\/\" \/>\n<meta property=\"og:locale\" content=\"en_US\" \/>\n<meta property=\"og:type\" content=\"article\" \/>\n<meta property=\"og:title\" content=\"Bik\u00e9l\u00e9 : Un papa et ses deux enfants d\u00e9c\u00e8dent dans un accident de circulation\u00a0 - le grand reporter\" \/>\n<meta property=\"og:description\" content=\"C\u2019est la consternation \u00e0 Bik\u00e9l\u00e9 depuis la soir\u00e9e du mardi 25 ao\u00fbt, apr\u00e8s un violent accident de la circulation. D\u2019apr\u00e8s nos confr\u00e8res de Medzo 241, le drame aurait fait au moins trois morts sur le coup. Parmi les victimes figurent le conducteur du v\u00e9hicule ainsi que deux de ses neveux, qui se trouvaient \u00e0 bord [&hellip;]\" \/>\n<meta property=\"og:url\" content=\"https:\/\/legrandreporter.net\/index.php\/2026\/08\/26\/bikele-un-papa-et-ses-deux-enfants-decedent-dans-un-accident-de-circulation\/\" \/>\n<meta property=\"og:site_name\" content=\"le grand reporter\" \/>\n<meta property=\"article:published_time\" content=\"2026-08-26T10:27:43+00:00\" \/>\n<meta property=\"article:modified_time\" content=\"2026-08-26T10:27:46+00:00\" \/>\n<meta property=\"og:image\" content=\"https:\/\/legrandreporter.net\/wp-content\/uploads\/2026\/08\/b18a42ba-a75c-438e-a324-fda6c5bc8bab.jpeg\" \/>\n\t<meta property=\"og:image:width\" content=\"960\" \/>\n\t<meta property=\"og:image:height\" content=\"1280\" \/>\n\t<meta property=\"og:image:type\" content=\"image\/jpeg\" \/>\n<meta name=\"author\" content=\"admin\" \/>\n<meta name=\"twitter:card\" content=\"summary_large_image\" \/>\n<meta name=\"twitter:label1\" content=\"Written by\" \/>\n\t<meta name=\"twitter:data1\" content=\"admin\" \/>\n\t<meta name=\"twitter:label2\" content=\"Est. reading time\" \/>\n\t<meta name=\"twitter:data2\" content=\"2 minutes\" \/>\n<script type=\"application\/ld+json\" class=\"yoast-schema-graph\">{\"@context\":\"https:\\\/\\\/schema.org\",\"@graph\":[{\"@type\":\"Article\",\"@id\":\"https:\\\/\\\/legrandreporter.net\\\/index.php\\\/2026\\\/08\\\/26\\\/bikele-un-papa-et-ses-deux-enfants-decedent-dans-un-accident-de-circulation\\\/#article\",\"isPartOf\":{\"@id\":\"https:\\\/\\\/legrandreporter.net\\\/index.php\\\/2026\\\/08\\\/26\\\/bikele-un-papa-et-ses-deux-enfants-decedent-dans-un-accident-de-circulation\\\/\"},\"author\":{\"name\":\"admin\",\"@id\":\"https:\\\/\\\/legrandreporter.net\\\/#\\\/schema\\\/person\\\/e8aa07c283464fa600509a24e4de05a4\"},\"headline\":\"Bik\u00e9l\u00e9 : Un papa et ses deux enfants d\u00e9c\u00e8dent dans un accident de circulation\u00a0\",\"datePublished\":\"2026-08-26T10:27:43+00:00\",\"dateModified\":\"2026-08-26T10:27:46+00:00\",\"mainEntityOfPage\":{\"@id\":\"https:\\\/\\\/legrandreporter.net\\\/index.php\\\/2026\\\/08\\\/26\\\/bikele-un-papa-et-ses-deux-enfants-decedent-dans-un-accident-de-circulation\\\/\"},\"wordCount\":287,\"commentCount\":0,\"image\":{\"@id\":\"https:\\\/\\\/legrandreporter.net\\\/index.php\\\/2026\\\/08\\\/26\\\/bikele-un-papa-et-ses-deux-enfants-decedent-dans-un-accident-de-circulation\\\/#primaryimage\"},\"thumbnailUrl\":\"https:\\\/\\\/legrandreporter.net\\\/wp-content\\\/uploads\\\/2026\\\/08\\\/b18a42ba-a75c-438e-a324-fda6c5bc8bab.jpeg\",\"articleSection\":[\"SOCI\u00c9T\u00c9\"],\"inLanguage\":\"en-US\",\"potentialAction\":[{\"@type\":\"CommentAction\",\"name\":\"Comment\",\"target\":[\"https:\\\/\\\/legrandreporter.net\\\/index.php\\\/2026\\\/08\\\/26\\\/bikele-un-papa-et-ses-deux-enfants-decedent-dans-un-accident-de-circulation\\\/#respond\"]}]},{\"@type\":\"WebPage\",\"@id\":\"https:\\\/\\\/legrandreporter.net\\\/index.php\\\/2026\\\/08\\\/26\\\/bikele-un-papa-et-ses-deux-enfants-decedent-dans-un-accident-de-circulation\\\/\",\"url\":\"https:\\\/\\\/legrandreporter.net\\\/index.php\\\/2026\\\/08\\\/26\\\/bikele-un-papa-et-ses-deux-enfants-decedent-dans-un-accident-de-circulation\\\/\",\"name\":\"Bik\u00e9l\u00e9 : Un papa et ses deux enfants d\u00e9c\u00e8dent dans un accident de circulation\u00a0 - le grand reporter\",\"isPartOf\":{\"@id\":\"https:\\\/\\\/legrandreporter.net\\\/#website\"},\"primaryImageOfPage\":{\"@id\":\"https:\\\/\\\/legrandreporter.net\\\/index.php\\\/2026\\\/08\\\/26\\\/bikele-un-papa-et-ses-deux-enfants-decedent-dans-un-accident-de-circulation\\\/#primaryimage\"},\"image\":{\"@id\":\"https:\\\/\\\/legrandreporter.net\\\/index.php\\\/2026\\\/08\\\/26\\\/bikele-un-papa-et-ses-deux-enfants-decedent-dans-un-accident-de-circulation\\\/#primaryimage\"},\"thumbnailUrl\":\"https:\\\/\\\/legrandreporter.net\\\/wp-content\\\/uploads\\\/2026\\\/08\\\/b18a42ba-a75c-438e-a324-fda6c5bc8bab.jpeg\",\"datePublished\":\"2026-08-26T10:27:43+00:00\",\"dateModified\":\"2026-08-26T10:27:46+00:00\",\"author\":{\"@id\":\"https:\\\/\\\/legrandreporter.net\\\/#\\\/schema\\\/person\\\/e8aa07c283464fa600509a24e4de05a4\"},\"breadcrumb\":{\"@id\":\"https:\\\/\\\/legrandreporter.net\\\/index.php\\\/2026\\\/08\\\/26\\\/bikele-un-papa-et-ses-deux-enfants-decedent-dans-un-accident-de-circulation\\\/#breadcrumb\"},\"inLanguage\":\"en-US\",\"potentialAction\":[{\"@type\":\"ReadAction\",\"target\":[\"https:\\\/\\\/legrandreporter.net\\\/index.php\\\/2026\\\/08\\\/26\\\/bikele-un-papa-et-ses-deux-enfants-decedent-dans-un-accident-de-circulation\\\/\"]}]},{\"@type\":\"ImageObject\",\"inLanguage\":\"en-US\",\"@id\":\"https:\\\/\\\/legrandreporter.net\\\/index.php\\\/2026\\\/08\\\/26\\\/bikele-un-papa-et-ses-deux-enfants-decedent-dans-un-accident-de-circulation\\\/#primaryimage\",\"url\":\"https:\\\/\\\/legrandreporter.net\\\/wp-content\\\/uploads\\\/2026\\\/08\\\/b18a42ba-a75c-438e-a324-fda6c5bc8bab.jpeg\",\"contentUrl\":\"https:\\\/\\\/legrandreporter.net\\\/wp-content\\\/uploads\\\/2026\\\/08\\\/b18a42ba-a75c-438e-a324-fda6c5bc8bab.jpeg\",\"width\":960,\"height\":1280},{\"@type\":\"BreadcrumbList\",\"@id\":\"https:\\\/\\\/legrandreporter.net\\\/index.php\\\/2026\\\/08\\\/26\\\/bikele-un-papa-et-ses-deux-enfants-decedent-dans-un-accident-de-circulation\\\/#breadcrumb\",\"itemListElement\":[{\"@type\":\"ListItem\",\"position\":1,\"name\":\"Home\",\"item\":\"https:\\\/\\\/legrandreporter.net\\\/\"},{\"@type\":\"ListItem\",\"position\":2,\"name\":\"Bik\u00e9l\u00e9 : Un papa et ses deux enfants d\u00e9c\u00e8dent dans un accident de circulation\u00a0\"}]},{\"@type\":\"WebSite\",\"@id\":\"https:\\\/\\\/legrandreporter.net\\\/#website\",\"url\":\"https:\\\/\\\/legrandreporter.net\\\/\",\"name\":\"le grand reporter\",\"description\":\"L&#039;information sans fronti\u00e8res \",\"potentialAction\":[{\"@type\":\"SearchAction\",\"target\":{\"@type\":\"EntryPoint\",\"urlTemplate\":\"https:\\\/\\\/legrandreporter.net\\\/?s={search_term_string}\"},\"query-input\":{\"@type\":\"PropertyValueSpecification\",\"valueRequired\":true,\"valueName\":\"search_term_string\"}}],\"inLanguage\":\"en-US\"},{\"@type\":\"Person\",\"@id\":\"https:\\\/\\\/legrandreporter.net\\\/#\\\/schema\\\/person\\\/e8aa07c283464fa600509a24e4de05a4\",\"name\":\"admin\",\"image\":{\"@type\":\"ImageObject\",\"inLanguage\":\"en-US\",\"@id\":\"https:\\\/\\\/secure.gravatar.com\\\/avatar\\\/e741354a999001bf2381f32f080f9718157eaaa8510756b39bead01f99e50f81?s=96&d=mm&r=g\",\"url\":\"https:\\\/\\\/secure.gravatar.com\\\/avatar\\\/e741354a999001bf2381f32f080f9718157eaaa8510756b39bead01f99e50f81?s=96&d=mm&r=g\",\"contentUrl\":\"https:\\\/\\\/secure.gravatar.com\\\/avatar\\\/e741354a999001bf2381f32f080f9718157eaaa8510756b39bead01f99e50f81?s=96&d=mm&r=g\",\"caption\":\"admin\"},\"sameAs\":[\"https:\\\/\\\/legrandreporter.net\"],\"url\":\"https:\\\/\\\/legrandreporter.net\\\/index.php\\\/author\\\/admin\\\/\"}]}<\/script>\n<!-- \/ Yoast SEO plugin. -->","yoast_head_json":{"title":"Bik\u00e9l\u00e9 : Un papa et ses deux enfants d\u00e9c\u00e8dent dans un accident de circulation\u00a0 - le grand reporter","robots":{"index":"index","follow":"follow","max-snippet":"max-snippet:-1","max-image-preview":"max-image-preview:large","max-video-preview":"max-video-preview:-1"},"canonical":"https:\/\/legrandreporter.net\/index.php\/2026\/08\/26\/bikele-un-papa-et-ses-deux-enfants-decedent-dans-un-accident-de-circulation\/","og_locale":"en_US","og_type":"article","og_title":"Bik\u00e9l\u00e9 : Un papa et ses deux enfants d\u00e9c\u00e8dent dans un accident de circulation\u00a0 - le grand reporter","og_description":"C\u2019est la consternation \u00e0 Bik\u00e9l\u00e9 depuis la soir\u00e9e du mardi 25 ao\u00fbt, apr\u00e8s un violent accident de la circulation. D\u2019apr\u00e8s nos confr\u00e8res de Medzo 241, le drame aurait fait au moins trois morts sur le coup. Parmi les victimes figurent le conducteur du v\u00e9hicule ainsi que deux de ses neveux, qui se trouvaient \u00e0 bord [&hellip;]","og_url":"https:\/\/legrandreporter.net\/index.php\/2026\/08\/26\/bikele-un-papa-et-ses-deux-enfants-decedent-dans-un-accident-de-circulation\/","og_site_name":"le grand reporter","article_published_time":"2026-08-26T10:27:43+00:00","article_modified_time":"2026-08-26T10:27:46+00:00","og_image":[{"width":960,"height":1280,"url":"https:\/\/legrandreporter.net\/wp-content\/uploads\/2026\/08\/b18a42ba-a75c-438e-a324-fda6c5bc8bab.jpeg","type":"image\/jpeg"}],"author":"admin","twitter_card":"summary_large_image","twitter_misc":{"Written by":"admin","Est. reading time":"2 minutes"},"schema":{"@context":"https:\/\/schema.org","@graph":[{"@type":"Article","@id":"https:\/\/legrandreporter.net\/index.php\/2026\/08\/26\/bikele-un-papa-et-ses-deux-enfants-decedent-dans-un-accident-de-circulation\/#article","isPartOf":{"@id":"https:\/\/legrandreporter.net\/index.php\/2026\/08\/26\/bikele-un-papa-et-ses-deux-enfants-decedent-dans-un-accident-de-circulation\/"},"author":{"name":"admin","@id":"https:\/\/legrandreporter.net\/#\/schema\/person\/e8aa07c283464fa600509a24e4de05a4"},"headline":"Bik\u00e9l\u00e9 : Un papa et ses deux enfants d\u00e9c\u00e8dent dans un accident de circulation\u00a0","datePublished":"2026-08-26T10:27:43+00:00","dateModified":"2026-08-26T10:27:46+00:00","mainEntityOfPage":{"@id":"https:\/\/legrandreporter.net\/index.php\/2026\/08\/26\/bikele-un-papa-et-ses-deux-enfants-decedent-dans-un-accident-de-circulation\/"},"wordCount":287,"commentCount":0,"image":{"@id":"https:\/\/legrandreporter.net\/index.php\/2026\/08\/26\/bikele-un-papa-et-ses-deux-enfants-decedent-dans-un-accident-de-circulation\/#primaryimage"},"thumbnailUrl":"https:\/\/legrandreporter.net\/wp-content\/uploads\/2026\/08\/b18a42ba-a75c-438e-a324-fda6c5bc8bab.jpeg","articleSection":["SOCI\u00c9T\u00c9"],"inLanguage":"en-US","potentialAction":[{"@type":"CommentAction","name":"Comment","target":["https:\/\/legrandreporter.net\/index.php\/2026\/08\/26\/bikele-un-papa-et-ses-deux-enfants-decedent-dans-un-accident-de-circulation\/#respond"]}]},{"@type":"WebPage","@id":"https:\/\/legrandreporter.net\/index.php\/2026\/08\/26\/bikele-un-papa-et-ses-deux-enfants-decedent-dans-un-accident-de-circulation\/","url":"https:\/\/legrandreporter.net\/index.php\/2026\/08\/26\/bikele-un-papa-et-ses-deux-enfants-decedent-dans-un-accident-de-circulation\/","name":"Bik\u00e9l\u00e9 : Un papa et ses deux enfants d\u00e9c\u00e8dent dans un accident de circulation\u00a0 - le grand reporter","isPartOf":{"@id":"https:\/\/legrandreporter.net\/#website"},"primaryImageOfPage":{"@id":"https:\/\/legrandreporter.net\/index.php\/2026\/08\/26\/bikele-un-papa-et-ses-deux-enfants-decedent-dans-un-accident-de-circulation\/#primaryimage"},"image":{"@id":"https:\/\/legrandreporter.net\/index.php\/2026\/08\/26\/bikele-un-papa-et-ses-deux-enfants-decedent-dans-un-accident-de-circulation\/#primaryimage"},"thumbnailUrl":"https:\/\/legrandreporter.net\/wp-content\/uploads\/2026\/08\/b18a42ba-a75c-438e-a324-fda6c5bc8bab.jpeg","datePublished":"2026-08-26T10:27:43+00:00","dateModified":"2026-08-26T10:27:46+00:00","author":{"@id":"https:\/\/legrandreporter.net\/#\/schema\/person\/e8aa07c283464fa600509a24e4de05a4"},"breadcrumb":{"@id":"https:\/\/legrandreporter.net\/index.php\/2026\/08\/26\/bikele-un-papa-et-ses-deux-enfants-decedent-dans-un-accident-de-circulation\/#breadcrumb"},"inLanguage":"en-US","potentialAction":[{"@type":"ReadAction","target":["https:\/\/legrandreporter.net\/index.php\/2026\/08\/26\/bikele-un-papa-et-ses-deux-enfants-decedent-dans-un-accident-de-circulation\/"]}]},{"@type":"ImageObject","inLanguage":"en-US","@id":"https:\/\/legrandreporter.net\/index.php\/2026\/08\/26\/bikele-un-papa-et-ses-deux-enfants-decedent-dans-un-accident-de-circulation\/#primaryimage","url":"https:\/\/legrandreporter.net\/wp-content\/uploads\/2026\/08\/b18a42ba-a75c-438e-a324-fda6c5bc8bab.jpeg","contentUrl":"https:\/\/legrandreporter.net\/wp-content\/uploads\/2026\/08\/b18a42ba-a75c-438e-a324-fda6c5bc8bab.jpeg","width":960,"height":1280},{"@type":"BreadcrumbList","@id":"https:\/\/legrandreporter.net\/index.php\/2026\/08\/26\/bikele-un-papa-et-ses-deux-enfants-decedent-dans-un-accident-de-circulation\/#breadcrumb","itemListElement":[{"@type":"ListItem","position":1,"name":"Home","item":"https:\/\/legrandreporter.net\/"},{"@type":"ListItem","position":2,"name":"Bik\u00e9l\u00e9 : Un papa et ses deux enfants d\u00e9c\u00e8dent dans un accident de circulation\u00a0"}]},{"@type":"WebSite","@id":"https:\/\/legrandreporter.net\/#website","url":"https:\/\/legrandreporter.net\/","name":"le grand reporter","description":"L&#039;information sans fronti\u00e8res ","potentialAction":[{"@type":"SearchAction","target":{"@type":"EntryPoint","urlTemplate":"https:\/\/legrandreporter.net\/?s={search_term_string}"},"query-input":{"@type":"PropertyValueSpecification","valueRequired":true,"valueName":"search_term_string"}}],"inLanguage":"en-US"},{"@type":"Person","@id":"https:\/\/legrandreporter.net\/#\/schema\/person\/e8aa07c283464fa600509a24e4de05a4","name":"admin","image":{"@type":"ImageObject","inLanguage":"en-US","@id":"https:\/\/secure.gravatar.com\/avatar\/e741354a999001bf2381f32f080f9718157eaaa8510756b39bead01f99e50f81?s=96&d=mm&r=g","url":"https:\/\/secure.gravatar.com\/avatar\/e741354a999001bf2381f32f080f9718157eaaa8510756b39bead01f99e50f81?s=96&d=mm&r=g","contentUrl":"https:\/\/secure.gravatar.com\/avatar\/e741354a999001bf2381f32f080f9718157eaaa8510756b39bead01f99e50f81?s=96&d=mm&r=g","caption":"admin"},"sameAs":["https:\/\/legrandreporter.net"],"url":"https:\/\/legrandreporter.net\/index.php\/author\/admin\/"}]}},"_links":{"self":[{"href":"https:\/\/legrandreporter.net\/index.php\/wp-json\/wp\/v2\/posts\/633","targetHints":{"allow":["GET"]}}],"collection":[{"href":"https:\/\/legrandreporter.net\/index.php\/wp-json\/wp\/v2\/posts"}],"about":[{"href":"https:\/\/legrandreporter.net\/index.php\/wp-json\/wp\/v2\/types\/post"}],"author":[{"embeddable":true,"href":"https:\/\/legrandreporter.net\/index.php\/wp-json\/wp\/v2\/users\/1"}],"replies":[{"embeddable":true,"href":"https:\/\/legrandreporter.net\/index.php\/wp-json\/wp\/v2\/comments?post=633"}],"version-history":[{"count":1,"href":"https:\/\/legrandreporter.net\/index.php\/wp-json\/wp\/v2\/posts\/633\/revisions"}],"predecessor-version":[{"id":635,"href":"https:\/\/legrandreporter.net\/index.php\/wp-json\/wp\/v2\/posts\/633\/revisions\/635"}],"wp:featuredmedia":[{"embeddable":true,"href":"https:\/\/legrandreporter.net\/index.php\/wp-json\/wp\/v2\/media\/634"}],"wp:attachment":[{"href":"https:\/\/legrandreporter.net\/index.php\/wp-json\/wp\/v2\/media?parent=633"}],"wp:term":[{"taxonomy":"category","embeddable":true,"href":"https:\/\/legrandreporter.net\/index.php\/wp-json\/wp\/v2\/categories?post=633"},{"taxonomy":"post_tag","embeddable":true,"href":"https:\/\/legrandreporter.net\/index.php\/wp-json\/wp\/v2\/tags?post=633"}],"curies":[{"name":"wp","href":"https:\/\/api.w.org\/{rel}","templated":true}]}}