{"id":654,"date":"2026-08-28T19:09:05","date_gmt":"2026-08-28T17:09:05","guid":{"rendered":"https:\/\/legrandreporter.net\/?p=654"},"modified":"2026-08-28T19:09:07","modified_gmt":"2026-08-28T17:09:07","slug":"fete-de-la-liberation-oligui-nguema-rend-hommage-a-emmanuel-issoze-ngondet","status":"publish","type":"post","link":"https:\/\/legrandreporter.net\/index.php\/2026\/08\/28\/fete-de-la-liberation-oligui-nguema-rend-hommage-a-emmanuel-issoze-ngondet\/","title":{"rendered":"F\u00eate de la lib\u00e9ration : Oligui Nguema rend hommage \u00e0 Emmanuel Issoze Ngondet\u00a0"},"content":{"rendered":"\n<p class=\"wp-block-paragraph\"><strong>En d\u00e9placement dans la province de l\u2019Ogoou\u00e9-Ivindo dans le cadre des festivit\u00e9s du 30 Ao\u00fbt, marquant la f\u00eate de la lib\u00e9ration du Gabon, le pr\u00e9sident de la R\u00e9publique, Brice Clotaire Oligui Nguema a rendu hommage \u00e0 la m\u00e9moire de feu Franck Emmanuel Issoze Ngondet ce vendredi 28 Ao\u00fbt 2026 \u00e0 Makokou.<\/strong><\/p>\n\n\n\n<p class=\"wp-block-paragraph\">Le chef de l\u2019\u00c9tat a tenu \u00e0 saluer la m\u00e9moire de l\u2019ancien premier ministre et figure politique gabonaise originaire de Makokou, d\u00e9c\u00e9d\u00e9 le 11 juin 2020 \u00e0 l\u2019\u00e2ge de 59 ans.<\/p>\n\n\n\n<p class=\"wp-block-paragraph\">\u00c0 travers cet hommage, le pr\u00e9sident de la R\u00e9publique r\u00e9affirme sa volont\u00e9 de pr\u00e9server la m\u00e9moire des personnalit\u00e9s ayant contribu\u00e9 \u00e0 l\u2019histoire politique et sociale du Gabon.<\/p>\n\n\n\n<p class=\"wp-block-paragraph\"><\/p>\n","protected":false},"excerpt":{"rendered":"<p>En d\u00e9placement dans la province de l\u2019Ogoou\u00e9-Ivindo dans le cadre des festivit\u00e9s du 30 Ao\u00fbt, marquant la f\u00eate de la lib\u00e9ration du Gabon, le pr\u00e9sident de la R\u00e9publique, Brice Clotaire Oligui Nguema a rendu hommage \u00e0 la m\u00e9moire de feu Franck Emmanuel Issoze Ngondet ce vendredi 28 Ao\u00fbt 2026 \u00e0 Makokou. Le chef de l\u2019\u00c9tat [&hellip;]<\/p>\n","protected":false},"author":1,"featured_media":655,"comment_status":"open","ping_status":"open","sticky":false,"template":"","format":"standard","meta":{"footnotes":""},"categories":[1],"tags":[],"class_list":["post-654","post","type-post","status-publish","format-standard","has-post-thumbnail","hentry","category-politique"],"yoast_head":"<!-- This site is optimized with the Yoast SEO plugin v28.4 - https:\/\/yoast.com\/product\/yoast-seo-wordpress\/ -->\n<title>F\u00eate de la lib\u00e9ration : Oligui Nguema rend hommage \u00e0 Emmanuel Issoze Ngondet\u00a0 - le grand reporter<\/title>\n<meta name=\"robots\" content=\"index, follow, max-snippet:-1, max-image-preview:large, max-video-preview:-1\" \/>\n<link rel=\"canonical\" href=\"https:\/\/legrandreporter.net\/index.php\/2026\/08\/28\/fete-de-la-liberation-oligui-nguema-rend-hommage-a-emmanuel-issoze-ngondet\/\" \/>\n<meta property=\"og:locale\" content=\"en_US\" \/>\n<meta property=\"og:type\" content=\"article\" \/>\n<meta property=\"og:title\" content=\"F\u00eate de la lib\u00e9ration : Oligui Nguema rend hommage \u00e0 Emmanuel Issoze Ngondet\u00a0 - le grand reporter\" \/>\n<meta property=\"og:description\" content=\"En d\u00e9placement dans la province de l\u2019Ogoou\u00e9-Ivindo dans le cadre des festivit\u00e9s du 30 Ao\u00fbt, marquant la f\u00eate de la lib\u00e9ration du Gabon, le pr\u00e9sident de la R\u00e9publique, Brice Clotaire Oligui Nguema a rendu hommage \u00e0 la m\u00e9moire de feu Franck Emmanuel Issoze Ngondet ce vendredi 28 Ao\u00fbt 2026 \u00e0 Makokou. Le chef de l\u2019\u00c9tat [&hellip;]\" \/>\n<meta property=\"og:url\" content=\"https:\/\/legrandreporter.net\/index.php\/2026\/08\/28\/fete-de-la-liberation-oligui-nguema-rend-hommage-a-emmanuel-issoze-ngondet\/\" \/>\n<meta property=\"og:site_name\" content=\"le grand reporter\" \/>\n<meta property=\"article:published_time\" content=\"2026-08-28T17:09:05+00:00\" \/>\n<meta property=\"article:modified_time\" content=\"2026-08-28T17:09:07+00:00\" \/>\n<meta property=\"og:image\" content=\"https:\/\/legrandreporter.net\/wp-content\/uploads\/2026\/08\/eeece409-de18-4a5f-bfb7-6b80f18b3684.jpeg\" \/>\n\t<meta property=\"og:image:width\" content=\"960\" \/>\n\t<meta property=\"og:image:height\" content=\"1280\" \/>\n\t<meta property=\"og:image:type\" content=\"image\/jpeg\" \/>\n<meta name=\"author\" content=\"admin\" \/>\n<meta name=\"twitter:card\" content=\"summary_large_image\" \/>\n<meta name=\"twitter:label1\" content=\"Written by\" \/>\n\t<meta name=\"twitter:data1\" content=\"admin\" \/>\n\t<meta name=\"twitter:label2\" content=\"Est. reading time\" \/>\n\t<meta name=\"twitter:data2\" content=\"1 minute\" \/>\n<script type=\"application\/ld+json\" class=\"yoast-schema-graph\">{\"@context\":\"https:\\\/\\\/schema.org\",\"@graph\":[{\"@type\":\"Article\",\"@id\":\"https:\\\/\\\/legrandreporter.net\\\/index.php\\\/2026\\\/08\\\/28\\\/fete-de-la-liberation-oligui-nguema-rend-hommage-a-emmanuel-issoze-ngondet\\\/#article\",\"isPartOf\":{\"@id\":\"https:\\\/\\\/legrandreporter.net\\\/index.php\\\/2026\\\/08\\\/28\\\/fete-de-la-liberation-oligui-nguema-rend-hommage-a-emmanuel-issoze-ngondet\\\/\"},\"author\":{\"name\":\"admin\",\"@id\":\"https:\\\/\\\/legrandreporter.net\\\/#\\\/schema\\\/person\\\/e8aa07c283464fa600509a24e4de05a4\"},\"headline\":\"F\u00eate de la lib\u00e9ration : Oligui Nguema rend hommage \u00e0 Emmanuel Issoze Ngondet\u00a0\",\"datePublished\":\"2026-08-28T17:09:05+00:00\",\"dateModified\":\"2026-08-28T17:09:07+00:00\",\"mainEntityOfPage\":{\"@id\":\"https:\\\/\\\/legrandreporter.net\\\/index.php\\\/2026\\\/08\\\/28\\\/fete-de-la-liberation-oligui-nguema-rend-hommage-a-emmanuel-issoze-ngondet\\\/\"},\"wordCount\":134,\"commentCount\":0,\"image\":{\"@id\":\"https:\\\/\\\/legrandreporter.net\\\/index.php\\\/2026\\\/08\\\/28\\\/fete-de-la-liberation-oligui-nguema-rend-hommage-a-emmanuel-issoze-ngondet\\\/#primaryimage\"},\"thumbnailUrl\":\"https:\\\/\\\/legrandreporter.net\\\/wp-content\\\/uploads\\\/2026\\\/08\\\/eeece409-de18-4a5f-bfb7-6b80f18b3684.jpeg\",\"articleSection\":[\"POLITIQUE\"],\"inLanguage\":\"en-US\",\"potentialAction\":[{\"@type\":\"CommentAction\",\"name\":\"Comment\",\"target\":[\"https:\\\/\\\/legrandreporter.net\\\/index.php\\\/2026\\\/08\\\/28\\\/fete-de-la-liberation-oligui-nguema-rend-hommage-a-emmanuel-issoze-ngondet\\\/#respond\"]}]},{\"@type\":\"WebPage\",\"@id\":\"https:\\\/\\\/legrandreporter.net\\\/index.php\\\/2026\\\/08\\\/28\\\/fete-de-la-liberation-oligui-nguema-rend-hommage-a-emmanuel-issoze-ngondet\\\/\",\"url\":\"https:\\\/\\\/legrandreporter.net\\\/index.php\\\/2026\\\/08\\\/28\\\/fete-de-la-liberation-oligui-nguema-rend-hommage-a-emmanuel-issoze-ngondet\\\/\",\"name\":\"F\u00eate de la lib\u00e9ration : Oligui Nguema rend hommage \u00e0 Emmanuel Issoze Ngondet\u00a0 - le grand reporter\",\"isPartOf\":{\"@id\":\"https:\\\/\\\/legrandreporter.net\\\/#website\"},\"primaryImageOfPage\":{\"@id\":\"https:\\\/\\\/legrandreporter.net\\\/index.php\\\/2026\\\/08\\\/28\\\/fete-de-la-liberation-oligui-nguema-rend-hommage-a-emmanuel-issoze-ngondet\\\/#primaryimage\"},\"image\":{\"@id\":\"https:\\\/\\\/legrandreporter.net\\\/index.php\\\/2026\\\/08\\\/28\\\/fete-de-la-liberation-oligui-nguema-rend-hommage-a-emmanuel-issoze-ngondet\\\/#primaryimage\"},\"thumbnailUrl\":\"https:\\\/\\\/legrandreporter.net\\\/wp-content\\\/uploads\\\/2026\\\/08\\\/eeece409-de18-4a5f-bfb7-6b80f18b3684.jpeg\",\"datePublished\":\"2026-08-28T17:09:05+00:00\",\"dateModified\":\"2026-08-28T17:09:07+00:00\",\"author\":{\"@id\":\"https:\\\/\\\/legrandreporter.net\\\/#\\\/schema\\\/person\\\/e8aa07c283464fa600509a24e4de05a4\"},\"breadcrumb\":{\"@id\":\"https:\\\/\\\/legrandreporter.net\\\/index.php\\\/2026\\\/08\\\/28\\\/fete-de-la-liberation-oligui-nguema-rend-hommage-a-emmanuel-issoze-ngondet\\\/#breadcrumb\"},\"inLanguage\":\"en-US\",\"potentialAction\":[{\"@type\":\"ReadAction\",\"target\":[\"https:\\\/\\\/legrandreporter.net\\\/index.php\\\/2026\\\/08\\\/28\\\/fete-de-la-liberation-oligui-nguema-rend-hommage-a-emmanuel-issoze-ngondet\\\/\"]}]},{\"@type\":\"ImageObject\",\"inLanguage\":\"en-US\",\"@id\":\"https:\\\/\\\/legrandreporter.net\\\/index.php\\\/2026\\\/08\\\/28\\\/fete-de-la-liberation-oligui-nguema-rend-hommage-a-emmanuel-issoze-ngondet\\\/#primaryimage\",\"url\":\"https:\\\/\\\/legrandreporter.net\\\/wp-content\\\/uploads\\\/2026\\\/08\\\/eeece409-de18-4a5f-bfb7-6b80f18b3684.jpeg\",\"contentUrl\":\"https:\\\/\\\/legrandreporter.net\\\/wp-content\\\/uploads\\\/2026\\\/08\\\/eeece409-de18-4a5f-bfb7-6b80f18b3684.jpeg\",\"width\":960,\"height\":1280},{\"@type\":\"BreadcrumbList\",\"@id\":\"https:\\\/\\\/legrandreporter.net\\\/index.php\\\/2026\\\/08\\\/28\\\/fete-de-la-liberation-oligui-nguema-rend-hommage-a-emmanuel-issoze-ngondet\\\/#breadcrumb\",\"itemListElement\":[{\"@type\":\"ListItem\",\"position\":1,\"name\":\"Home\",\"item\":\"https:\\\/\\\/legrandreporter.net\\\/\"},{\"@type\":\"ListItem\",\"position\":2,\"name\":\"F\u00eate de la lib\u00e9ration : Oligui Nguema rend hommage \u00e0 Emmanuel Issoze Ngondet\u00a0\"}]},{\"@type\":\"WebSite\",\"@id\":\"https:\\\/\\\/legrandreporter.net\\\/#website\",\"url\":\"https:\\\/\\\/legrandreporter.net\\\/\",\"name\":\"le grand reporter\",\"description\":\"L&#039;information sans fronti\u00e8res \",\"potentialAction\":[{\"@type\":\"SearchAction\",\"target\":{\"@type\":\"EntryPoint\",\"urlTemplate\":\"https:\\\/\\\/legrandreporter.net\\\/?s={search_term_string}\"},\"query-input\":{\"@type\":\"PropertyValueSpecification\",\"valueRequired\":true,\"valueName\":\"search_term_string\"}}],\"inLanguage\":\"en-US\"},{\"@type\":\"Person\",\"@id\":\"https:\\\/\\\/legrandreporter.net\\\/#\\\/schema\\\/person\\\/e8aa07c283464fa600509a24e4de05a4\",\"name\":\"admin\",\"image\":{\"@type\":\"ImageObject\",\"inLanguage\":\"en-US\",\"@id\":\"https:\\\/\\\/secure.gravatar.com\\\/avatar\\\/e741354a999001bf2381f32f080f9718157eaaa8510756b39bead01f99e50f81?s=96&d=mm&r=g\",\"url\":\"https:\\\/\\\/secure.gravatar.com\\\/avatar\\\/e741354a999001bf2381f32f080f9718157eaaa8510756b39bead01f99e50f81?s=96&d=mm&r=g\",\"contentUrl\":\"https:\\\/\\\/secure.gravatar.com\\\/avatar\\\/e741354a999001bf2381f32f080f9718157eaaa8510756b39bead01f99e50f81?s=96&d=mm&r=g\",\"caption\":\"admin\"},\"sameAs\":[\"https:\\\/\\\/legrandreporter.net\"],\"url\":\"https:\\\/\\\/legrandreporter.net\\\/index.php\\\/author\\\/admin\\\/\"}]}<\/script>\n<!-- \/ Yoast SEO plugin. -->","yoast_head_json":{"title":"F\u00eate de la lib\u00e9ration : Oligui Nguema rend hommage \u00e0 Emmanuel Issoze Ngondet\u00a0 - le grand reporter","robots":{"index":"index","follow":"follow","max-snippet":"max-snippet:-1","max-image-preview":"max-image-preview:large","max-video-preview":"max-video-preview:-1"},"canonical":"https:\/\/legrandreporter.net\/index.php\/2026\/08\/28\/fete-de-la-liberation-oligui-nguema-rend-hommage-a-emmanuel-issoze-ngondet\/","og_locale":"en_US","og_type":"article","og_title":"F\u00eate de la lib\u00e9ration : Oligui Nguema rend hommage \u00e0 Emmanuel Issoze Ngondet\u00a0 - le grand reporter","og_description":"En d\u00e9placement dans la province de l\u2019Ogoou\u00e9-Ivindo dans le cadre des festivit\u00e9s du 30 Ao\u00fbt, marquant la f\u00eate de la lib\u00e9ration du Gabon, le pr\u00e9sident de la R\u00e9publique, Brice Clotaire Oligui Nguema a rendu hommage \u00e0 la m\u00e9moire de feu Franck Emmanuel Issoze Ngondet ce vendredi 28 Ao\u00fbt 2026 \u00e0 Makokou. Le chef de l\u2019\u00c9tat [&hellip;]","og_url":"https:\/\/legrandreporter.net\/index.php\/2026\/08\/28\/fete-de-la-liberation-oligui-nguema-rend-hommage-a-emmanuel-issoze-ngondet\/","og_site_name":"le grand reporter","article_published_time":"2026-08-28T17:09:05+00:00","article_modified_time":"2026-08-28T17:09:07+00:00","og_image":[{"width":960,"height":1280,"url":"https:\/\/legrandreporter.net\/wp-content\/uploads\/2026\/08\/eeece409-de18-4a5f-bfb7-6b80f18b3684.jpeg","type":"image\/jpeg"}],"author":"admin","twitter_card":"summary_large_image","twitter_misc":{"Written by":"admin","Est. reading time":"1 minute"},"schema":{"@context":"https:\/\/schema.org","@graph":[{"@type":"Article","@id":"https:\/\/legrandreporter.net\/index.php\/2026\/08\/28\/fete-de-la-liberation-oligui-nguema-rend-hommage-a-emmanuel-issoze-ngondet\/#article","isPartOf":{"@id":"https:\/\/legrandreporter.net\/index.php\/2026\/08\/28\/fete-de-la-liberation-oligui-nguema-rend-hommage-a-emmanuel-issoze-ngondet\/"},"author":{"name":"admin","@id":"https:\/\/legrandreporter.net\/#\/schema\/person\/e8aa07c283464fa600509a24e4de05a4"},"headline":"F\u00eate de la lib\u00e9ration : Oligui Nguema rend hommage \u00e0 Emmanuel Issoze Ngondet\u00a0","datePublished":"2026-08-28T17:09:05+00:00","dateModified":"2026-08-28T17:09:07+00:00","mainEntityOfPage":{"@id":"https:\/\/legrandreporter.net\/index.php\/2026\/08\/28\/fete-de-la-liberation-oligui-nguema-rend-hommage-a-emmanuel-issoze-ngondet\/"},"wordCount":134,"commentCount":0,"image":{"@id":"https:\/\/legrandreporter.net\/index.php\/2026\/08\/28\/fete-de-la-liberation-oligui-nguema-rend-hommage-a-emmanuel-issoze-ngondet\/#primaryimage"},"thumbnailUrl":"https:\/\/legrandreporter.net\/wp-content\/uploads\/2026\/08\/eeece409-de18-4a5f-bfb7-6b80f18b3684.jpeg","articleSection":["POLITIQUE"],"inLanguage":"en-US","potentialAction":[{"@type":"CommentAction","name":"Comment","target":["https:\/\/legrandreporter.net\/index.php\/2026\/08\/28\/fete-de-la-liberation-oligui-nguema-rend-hommage-a-emmanuel-issoze-ngondet\/#respond"]}]},{"@type":"WebPage","@id":"https:\/\/legrandreporter.net\/index.php\/2026\/08\/28\/fete-de-la-liberation-oligui-nguema-rend-hommage-a-emmanuel-issoze-ngondet\/","url":"https:\/\/legrandreporter.net\/index.php\/2026\/08\/28\/fete-de-la-liberation-oligui-nguema-rend-hommage-a-emmanuel-issoze-ngondet\/","name":"F\u00eate de la lib\u00e9ration : Oligui Nguema rend hommage \u00e0 Emmanuel Issoze Ngondet\u00a0 - le grand reporter","isPartOf":{"@id":"https:\/\/legrandreporter.net\/#website"},"primaryImageOfPage":{"@id":"https:\/\/legrandreporter.net\/index.php\/2026\/08\/28\/fete-de-la-liberation-oligui-nguema-rend-hommage-a-emmanuel-issoze-ngondet\/#primaryimage"},"image":{"@id":"https:\/\/legrandreporter.net\/index.php\/2026\/08\/28\/fete-de-la-liberation-oligui-nguema-rend-hommage-a-emmanuel-issoze-ngondet\/#primaryimage"},"thumbnailUrl":"https:\/\/legrandreporter.net\/wp-content\/uploads\/2026\/08\/eeece409-de18-4a5f-bfb7-6b80f18b3684.jpeg","datePublished":"2026-08-28T17:09:05+00:00","dateModified":"2026-08-28T17:09:07+00:00","author":{"@id":"https:\/\/legrandreporter.net\/#\/schema\/person\/e8aa07c283464fa600509a24e4de05a4"},"breadcrumb":{"@id":"https:\/\/legrandreporter.net\/index.php\/2026\/08\/28\/fete-de-la-liberation-oligui-nguema-rend-hommage-a-emmanuel-issoze-ngondet\/#breadcrumb"},"inLanguage":"en-US","potentialAction":[{"@type":"ReadAction","target":["https:\/\/legrandreporter.net\/index.php\/2026\/08\/28\/fete-de-la-liberation-oligui-nguema-rend-hommage-a-emmanuel-issoze-ngondet\/"]}]},{"@type":"ImageObject","inLanguage":"en-US","@id":"https:\/\/legrandreporter.net\/index.php\/2026\/08\/28\/fete-de-la-liberation-oligui-nguema-rend-hommage-a-emmanuel-issoze-ngondet\/#primaryimage","url":"https:\/\/legrandreporter.net\/wp-content\/uploads\/2026\/08\/eeece409-de18-4a5f-bfb7-6b80f18b3684.jpeg","contentUrl":"https:\/\/legrandreporter.net\/wp-content\/uploads\/2026\/08\/eeece409-de18-4a5f-bfb7-6b80f18b3684.jpeg","width":960,"height":1280},{"@type":"BreadcrumbList","@id":"https:\/\/legrandreporter.net\/index.php\/2026\/08\/28\/fete-de-la-liberation-oligui-nguema-rend-hommage-a-emmanuel-issoze-ngondet\/#breadcrumb","itemListElement":[{"@type":"ListItem","position":1,"name":"Home","item":"https:\/\/legrandreporter.net\/"},{"@type":"ListItem","position":2,"name":"F\u00eate de la lib\u00e9ration : Oligui Nguema rend hommage \u00e0 Emmanuel Issoze Ngondet\u00a0"}]},{"@type":"WebSite","@id":"https:\/\/legrandreporter.net\/#website","url":"https:\/\/legrandreporter.net\/","name":"le grand reporter","description":"L&#039;information sans fronti\u00e8res ","potentialAction":[{"@type":"SearchAction","target":{"@type":"EntryPoint","urlTemplate":"https:\/\/legrandreporter.net\/?s={search_term_string}"},"query-input":{"@type":"PropertyValueSpecification","valueRequired":true,"valueName":"search_term_string"}}],"inLanguage":"en-US"},{"@type":"Person","@id":"https:\/\/legrandreporter.net\/#\/schema\/person\/e8aa07c283464fa600509a24e4de05a4","name":"admin","image":{"@type":"ImageObject","inLanguage":"en-US","@id":"https:\/\/secure.gravatar.com\/avatar\/e741354a999001bf2381f32f080f9718157eaaa8510756b39bead01f99e50f81?s=96&d=mm&r=g","url":"https:\/\/secure.gravatar.com\/avatar\/e741354a999001bf2381f32f080f9718157eaaa8510756b39bead01f99e50f81?s=96&d=mm&r=g","contentUrl":"https:\/\/secure.gravatar.com\/avatar\/e741354a999001bf2381f32f080f9718157eaaa8510756b39bead01f99e50f81?s=96&d=mm&r=g","caption":"admin"},"sameAs":["https:\/\/legrandreporter.net"],"url":"https:\/\/legrandreporter.net\/index.php\/author\/admin\/"}]}},"_links":{"self":[{"href":"https:\/\/legrandreporter.net\/index.php\/wp-json\/wp\/v2\/posts\/654","targetHints":{"allow":["GET"]}}],"collection":[{"href":"https:\/\/legrandreporter.net\/index.php\/wp-json\/wp\/v2\/posts"}],"about":[{"href":"https:\/\/legrandreporter.net\/index.php\/wp-json\/wp\/v2\/types\/post"}],"author":[{"embeddable":true,"href":"https:\/\/legrandreporter.net\/index.php\/wp-json\/wp\/v2\/users\/1"}],"replies":[{"embeddable":true,"href":"https:\/\/legrandreporter.net\/index.php\/wp-json\/wp\/v2\/comments?post=654"}],"version-history":[{"count":1,"href":"https:\/\/legrandreporter.net\/index.php\/wp-json\/wp\/v2\/posts\/654\/revisions"}],"predecessor-version":[{"id":656,"href":"https:\/\/legrandreporter.net\/index.php\/wp-json\/wp\/v2\/posts\/654\/revisions\/656"}],"wp:featuredmedia":[{"embeddable":true,"href":"https:\/\/legrandreporter.net\/index.php\/wp-json\/wp\/v2\/media\/655"}],"wp:attachment":[{"href":"https:\/\/legrandreporter.net\/index.php\/wp-json\/wp\/v2\/media?parent=654"}],"wp:term":[{"taxonomy":"category","embeddable":true,"href":"https:\/\/legrandreporter.net\/index.php\/wp-json\/wp\/v2\/categories?post=654"},{"taxonomy":"post_tag","embeddable":true,"href":"https:\/\/legrandreporter.net\/index.php\/wp-json\/wp\/v2\/tags?post=654"}],"curies":[{"name":"wp","href":"https:\/\/api.w.org\/{rel}","templated":true}]}}