{"id":657,"date":"2026-08-29T10:15:06","date_gmt":"2026-08-29T08:15:06","guid":{"rendered":"https:\/\/legrandreporter.net\/?p=657"},"modified":"2026-08-29T10:15:08","modified_gmt":"2026-08-29T08:15:08","slug":"fete-de-la-liberation-a-booue-oligui-nguema-inaugure-un-hopital-moderne","status":"publish","type":"post","link":"https:\/\/legrandreporter.net\/index.php\/2026\/08\/29\/fete-de-la-liberation-a-booue-oligui-nguema-inaugure-un-hopital-moderne\/","title":{"rendered":"F\u00eate de la lib\u00e9ration : \u00c0 Boou\u00e9, Oligui Nguema inaugure un h\u00f4pital moderne\u00a0"},"content":{"rendered":"\n<p class=\"wp-block-paragraph\"><strong>C\u2019est dans le cadre de la c\u00e9l\u00e9bration du troisi\u00e8me anniversaire de la Lib\u00e9ration, que le pr\u00e9sident Brice Clotaire Oligui Nguema a inaugur\u00e9, ce vendredi 28 ao\u00fbt, l\u2019h\u00f4pital d\u00e9partemental de Boou\u00e9. Issu de la r\u00e9habilitation et de l\u2019extension de l\u2019ancien centre m\u00e9dical, l\u2019\u00e9tablissement constitue un renforcement majeur de l\u2019offre de soins dans le d\u00e9partement de la Lop\u00e9 et illustre la volont\u00e9 du Chef de l\u2019\u00c9tat de faire des services essentiels un levier de transformation des territoires.<\/strong><\/p>\n\n\n\n<p class=\"wp-block-paragraph\">\u00c0 Boou\u00e9, la c\u00e9l\u00e9bration de la Lib\u00e9ration prend aussi la forme d\u2019un \u00e9quipement qui touche directement \u00e0 la vie quotidienne.<\/p>\n\n\n\n<p class=\"wp-block-paragraph\">Ce vendredi 28 ao\u00fbt 2026, Brice Clotaire Oligui Nguema a proc\u00e9d\u00e9 \u00e0 l\u2019inauguration de l\u2019h\u00f4pital d\u00e9partemental de Boou\u00e9, dans le d\u00e9partement de la Lop\u00e9, province de l\u2019Ogoou\u00e9-Ivindo.<\/p>\n\n\n\n<p class=\"wp-block-paragraph\">\u00c0 deux jours des grandes c\u00e9l\u00e9brations nationales du 30 ao\u00fbt, le Chef de l\u2019\u00c9tat poursuit ainsi une s\u00e9quence plac\u00e9e sous le signe des r\u00e9alisations concr\u00e8tes dans une province devenue, cette ann\u00e9e, le c\u0153ur des comm\u00e9morations de la Lib\u00e9ration.<\/p>\n\n\n\n<p class=\"wp-block-paragraph\">Et parmi ces r\u00e9alisations, la sant\u00e9 occupe une place particuli\u00e8re.<\/p>\n\n\n\n<p class=\"wp-block-paragraph\"><strong>De l\u2019ancien centre m\u00e9dical \u00e0 un v\u00e9ritable h\u00f4pital d\u00e9partemental<\/strong><\/p>\n\n\n\n<figure class=\"wp-block-image size-large\"><img width=\"1024\" height=\"865\"  alt=\"\" class=\"wp-image-658\"\/ loading=\"eager\" fetchpriority=\"high\" decoding=\"async\" src=\"https:\/\/legrandreporter.net\/wp-content\/uploads\/2026\/08\/IMG_1509-1024x865.jpeg\" srcset=\"https:\/\/legrandreporter.net\/wp-content\/uploads\/2026\/08\/IMG_1509-1024x865.jpeg 1024w, https:\/\/legrandreporter.net\/wp-content\/uploads\/2026\/08\/IMG_1509-300x253.jpeg 300w, https:\/\/legrandreporter.net\/wp-content\/uploads\/2026\/08\/IMG_1509-768x649.jpeg 768w, https:\/\/legrandreporter.net\/wp-content\/uploads\/2026\/08\/IMG_1509.jpeg 1080w\" sizes=\"(max-width: 1024px) 100vw, 1024px\" \/><\/figure>\n\n\n\n<p class=\"wp-block-paragraph\">Le nouvel \u00e9tablissement est le r\u00e9sultat de la r\u00e9habilitation et de l\u2019extension de l\u2019ancien Centre m\u00e9dical de Boou\u00e9.<\/p>\n\n\n\n<p class=\"wp-block-paragraph\">Le projet a \u00e9t\u00e9 r\u00e9alis\u00e9 dans le cadre d\u2019un partenariat entre l\u2019\u00c9tat gabonais, \u00e0 travers le minist\u00e8re de la Sant\u00e9, et la Soci\u00e9t\u00e9 d\u2019Exploitation du Transgabonais (SETRAG).<\/p>\n\n\n\n<p class=\"wp-block-paragraph\">L\u2019entreprise a assur\u00e9 le financement et la construction de l\u2019infrastructure, pour un investissement de 1,104 milliard de francs CFA, apr\u00e8s 17 mois de travaux.<\/p>\n\n\n\n<p class=\"wp-block-paragraph\">Le nouvel h\u00f4pital s\u2019\u00e9tend sur environ 3 400 m\u00b2, dont un bloc m\u00e9dical de 840 m\u00b2, et dispose d\u2019une capacit\u00e9 de 14 lits.<\/p>\n\n\n\n<p class=\"wp-block-paragraph\">Son offre de soins comprend notamment les consultations externes, la gyn\u00e9cologie, la maternit\u00e9, le laboratoire, l\u2019imagerie m\u00e9dicale, le bloc op\u00e9ratoire ainsi que des espaces d\u2019hospitalisation destin\u00e9s aux adultes et aux enfants.<\/p>\n\n\n\n<p class=\"wp-block-paragraph\">Pour les populations de Boou\u00e9 et du d\u00e9partement de la Lop\u00e9, le changement est consid\u00e9rable.<\/p>\n\n\n\n<p class=\"wp-block-paragraph\"><strong>Des \u00e9quipements pour aller au-del\u00e0 du simple b\u00e2timent<\/strong><\/p>\n\n\n\n<figure class=\"wp-block-image size-large\"><img width=\"1024\" height=\"685\"  alt=\"\" class=\"wp-image-659\"\/ loading=\"lazy\" decoding=\"async\" src=\"https:\/\/legrandreporter.net\/wp-content\/uploads\/2026\/08\/IMG_1511-1024x685.jpeg\" srcset=\"https:\/\/legrandreporter.net\/wp-content\/uploads\/2026\/08\/IMG_1511-1024x685.jpeg 1024w, https:\/\/legrandreporter.net\/wp-content\/uploads\/2026\/08\/IMG_1511-300x201.jpeg 300w, https:\/\/legrandreporter.net\/wp-content\/uploads\/2026\/08\/IMG_1511-768x513.jpeg 768w, https:\/\/legrandreporter.net\/wp-content\/uploads\/2026\/08\/IMG_1511.jpeg 1080w\" sizes=\"auto, (max-width: 1024px) 100vw, 1024px\" \/><\/figure>\n\n\n\n<p class=\"wp-block-paragraph\">L\u2019ambition du projet ne s\u2019est pas limit\u00e9e \u00e0 construire des murs.<\/p>\n\n\n\n<p class=\"wp-block-paragraph\">Une attention particuli\u00e8re a \u00e9t\u00e9 accord\u00e9e \u00e0 l\u2019\u00e9quipement m\u00e9dical de la structure afin de lui permettre de r\u00e9pondre aux besoins sanitaires locaux.<\/p>\n\n\n\n<p class=\"wp-block-paragraph\">La maternit\u00e9 dispose notamment d\u2019une unit\u00e9 de n\u00e9onatalogie \u00e9quip\u00e9e de quatre couveuses et quatre tables chauffantes.<\/p>\n\n\n\n<p class=\"wp-block-paragraph\">Le bloc op\u00e9ratoire comprend pour sa part une table d\u2019op\u00e9ration, un amplificateur de brillance ainsi qu\u2019une salle de r\u00e9veil.<\/p>\n\n\n\n<p class=\"wp-block-paragraph\">Le projet pr\u00e9voit \u00e9galement des logements de fonction de type T3 et T4 destin\u00e9s aux personnels de sant\u00e9.<\/p>\n\n\n\n<p class=\"wp-block-paragraph\">Un choix qui r\u00e9pond \u00e0 un enjeu souvent d\u00e9terminant dans les zones \u00e9loign\u00e9es des grands centres urbains : permettre aux professionnels de sant\u00e9 de s\u2019installer durablement et garantir ainsi la continuit\u00e9 des soins.<\/p>\n\n\n\n<p class=\"wp-block-paragraph\"><strong>Quand l\u2019\u00c9tat et le secteur priv\u00e9 conjuguent leurs efforts<\/strong><\/p>\n\n\n\n<p class=\"wp-block-paragraph\">La r\u00e9alisation de l\u2019h\u00f4pital d\u00e9partemental de Boou\u00e9 illustre \u00e9galement une autre dimension de la transformation engag\u00e9e : la capacit\u00e9 \u00e0 mobiliser les acteurs publics et priv\u00e9s autour d\u2019objectifs d\u2019int\u00e9r\u00eat g\u00e9n\u00e9ral.<\/p>\n\n\n\n<p class=\"wp-block-paragraph\">Pour la SETRAG, ce projet rel\u00e8ve de sa d\u00e9marche de responsabilit\u00e9 soci\u00e9tale et de sa volont\u00e9 d\u2019avoir un impact durable dans les territoires travers\u00e9s par le Transgabonais.<\/p>\n\n\n\n<p class=\"wp-block-paragraph\">L\u2019infrastructure devient ainsi un exemple concret de compl\u00e9mentarit\u00e9 entre l\u2019action de l\u2019\u00c9tat et l\u2019engagement d\u2019une entreprise implant\u00e9e dans le tissu \u00e9conomique national.<\/p>\n\n\n\n<p class=\"wp-block-paragraph\">Pour les habitants, le r\u00e9sultat est surtout tangible : un \u00e9tablissement moderne, mieux \u00e9quip\u00e9 et plus proche de leurs besoins.<\/p>\n\n\n\n<p class=\"wp-block-paragraph\"><strong>\u00c0 Boou\u00e9, la Lib\u00e9ration se traduit aussi par des actes<\/strong><\/p>\n\n\n\n<figure class=\"wp-block-image size-large\"><img width=\"1024\" height=\"787\"  alt=\"\" class=\"wp-image-660\"\/ loading=\"lazy\" decoding=\"async\" src=\"https:\/\/legrandreporter.net\/wp-content\/uploads\/2026\/08\/IMG_1512-1024x787.jpeg\" srcset=\"https:\/\/legrandreporter.net\/wp-content\/uploads\/2026\/08\/IMG_1512-1024x787.jpeg 1024w, https:\/\/legrandreporter.net\/wp-content\/uploads\/2026\/08\/IMG_1512-300x231.jpeg 300w, https:\/\/legrandreporter.net\/wp-content\/uploads\/2026\/08\/IMG_1512-768x590.jpeg 768w, https:\/\/legrandreporter.net\/wp-content\/uploads\/2026\/08\/IMG_1512.jpeg 1080w\" sizes=\"auto, (max-width: 1024px) 100vw, 1024px\" \/><\/figure>\n\n\n\n<p class=\"wp-block-paragraph\">La s\u00e9quence est symbolique.<\/p>\n\n\n\n<p class=\"wp-block-paragraph\">Alors que l\u2019Ogoou\u00e9-Ivindo s\u2019appr\u00eate \u00e0 accueillir les c\u00e9l\u00e9brations du troisi\u00e8me anniversaire de la Lib\u00e9ration, le Chef de l\u2019\u00c9tat inaugure un \u00e9quipement dont la vocation premi\u00e8re est de prot\u00e9ger et de soigner.<\/p>\n\n\n\n<p class=\"wp-block-paragraph\">Apr\u00e8s le logement, les routes, l\u2019eau, l\u2019\u00e9lectricit\u00e9 ou encore les infrastructures \u00e9ducatives, la sant\u00e9 constitue l\u2019un des marqueurs les plus imm\u00e9diats de la pr\u00e9sence de l\u2019\u00c9tat dans les territoires.<\/p>\n\n\n\n<p class=\"wp-block-paragraph\">\u00c0 Boou\u00e9, cette pr\u00e9sence prend d\u00e9sormais la forme d\u2019un h\u00f4pital.<\/p>\n\n\n\n<p class=\"wp-block-paragraph\">La c\u00e9r\u00e9monie s\u2019est achev\u00e9e par la coupure du ruban par le pr\u00e9sident de la R\u00e9publique, suivie d\u2019une visite guid\u00e9e des diff\u00e9rentes installations.<\/p>\n\n\n\n<p class=\"wp-block-paragraph\">Pour Brice Clotaire Oligui Nguema, l\u2019enjeu de la transformation du Gabon se joue aussi loin des grandes agglom\u00e9rations. Il se mesure \u00e0 Boou\u00e9, dans la capacit\u00e9 \u00e0 offrir aux populations des services essentiels dignes d\u2019un \u00c9tat moderne.<\/p>\n\n\n\n<p class=\"wp-block-paragraph\">Et dans cette province de l\u2019Ogoou\u00e9-Ivindo qui s\u2019appr\u00eate \u00e0 c\u00e9l\u00e9brer la Lib\u00e9ration, le message est particuli\u00e8rement concret : la souverainet\u00e9 ne se proclame pas seulement. Elle se construit aussi dans un h\u00f4pital, avec des \u00e9quipements, des soignants et des services accessibles aux populations.<\/p>\n\n\n\n<p class=\"wp-block-paragraph\"><\/p>\n","protected":false},"excerpt":{"rendered":"<p>C\u2019est dans le cadre de la c\u00e9l\u00e9bration du troisi\u00e8me anniversaire de la Lib\u00e9ration, que le pr\u00e9sident Brice Clotaire Oligui Nguema a inaugur\u00e9, ce vendredi 28 ao\u00fbt, l\u2019h\u00f4pital d\u00e9partemental de Boou\u00e9. Issu de la r\u00e9habilitation et de l\u2019extension de l\u2019ancien centre m\u00e9dical, l\u2019\u00e9tablissement constitue un renforcement majeur de l\u2019offre de soins dans le d\u00e9partement de la [&hellip;]<\/p>\n","protected":false},"author":1,"featured_media":661,"comment_status":"open","ping_status":"open","sticky":false,"template":"","format":"standard","meta":{"footnotes":""},"categories":[8],"tags":[],"class_list":["post-657","post","type-post","status-publish","format-standard","has-post-thumbnail","hentry","category-sante"],"yoast_head":"<!-- This site is optimized with the Yoast SEO plugin v28.4 - https:\/\/yoast.com\/product\/yoast-seo-wordpress\/ -->\n<title>F\u00eate de la lib\u00e9ration : \u00c0 Boou\u00e9, Oligui Nguema inaugure un h\u00f4pital moderne\u00a0 - le grand reporter<\/title>\n<meta name=\"robots\" content=\"index, follow, max-snippet:-1, max-image-preview:large, max-video-preview:-1\" \/>\n<link rel=\"canonical\" href=\"https:\/\/legrandreporter.net\/index.php\/2026\/08\/29\/fete-de-la-liberation-a-booue-oligui-nguema-inaugure-un-hopital-moderne\/\" \/>\n<meta property=\"og:locale\" content=\"en_US\" \/>\n<meta property=\"og:type\" content=\"article\" \/>\n<meta property=\"og:title\" content=\"F\u00eate de la lib\u00e9ration : \u00c0 Boou\u00e9, Oligui Nguema inaugure un h\u00f4pital moderne\u00a0 - le grand reporter\" \/>\n<meta property=\"og:description\" content=\"C\u2019est dans le cadre de la c\u00e9l\u00e9bration du troisi\u00e8me anniversaire de la Lib\u00e9ration, que le pr\u00e9sident Brice Clotaire Oligui Nguema a inaugur\u00e9, ce vendredi 28 ao\u00fbt, l\u2019h\u00f4pital d\u00e9partemental de Boou\u00e9. Issu de la r\u00e9habilitation et de l\u2019extension de l\u2019ancien centre m\u00e9dical, l\u2019\u00e9tablissement constitue un renforcement majeur de l\u2019offre de soins dans le d\u00e9partement de la [&hellip;]\" \/>\n<meta property=\"og:url\" content=\"https:\/\/legrandreporter.net\/index.php\/2026\/08\/29\/fete-de-la-liberation-a-booue-oligui-nguema-inaugure-un-hopital-moderne\/\" \/>\n<meta property=\"og:site_name\" content=\"le grand reporter\" \/>\n<meta property=\"article:published_time\" content=\"2026-08-29T08:15:06+00:00\" \/>\n<meta property=\"article:modified_time\" content=\"2026-08-29T08:15:08+00:00\" \/>\n<meta property=\"og:image\" content=\"https:\/\/legrandreporter.net\/wp-content\/uploads\/2026\/08\/5484cd4b-67d5-43ec-9633-afac1af4ca1c.jpeg\" \/>\n\t<meta property=\"og:image:width\" content=\"960\" \/>\n\t<meta property=\"og:image:height\" content=\"1280\" \/>\n\t<meta property=\"og:image:type\" content=\"image\/jpeg\" \/>\n<meta name=\"author\" content=\"admin\" \/>\n<meta name=\"twitter:card\" content=\"summary_large_image\" \/>\n<meta name=\"twitter:label1\" content=\"Written by\" \/>\n\t<meta name=\"twitter:data1\" content=\"admin\" \/>\n\t<meta name=\"twitter:label2\" content=\"Est. reading time\" \/>\n\t<meta name=\"twitter:data2\" content=\"5 minutes\" \/>\n<script type=\"application\/ld+json\" class=\"yoast-schema-graph\">{\"@context\":\"https:\\\/\\\/schema.org\",\"@graph\":[{\"@type\":\"Article\",\"@id\":\"https:\\\/\\\/legrandreporter.net\\\/index.php\\\/2026\\\/08\\\/29\\\/fete-de-la-liberation-a-booue-oligui-nguema-inaugure-un-hopital-moderne\\\/#article\",\"isPartOf\":{\"@id\":\"https:\\\/\\\/legrandreporter.net\\\/index.php\\\/2026\\\/08\\\/29\\\/fete-de-la-liberation-a-booue-oligui-nguema-inaugure-un-hopital-moderne\\\/\"},\"author\":{\"name\":\"admin\",\"@id\":\"https:\\\/\\\/legrandreporter.net\\\/#\\\/schema\\\/person\\\/e8aa07c283464fa600509a24e4de05a4\"},\"headline\":\"F\u00eate de la lib\u00e9ration : \u00c0 Boou\u00e9, Oligui Nguema inaugure un h\u00f4pital moderne\u00a0\",\"datePublished\":\"2026-08-29T08:15:06+00:00\",\"dateModified\":\"2026-08-29T08:15:08+00:00\",\"mainEntityOfPage\":{\"@id\":\"https:\\\/\\\/legrandreporter.net\\\/index.php\\\/2026\\\/08\\\/29\\\/fete-de-la-liberation-a-booue-oligui-nguema-inaugure-un-hopital-moderne\\\/\"},\"wordCount\":892,\"commentCount\":0,\"image\":{\"@id\":\"https:\\\/\\\/legrandreporter.net\\\/index.php\\\/2026\\\/08\\\/29\\\/fete-de-la-liberation-a-booue-oligui-nguema-inaugure-un-hopital-moderne\\\/#primaryimage\"},\"thumbnailUrl\":\"https:\\\/\\\/legrandreporter.net\\\/wp-content\\\/uploads\\\/2026\\\/08\\\/5484cd4b-67d5-43ec-9633-afac1af4ca1c.jpeg\",\"articleSection\":[\"SANTE\"],\"inLanguage\":\"en-US\",\"potentialAction\":[{\"@type\":\"CommentAction\",\"name\":\"Comment\",\"target\":[\"https:\\\/\\\/legrandreporter.net\\\/index.php\\\/2026\\\/08\\\/29\\\/fete-de-la-liberation-a-booue-oligui-nguema-inaugure-un-hopital-moderne\\\/#respond\"]}]},{\"@type\":\"WebPage\",\"@id\":\"https:\\\/\\\/legrandreporter.net\\\/index.php\\\/2026\\\/08\\\/29\\\/fete-de-la-liberation-a-booue-oligui-nguema-inaugure-un-hopital-moderne\\\/\",\"url\":\"https:\\\/\\\/legrandreporter.net\\\/index.php\\\/2026\\\/08\\\/29\\\/fete-de-la-liberation-a-booue-oligui-nguema-inaugure-un-hopital-moderne\\\/\",\"name\":\"F\u00eate de la lib\u00e9ration : \u00c0 Boou\u00e9, Oligui Nguema inaugure un h\u00f4pital moderne\u00a0 - le grand reporter\",\"isPartOf\":{\"@id\":\"https:\\\/\\\/legrandreporter.net\\\/#website\"},\"primaryImageOfPage\":{\"@id\":\"https:\\\/\\\/legrandreporter.net\\\/index.php\\\/2026\\\/08\\\/29\\\/fete-de-la-liberation-a-booue-oligui-nguema-inaugure-un-hopital-moderne\\\/#primaryimage\"},\"image\":{\"@id\":\"https:\\\/\\\/legrandreporter.net\\\/index.php\\\/2026\\\/08\\\/29\\\/fete-de-la-liberation-a-booue-oligui-nguema-inaugure-un-hopital-moderne\\\/#primaryimage\"},\"thumbnailUrl\":\"https:\\\/\\\/legrandreporter.net\\\/wp-content\\\/uploads\\\/2026\\\/08\\\/5484cd4b-67d5-43ec-9633-afac1af4ca1c.jpeg\",\"datePublished\":\"2026-08-29T08:15:06+00:00\",\"dateModified\":\"2026-08-29T08:15:08+00:00\",\"author\":{\"@id\":\"https:\\\/\\\/legrandreporter.net\\\/#\\\/schema\\\/person\\\/e8aa07c283464fa600509a24e4de05a4\"},\"breadcrumb\":{\"@id\":\"https:\\\/\\\/legrandreporter.net\\\/index.php\\\/2026\\\/08\\\/29\\\/fete-de-la-liberation-a-booue-oligui-nguema-inaugure-un-hopital-moderne\\\/#breadcrumb\"},\"inLanguage\":\"en-US\",\"potentialAction\":[{\"@type\":\"ReadAction\",\"target\":[\"https:\\\/\\\/legrandreporter.net\\\/index.php\\\/2026\\\/08\\\/29\\\/fete-de-la-liberation-a-booue-oligui-nguema-inaugure-un-hopital-moderne\\\/\"]}]},{\"@type\":\"ImageObject\",\"inLanguage\":\"en-US\",\"@id\":\"https:\\\/\\\/legrandreporter.net\\\/index.php\\\/2026\\\/08\\\/29\\\/fete-de-la-liberation-a-booue-oligui-nguema-inaugure-un-hopital-moderne\\\/#primaryimage\",\"url\":\"https:\\\/\\\/legrandreporter.net\\\/wp-content\\\/uploads\\\/2026\\\/08\\\/5484cd4b-67d5-43ec-9633-afac1af4ca1c.jpeg\",\"contentUrl\":\"https:\\\/\\\/legrandreporter.net\\\/wp-content\\\/uploads\\\/2026\\\/08\\\/5484cd4b-67d5-43ec-9633-afac1af4ca1c.jpeg\",\"width\":960,\"height\":1280},{\"@type\":\"BreadcrumbList\",\"@id\":\"https:\\\/\\\/legrandreporter.net\\\/index.php\\\/2026\\\/08\\\/29\\\/fete-de-la-liberation-a-booue-oligui-nguema-inaugure-un-hopital-moderne\\\/#breadcrumb\",\"itemListElement\":[{\"@type\":\"ListItem\",\"position\":1,\"name\":\"Home\",\"item\":\"https:\\\/\\\/legrandreporter.net\\\/\"},{\"@type\":\"ListItem\",\"position\":2,\"name\":\"F\u00eate de la lib\u00e9ration : \u00c0 Boou\u00e9, Oligui Nguema inaugure un h\u00f4pital moderne\u00a0\"}]},{\"@type\":\"WebSite\",\"@id\":\"https:\\\/\\\/legrandreporter.net\\\/#website\",\"url\":\"https:\\\/\\\/legrandreporter.net\\\/\",\"name\":\"le grand reporter\",\"description\":\"L&#039;information sans fronti\u00e8res \",\"potentialAction\":[{\"@type\":\"SearchAction\",\"target\":{\"@type\":\"EntryPoint\",\"urlTemplate\":\"https:\\\/\\\/legrandreporter.net\\\/?s={search_term_string}\"},\"query-input\":{\"@type\":\"PropertyValueSpecification\",\"valueRequired\":true,\"valueName\":\"search_term_string\"}}],\"inLanguage\":\"en-US\"},{\"@type\":\"Person\",\"@id\":\"https:\\\/\\\/legrandreporter.net\\\/#\\\/schema\\\/person\\\/e8aa07c283464fa600509a24e4de05a4\",\"name\":\"admin\",\"image\":{\"@type\":\"ImageObject\",\"inLanguage\":\"en-US\",\"@id\":\"https:\\\/\\\/secure.gravatar.com\\\/avatar\\\/e741354a999001bf2381f32f080f9718157eaaa8510756b39bead01f99e50f81?s=96&d=mm&r=g\",\"url\":\"https:\\\/\\\/secure.gravatar.com\\\/avatar\\\/e741354a999001bf2381f32f080f9718157eaaa8510756b39bead01f99e50f81?s=96&d=mm&r=g\",\"contentUrl\":\"https:\\\/\\\/secure.gravatar.com\\\/avatar\\\/e741354a999001bf2381f32f080f9718157eaaa8510756b39bead01f99e50f81?s=96&d=mm&r=g\",\"caption\":\"admin\"},\"sameAs\":[\"https:\\\/\\\/legrandreporter.net\"],\"url\":\"https:\\\/\\\/legrandreporter.net\\\/index.php\\\/author\\\/admin\\\/\"}]}<\/script>\n<!-- \/ Yoast SEO plugin. -->","yoast_head_json":{"title":"F\u00eate de la lib\u00e9ration : \u00c0 Boou\u00e9, Oligui Nguema inaugure un h\u00f4pital moderne\u00a0 - le grand reporter","robots":{"index":"index","follow":"follow","max-snippet":"max-snippet:-1","max-image-preview":"max-image-preview:large","max-video-preview":"max-video-preview:-1"},"canonical":"https:\/\/legrandreporter.net\/index.php\/2026\/08\/29\/fete-de-la-liberation-a-booue-oligui-nguema-inaugure-un-hopital-moderne\/","og_locale":"en_US","og_type":"article","og_title":"F\u00eate de la lib\u00e9ration : \u00c0 Boou\u00e9, Oligui Nguema inaugure un h\u00f4pital moderne\u00a0 - le grand reporter","og_description":"C\u2019est dans le cadre de la c\u00e9l\u00e9bration du troisi\u00e8me anniversaire de la Lib\u00e9ration, que le pr\u00e9sident Brice Clotaire Oligui Nguema a inaugur\u00e9, ce vendredi 28 ao\u00fbt, l\u2019h\u00f4pital d\u00e9partemental de Boou\u00e9. Issu de la r\u00e9habilitation et de l\u2019extension de l\u2019ancien centre m\u00e9dical, l\u2019\u00e9tablissement constitue un renforcement majeur de l\u2019offre de soins dans le d\u00e9partement de la [&hellip;]","og_url":"https:\/\/legrandreporter.net\/index.php\/2026\/08\/29\/fete-de-la-liberation-a-booue-oligui-nguema-inaugure-un-hopital-moderne\/","og_site_name":"le grand reporter","article_published_time":"2026-08-29T08:15:06+00:00","article_modified_time":"2026-08-29T08:15:08+00:00","og_image":[{"width":960,"height":1280,"url":"https:\/\/legrandreporter.net\/wp-content\/uploads\/2026\/08\/5484cd4b-67d5-43ec-9633-afac1af4ca1c.jpeg","type":"image\/jpeg"}],"author":"admin","twitter_card":"summary_large_image","twitter_misc":{"Written by":"admin","Est. reading time":"5 minutes"},"schema":{"@context":"https:\/\/schema.org","@graph":[{"@type":"Article","@id":"https:\/\/legrandreporter.net\/index.php\/2026\/08\/29\/fete-de-la-liberation-a-booue-oligui-nguema-inaugure-un-hopital-moderne\/#article","isPartOf":{"@id":"https:\/\/legrandreporter.net\/index.php\/2026\/08\/29\/fete-de-la-liberation-a-booue-oligui-nguema-inaugure-un-hopital-moderne\/"},"author":{"name":"admin","@id":"https:\/\/legrandreporter.net\/#\/schema\/person\/e8aa07c283464fa600509a24e4de05a4"},"headline":"F\u00eate de la lib\u00e9ration : \u00c0 Boou\u00e9, Oligui Nguema inaugure un h\u00f4pital moderne\u00a0","datePublished":"2026-08-29T08:15:06+00:00","dateModified":"2026-08-29T08:15:08+00:00","mainEntityOfPage":{"@id":"https:\/\/legrandreporter.net\/index.php\/2026\/08\/29\/fete-de-la-liberation-a-booue-oligui-nguema-inaugure-un-hopital-moderne\/"},"wordCount":892,"commentCount":0,"image":{"@id":"https:\/\/legrandreporter.net\/index.php\/2026\/08\/29\/fete-de-la-liberation-a-booue-oligui-nguema-inaugure-un-hopital-moderne\/#primaryimage"},"thumbnailUrl":"https:\/\/legrandreporter.net\/wp-content\/uploads\/2026\/08\/5484cd4b-67d5-43ec-9633-afac1af4ca1c.jpeg","articleSection":["SANTE"],"inLanguage":"en-US","potentialAction":[{"@type":"CommentAction","name":"Comment","target":["https:\/\/legrandreporter.net\/index.php\/2026\/08\/29\/fete-de-la-liberation-a-booue-oligui-nguema-inaugure-un-hopital-moderne\/#respond"]}]},{"@type":"WebPage","@id":"https:\/\/legrandreporter.net\/index.php\/2026\/08\/29\/fete-de-la-liberation-a-booue-oligui-nguema-inaugure-un-hopital-moderne\/","url":"https:\/\/legrandreporter.net\/index.php\/2026\/08\/29\/fete-de-la-liberation-a-booue-oligui-nguema-inaugure-un-hopital-moderne\/","name":"F\u00eate de la lib\u00e9ration : \u00c0 Boou\u00e9, Oligui Nguema inaugure un h\u00f4pital moderne\u00a0 - le grand reporter","isPartOf":{"@id":"https:\/\/legrandreporter.net\/#website"},"primaryImageOfPage":{"@id":"https:\/\/legrandreporter.net\/index.php\/2026\/08\/29\/fete-de-la-liberation-a-booue-oligui-nguema-inaugure-un-hopital-moderne\/#primaryimage"},"image":{"@id":"https:\/\/legrandreporter.net\/index.php\/2026\/08\/29\/fete-de-la-liberation-a-booue-oligui-nguema-inaugure-un-hopital-moderne\/#primaryimage"},"thumbnailUrl":"https:\/\/legrandreporter.net\/wp-content\/uploads\/2026\/08\/5484cd4b-67d5-43ec-9633-afac1af4ca1c.jpeg","datePublished":"2026-08-29T08:15:06+00:00","dateModified":"2026-08-29T08:15:08+00:00","author":{"@id":"https:\/\/legrandreporter.net\/#\/schema\/person\/e8aa07c283464fa600509a24e4de05a4"},"breadcrumb":{"@id":"https:\/\/legrandreporter.net\/index.php\/2026\/08\/29\/fete-de-la-liberation-a-booue-oligui-nguema-inaugure-un-hopital-moderne\/#breadcrumb"},"inLanguage":"en-US","potentialAction":[{"@type":"ReadAction","target":["https:\/\/legrandreporter.net\/index.php\/2026\/08\/29\/fete-de-la-liberation-a-booue-oligui-nguema-inaugure-un-hopital-moderne\/"]}]},{"@type":"ImageObject","inLanguage":"en-US","@id":"https:\/\/legrandreporter.net\/index.php\/2026\/08\/29\/fete-de-la-liberation-a-booue-oligui-nguema-inaugure-un-hopital-moderne\/#primaryimage","url":"https:\/\/legrandreporter.net\/wp-content\/uploads\/2026\/08\/5484cd4b-67d5-43ec-9633-afac1af4ca1c.jpeg","contentUrl":"https:\/\/legrandreporter.net\/wp-content\/uploads\/2026\/08\/5484cd4b-67d5-43ec-9633-afac1af4ca1c.jpeg","width":960,"height":1280},{"@type":"BreadcrumbList","@id":"https:\/\/legrandreporter.net\/index.php\/2026\/08\/29\/fete-de-la-liberation-a-booue-oligui-nguema-inaugure-un-hopital-moderne\/#breadcrumb","itemListElement":[{"@type":"ListItem","position":1,"name":"Home","item":"https:\/\/legrandreporter.net\/"},{"@type":"ListItem","position":2,"name":"F\u00eate de la lib\u00e9ration : \u00c0 Boou\u00e9, Oligui Nguema inaugure un h\u00f4pital moderne\u00a0"}]},{"@type":"WebSite","@id":"https:\/\/legrandreporter.net\/#website","url":"https:\/\/legrandreporter.net\/","name":"le grand reporter","description":"L&#039;information sans fronti\u00e8res ","potentialAction":[{"@type":"SearchAction","target":{"@type":"EntryPoint","urlTemplate":"https:\/\/legrandreporter.net\/?s={search_term_string}"},"query-input":{"@type":"PropertyValueSpecification","valueRequired":true,"valueName":"search_term_string"}}],"inLanguage":"en-US"},{"@type":"Person","@id":"https:\/\/legrandreporter.net\/#\/schema\/person\/e8aa07c283464fa600509a24e4de05a4","name":"admin","image":{"@type":"ImageObject","inLanguage":"en-US","@id":"https:\/\/secure.gravatar.com\/avatar\/e741354a999001bf2381f32f080f9718157eaaa8510756b39bead01f99e50f81?s=96&d=mm&r=g","url":"https:\/\/secure.gravatar.com\/avatar\/e741354a999001bf2381f32f080f9718157eaaa8510756b39bead01f99e50f81?s=96&d=mm&r=g","contentUrl":"https:\/\/secure.gravatar.com\/avatar\/e741354a999001bf2381f32f080f9718157eaaa8510756b39bead01f99e50f81?s=96&d=mm&r=g","caption":"admin"},"sameAs":["https:\/\/legrandreporter.net"],"url":"https:\/\/legrandreporter.net\/index.php\/author\/admin\/"}]}},"_links":{"self":[{"href":"https:\/\/legrandreporter.net\/index.php\/wp-json\/wp\/v2\/posts\/657","targetHints":{"allow":["GET"]}}],"collection":[{"href":"https:\/\/legrandreporter.net\/index.php\/wp-json\/wp\/v2\/posts"}],"about":[{"href":"https:\/\/legrandreporter.net\/index.php\/wp-json\/wp\/v2\/types\/post"}],"author":[{"embeddable":true,"href":"https:\/\/legrandreporter.net\/index.php\/wp-json\/wp\/v2\/users\/1"}],"replies":[{"embeddable":true,"href":"https:\/\/legrandreporter.net\/index.php\/wp-json\/wp\/v2\/comments?post=657"}],"version-history":[{"count":1,"href":"https:\/\/legrandreporter.net\/index.php\/wp-json\/wp\/v2\/posts\/657\/revisions"}],"predecessor-version":[{"id":662,"href":"https:\/\/legrandreporter.net\/index.php\/wp-json\/wp\/v2\/posts\/657\/revisions\/662"}],"wp:featuredmedia":[{"embeddable":true,"href":"https:\/\/legrandreporter.net\/index.php\/wp-json\/wp\/v2\/media\/661"}],"wp:attachment":[{"href":"https:\/\/legrandreporter.net\/index.php\/wp-json\/wp\/v2\/media?parent=657"}],"wp:term":[{"taxonomy":"category","embeddable":true,"href":"https:\/\/legrandreporter.net\/index.php\/wp-json\/wp\/v2\/categories?post=657"},{"taxonomy":"post_tag","embeddable":true,"href":"https:\/\/legrandreporter.net\/index.php\/wp-json\/wp\/v2\/tags?post=657"}],"curies":[{"name":"wp","href":"https:\/\/api.w.org\/{rel}","templated":true}]}}