{"id":663,"date":"2026-08-30T14:57:18","date_gmt":"2026-08-30T12:57:18","guid":{"rendered":"https:\/\/legrandreporter.net\/?p=663"},"modified":"2026-08-30T14:59:01","modified_gmt":"2026-08-30T12:59:01","slug":"lutte-contre-la-vie-chere-la-maison-de-lentrepreneur-une-foire-agricole-du-04-au-05-septembre","status":"publish","type":"post","link":"https:\/\/legrandreporter.net\/index.php\/2026\/08\/30\/lutte-contre-la-vie-chere-la-maison-de-lentrepreneur-une-foire-agricole-du-04-au-05-septembre\/","title":{"rendered":"Lutte contre la vie ch\u00e8re : la maison de l\u2019Entrepreneur lance une foire agricole du 04 au 05 septembre\u00a0"},"content":{"rendered":"\n<p class=\"wp-block-paragraph\"><strong>La Maison de l\u2019Entrepreneur a annonc\u00e9, le vendredi 28 ao\u00fbt \u00e0 Libreville, au cours d\u2019une conf\u00e9rence de presse, la tenue du Grand march\u00e9 des produits locaux, les 04 et 05 septembre prochains au stade de Nzeng-Ayong, un rassemblement destin\u00e9 \u00e0 promouvoir la production agricole made in Gabon et \u00e0 soutenir la lutte contre la vie ch\u00e8re.<\/strong><\/p>\n\n\n\n<p class=\"wp-block-paragraph\">\u200bPlac\u00e9e sous le signe de la valorisation des vivres \u00ab plant\u00e9s, produits et \u00e9lev\u00e9s \u00bb au Gabon, cette manifestation r\u00e9unira 1 173 producteurs pr\u00e9alablement recens\u00e9s dans l\u2019ensemble des provinces du pays.<\/p>\n\n\n\n<p class=\"wp-block-paragraph\">L\u2019objectif affich\u00e9 est de rapprocher directement les acteurs du monde rural des consommateurs urbains en proposant un large \u00e9ventail de denr\u00e9es de premi\u00e8re n\u00e9cessit\u00e9, notamment banane, manioc, f\u00e9culents, \u0153ufs et tomates, \u00e0 des tarifs pr\u00e9f\u00e9rentiels.<\/p>\n\n\n\n<p class=\"wp-block-paragraph\">\u200bPour le directeur g\u00e9n\u00e9ral de la Foire agricole, Eug\u00e8ne Assoume, ce rendez-vous concr\u00e9tise l\u2019ambition du \u00ab Consommons ce que nous produisons \u00bb et vise \u00e0 d\u00e9construire l\u2019image d\u2019un Gabon enti\u00e8rement d\u00e9pendant des importations alimentaires. \u00ab C\u2019est vraiment d\u2019apporter un d\u00e9menti \u00e0 cette assertion qui tend \u00e0 faire du Gabon un pays \u00e0 faible production et de penser que tous nos produits agricoles proviennent de l\u2019ext\u00e9rieur \u00bb, a-t-il affirm\u00e9.<\/p>\n\n\n\n<figure class=\"wp-block-image size-full\"><img width=\"679\" height=\"960\"  alt=\"\" class=\"wp-image-664\"\/ loading=\"eager\" fetchpriority=\"high\" decoding=\"async\" src=\"https:\/\/legrandreporter.net\/wp-content\/uploads\/2026\/08\/IMG_1530.jpeg\" srcset=\"https:\/\/legrandreporter.net\/wp-content\/uploads\/2026\/08\/IMG_1530.jpeg 679w, https:\/\/legrandreporter.net\/wp-content\/uploads\/2026\/08\/IMG_1530-212x300.jpeg 212w\" sizes=\"(max-width: 679px) 100vw, 679px\" \/><\/figure>\n\n\n\n<p class=\"wp-block-paragraph\">\u200bCette d\u00e9marche s\u2019appuie sur un travail de terrain men\u00e9 en amont par les \u00e9quipes de la Maison de l\u2019Entrepreneur. La cartographie des exploitants et le recensement des volumes de r\u00e9colte doivent permettre d\u2019\u00e9tablir un r\u00e9pertoire fiable de l\u2019offre agricole nationale. Selon Eug\u00e8ne Assoumou,&nbsp; cette collecte de donn\u00e9es permettra d\u2019\u00ab organiser la fili\u00e8re afin de pouvoir donner des chiffres r\u00e9els et concrets sur ce que nous produisons \u00bb. \u200bL\u2019initiative s\u2019inscrit dans la feuille de route fix\u00e9e par le pr\u00e9sident de la R\u00e9publique, Brice Clotaire Oligui Nguema, qui place l\u2019all\u00e8gement du panier de la m\u00e9nag\u00e8re et la souverainet\u00e9 alimentaire au c\u0153ur des priorit\u00e9s gouvernementales.<\/p>\n\n\n\n<p class=\"wp-block-paragraph\"><\/p>\n","protected":false},"excerpt":{"rendered":"<p>La Maison de l\u2019Entrepreneur a annonc\u00e9, le vendredi 28 ao\u00fbt \u00e0 Libreville, au cours d\u2019une conf\u00e9rence de presse, la tenue du Grand march\u00e9 des produits locaux, les 04 et 05 septembre prochains au stade de Nzeng-Ayong, un rassemblement destin\u00e9 \u00e0 promouvoir la production agricole made in Gabon et \u00e0 soutenir la lutte contre la vie [&hellip;]<\/p>\n","protected":false},"author":1,"featured_media":666,"comment_status":"open","ping_status":"open","sticky":false,"template":"","format":"standard","meta":{"footnotes":""},"categories":[7],"tags":[],"class_list":["post-663","post","type-post","status-publish","format-standard","has-post-thumbnail","hentry","category-economie"],"yoast_head":"<!-- This site is optimized with the Yoast SEO plugin v28.4 - https:\/\/yoast.com\/product\/yoast-seo-wordpress\/ -->\n<title>Lutte contre la vie ch\u00e8re : la maison de l\u2019Entrepreneur lance une foire agricole du 04 au 05 septembre\u00a0 - le grand reporter<\/title>\n<meta name=\"robots\" content=\"index, follow, max-snippet:-1, max-image-preview:large, max-video-preview:-1\" \/>\n<link rel=\"canonical\" href=\"https:\/\/legrandreporter.net\/index.php\/2026\/08\/30\/lutte-contre-la-vie-chere-la-maison-de-lentrepreneur-une-foire-agricole-du-04-au-05-septembre\/\" \/>\n<meta property=\"og:locale\" content=\"en_US\" \/>\n<meta property=\"og:type\" content=\"article\" \/>\n<meta property=\"og:title\" content=\"Lutte contre la vie ch\u00e8re : la maison de l\u2019Entrepreneur lance une foire agricole du 04 au 05 septembre\u00a0 - le grand reporter\" \/>\n<meta property=\"og:description\" content=\"La Maison de l\u2019Entrepreneur a annonc\u00e9, le vendredi 28 ao\u00fbt \u00e0 Libreville, au cours d\u2019une conf\u00e9rence de presse, la tenue du Grand march\u00e9 des produits locaux, les 04 et 05 septembre prochains au stade de Nzeng-Ayong, un rassemblement destin\u00e9 \u00e0 promouvoir la production agricole made in Gabon et \u00e0 soutenir la lutte contre la vie [&hellip;]\" \/>\n<meta property=\"og:url\" content=\"https:\/\/legrandreporter.net\/index.php\/2026\/08\/30\/lutte-contre-la-vie-chere-la-maison-de-lentrepreneur-une-foire-agricole-du-04-au-05-septembre\/\" \/>\n<meta property=\"og:site_name\" content=\"le grand reporter\" \/>\n<meta property=\"article:published_time\" content=\"2026-08-30T12:57:18+00:00\" \/>\n<meta property=\"article:modified_time\" content=\"2026-08-30T12:59:01+00:00\" \/>\n<meta property=\"og:image\" content=\"https:\/\/legrandreporter.net\/wp-content\/uploads\/2026\/08\/IMG_1502-scaled.jpeg\" \/>\n\t<meta property=\"og:image:width\" content=\"2560\" \/>\n\t<meta property=\"og:image:height\" content=\"1920\" \/>\n\t<meta property=\"og:image:type\" content=\"image\/jpeg\" \/>\n<meta name=\"author\" content=\"admin\" \/>\n<meta name=\"twitter:card\" content=\"summary_large_image\" \/>\n<meta name=\"twitter:label1\" content=\"Written by\" \/>\n\t<meta name=\"twitter:data1\" content=\"admin\" \/>\n\t<meta name=\"twitter:label2\" content=\"Est. reading time\" \/>\n\t<meta name=\"twitter:data2\" content=\"2 minutes\" \/>\n<script type=\"application\/ld+json\" class=\"yoast-schema-graph\">{\"@context\":\"https:\\\/\\\/schema.org\",\"@graph\":[{\"@type\":\"Article\",\"@id\":\"https:\\\/\\\/legrandreporter.net\\\/index.php\\\/2026\\\/08\\\/30\\\/lutte-contre-la-vie-chere-la-maison-de-lentrepreneur-une-foire-agricole-du-04-au-05-septembre\\\/#article\",\"isPartOf\":{\"@id\":\"https:\\\/\\\/legrandreporter.net\\\/index.php\\\/2026\\\/08\\\/30\\\/lutte-contre-la-vie-chere-la-maison-de-lentrepreneur-une-foire-agricole-du-04-au-05-septembre\\\/\"},\"author\":{\"name\":\"admin\",\"@id\":\"https:\\\/\\\/legrandreporter.net\\\/#\\\/schema\\\/person\\\/e8aa07c283464fa600509a24e4de05a4\"},\"headline\":\"Lutte contre la vie ch\u00e8re : la maison de l\u2019Entrepreneur lance une foire agricole du 04 au 05 septembre\u00a0\",\"datePublished\":\"2026-08-30T12:57:18+00:00\",\"dateModified\":\"2026-08-30T12:59:01+00:00\",\"mainEntityOfPage\":{\"@id\":\"https:\\\/\\\/legrandreporter.net\\\/index.php\\\/2026\\\/08\\\/30\\\/lutte-contre-la-vie-chere-la-maison-de-lentrepreneur-une-foire-agricole-du-04-au-05-septembre\\\/\"},\"wordCount\":347,\"commentCount\":0,\"image\":{\"@id\":\"https:\\\/\\\/legrandreporter.net\\\/index.php\\\/2026\\\/08\\\/30\\\/lutte-contre-la-vie-chere-la-maison-de-lentrepreneur-une-foire-agricole-du-04-au-05-septembre\\\/#primaryimage\"},\"thumbnailUrl\":\"https:\\\/\\\/legrandreporter.net\\\/wp-content\\\/uploads\\\/2026\\\/08\\\/IMG_1502-scaled.jpeg\",\"articleSection\":[\"ECONOMIE\"],\"inLanguage\":\"en-US\",\"potentialAction\":[{\"@type\":\"CommentAction\",\"name\":\"Comment\",\"target\":[\"https:\\\/\\\/legrandreporter.net\\\/index.php\\\/2026\\\/08\\\/30\\\/lutte-contre-la-vie-chere-la-maison-de-lentrepreneur-une-foire-agricole-du-04-au-05-septembre\\\/#respond\"]}]},{\"@type\":\"WebPage\",\"@id\":\"https:\\\/\\\/legrandreporter.net\\\/index.php\\\/2026\\\/08\\\/30\\\/lutte-contre-la-vie-chere-la-maison-de-lentrepreneur-une-foire-agricole-du-04-au-05-septembre\\\/\",\"url\":\"https:\\\/\\\/legrandreporter.net\\\/index.php\\\/2026\\\/08\\\/30\\\/lutte-contre-la-vie-chere-la-maison-de-lentrepreneur-une-foire-agricole-du-04-au-05-septembre\\\/\",\"name\":\"Lutte contre la vie ch\u00e8re : la maison de l\u2019Entrepreneur lance une foire agricole du 04 au 05 septembre\u00a0 - le grand reporter\",\"isPartOf\":{\"@id\":\"https:\\\/\\\/legrandreporter.net\\\/#website\"},\"primaryImageOfPage\":{\"@id\":\"https:\\\/\\\/legrandreporter.net\\\/index.php\\\/2026\\\/08\\\/30\\\/lutte-contre-la-vie-chere-la-maison-de-lentrepreneur-une-foire-agricole-du-04-au-05-septembre\\\/#primaryimage\"},\"image\":{\"@id\":\"https:\\\/\\\/legrandreporter.net\\\/index.php\\\/2026\\\/08\\\/30\\\/lutte-contre-la-vie-chere-la-maison-de-lentrepreneur-une-foire-agricole-du-04-au-05-septembre\\\/#primaryimage\"},\"thumbnailUrl\":\"https:\\\/\\\/legrandreporter.net\\\/wp-content\\\/uploads\\\/2026\\\/08\\\/IMG_1502-scaled.jpeg\",\"datePublished\":\"2026-08-30T12:57:18+00:00\",\"dateModified\":\"2026-08-30T12:59:01+00:00\",\"author\":{\"@id\":\"https:\\\/\\\/legrandreporter.net\\\/#\\\/schema\\\/person\\\/e8aa07c283464fa600509a24e4de05a4\"},\"breadcrumb\":{\"@id\":\"https:\\\/\\\/legrandreporter.net\\\/index.php\\\/2026\\\/08\\\/30\\\/lutte-contre-la-vie-chere-la-maison-de-lentrepreneur-une-foire-agricole-du-04-au-05-septembre\\\/#breadcrumb\"},\"inLanguage\":\"en-US\",\"potentialAction\":[{\"@type\":\"ReadAction\",\"target\":[\"https:\\\/\\\/legrandreporter.net\\\/index.php\\\/2026\\\/08\\\/30\\\/lutte-contre-la-vie-chere-la-maison-de-lentrepreneur-une-foire-agricole-du-04-au-05-septembre\\\/\"]}]},{\"@type\":\"ImageObject\",\"inLanguage\":\"en-US\",\"@id\":\"https:\\\/\\\/legrandreporter.net\\\/index.php\\\/2026\\\/08\\\/30\\\/lutte-contre-la-vie-chere-la-maison-de-lentrepreneur-une-foire-agricole-du-04-au-05-septembre\\\/#primaryimage\",\"url\":\"https:\\\/\\\/legrandreporter.net\\\/wp-content\\\/uploads\\\/2026\\\/08\\\/IMG_1502-scaled.jpeg\",\"contentUrl\":\"https:\\\/\\\/legrandreporter.net\\\/wp-content\\\/uploads\\\/2026\\\/08\\\/IMG_1502-scaled.jpeg\",\"width\":2560,\"height\":1920},{\"@type\":\"BreadcrumbList\",\"@id\":\"https:\\\/\\\/legrandreporter.net\\\/index.php\\\/2026\\\/08\\\/30\\\/lutte-contre-la-vie-chere-la-maison-de-lentrepreneur-une-foire-agricole-du-04-au-05-septembre\\\/#breadcrumb\",\"itemListElement\":[{\"@type\":\"ListItem\",\"position\":1,\"name\":\"Home\",\"item\":\"https:\\\/\\\/legrandreporter.net\\\/\"},{\"@type\":\"ListItem\",\"position\":2,\"name\":\"Lutte contre la vie ch\u00e8re : la maison de l\u2019Entrepreneur lance une foire agricole du 04 au 05 septembre\u00a0\"}]},{\"@type\":\"WebSite\",\"@id\":\"https:\\\/\\\/legrandreporter.net\\\/#website\",\"url\":\"https:\\\/\\\/legrandreporter.net\\\/\",\"name\":\"le grand reporter\",\"description\":\"L&#039;information sans fronti\u00e8res \",\"potentialAction\":[{\"@type\":\"SearchAction\",\"target\":{\"@type\":\"EntryPoint\",\"urlTemplate\":\"https:\\\/\\\/legrandreporter.net\\\/?s={search_term_string}\"},\"query-input\":{\"@type\":\"PropertyValueSpecification\",\"valueRequired\":true,\"valueName\":\"search_term_string\"}}],\"inLanguage\":\"en-US\"},{\"@type\":\"Person\",\"@id\":\"https:\\\/\\\/legrandreporter.net\\\/#\\\/schema\\\/person\\\/e8aa07c283464fa600509a24e4de05a4\",\"name\":\"admin\",\"image\":{\"@type\":\"ImageObject\",\"inLanguage\":\"en-US\",\"@id\":\"https:\\\/\\\/secure.gravatar.com\\\/avatar\\\/e741354a999001bf2381f32f080f9718157eaaa8510756b39bead01f99e50f81?s=96&d=mm&r=g\",\"url\":\"https:\\\/\\\/secure.gravatar.com\\\/avatar\\\/e741354a999001bf2381f32f080f9718157eaaa8510756b39bead01f99e50f81?s=96&d=mm&r=g\",\"contentUrl\":\"https:\\\/\\\/secure.gravatar.com\\\/avatar\\\/e741354a999001bf2381f32f080f9718157eaaa8510756b39bead01f99e50f81?s=96&d=mm&r=g\",\"caption\":\"admin\"},\"sameAs\":[\"https:\\\/\\\/legrandreporter.net\"],\"url\":\"https:\\\/\\\/legrandreporter.net\\\/index.php\\\/author\\\/admin\\\/\"}]}<\/script>\n<!-- \/ Yoast SEO plugin. -->","yoast_head_json":{"title":"Lutte contre la vie ch\u00e8re : la maison de l\u2019Entrepreneur lance une foire agricole du 04 au 05 septembre\u00a0 - le grand reporter","robots":{"index":"index","follow":"follow","max-snippet":"max-snippet:-1","max-image-preview":"max-image-preview:large","max-video-preview":"max-video-preview:-1"},"canonical":"https:\/\/legrandreporter.net\/index.php\/2026\/08\/30\/lutte-contre-la-vie-chere-la-maison-de-lentrepreneur-une-foire-agricole-du-04-au-05-septembre\/","og_locale":"en_US","og_type":"article","og_title":"Lutte contre la vie ch\u00e8re : la maison de l\u2019Entrepreneur lance une foire agricole du 04 au 05 septembre\u00a0 - le grand reporter","og_description":"La Maison de l\u2019Entrepreneur a annonc\u00e9, le vendredi 28 ao\u00fbt \u00e0 Libreville, au cours d\u2019une conf\u00e9rence de presse, la tenue du Grand march\u00e9 des produits locaux, les 04 et 05 septembre prochains au stade de Nzeng-Ayong, un rassemblement destin\u00e9 \u00e0 promouvoir la production agricole made in Gabon et \u00e0 soutenir la lutte contre la vie [&hellip;]","og_url":"https:\/\/legrandreporter.net\/index.php\/2026\/08\/30\/lutte-contre-la-vie-chere-la-maison-de-lentrepreneur-une-foire-agricole-du-04-au-05-septembre\/","og_site_name":"le grand reporter","article_published_time":"2026-08-30T12:57:18+00:00","article_modified_time":"2026-08-30T12:59:01+00:00","og_image":[{"width":2560,"height":1920,"url":"https:\/\/legrandreporter.net\/wp-content\/uploads\/2026\/08\/IMG_1502-scaled.jpeg","type":"image\/jpeg"}],"author":"admin","twitter_card":"summary_large_image","twitter_misc":{"Written by":"admin","Est. reading time":"2 minutes"},"schema":{"@context":"https:\/\/schema.org","@graph":[{"@type":"Article","@id":"https:\/\/legrandreporter.net\/index.php\/2026\/08\/30\/lutte-contre-la-vie-chere-la-maison-de-lentrepreneur-une-foire-agricole-du-04-au-05-septembre\/#article","isPartOf":{"@id":"https:\/\/legrandreporter.net\/index.php\/2026\/08\/30\/lutte-contre-la-vie-chere-la-maison-de-lentrepreneur-une-foire-agricole-du-04-au-05-septembre\/"},"author":{"name":"admin","@id":"https:\/\/legrandreporter.net\/#\/schema\/person\/e8aa07c283464fa600509a24e4de05a4"},"headline":"Lutte contre la vie ch\u00e8re : la maison de l\u2019Entrepreneur lance une foire agricole du 04 au 05 septembre\u00a0","datePublished":"2026-08-30T12:57:18+00:00","dateModified":"2026-08-30T12:59:01+00:00","mainEntityOfPage":{"@id":"https:\/\/legrandreporter.net\/index.php\/2026\/08\/30\/lutte-contre-la-vie-chere-la-maison-de-lentrepreneur-une-foire-agricole-du-04-au-05-septembre\/"},"wordCount":347,"commentCount":0,"image":{"@id":"https:\/\/legrandreporter.net\/index.php\/2026\/08\/30\/lutte-contre-la-vie-chere-la-maison-de-lentrepreneur-une-foire-agricole-du-04-au-05-septembre\/#primaryimage"},"thumbnailUrl":"https:\/\/legrandreporter.net\/wp-content\/uploads\/2026\/08\/IMG_1502-scaled.jpeg","articleSection":["ECONOMIE"],"inLanguage":"en-US","potentialAction":[{"@type":"CommentAction","name":"Comment","target":["https:\/\/legrandreporter.net\/index.php\/2026\/08\/30\/lutte-contre-la-vie-chere-la-maison-de-lentrepreneur-une-foire-agricole-du-04-au-05-septembre\/#respond"]}]},{"@type":"WebPage","@id":"https:\/\/legrandreporter.net\/index.php\/2026\/08\/30\/lutte-contre-la-vie-chere-la-maison-de-lentrepreneur-une-foire-agricole-du-04-au-05-septembre\/","url":"https:\/\/legrandreporter.net\/index.php\/2026\/08\/30\/lutte-contre-la-vie-chere-la-maison-de-lentrepreneur-une-foire-agricole-du-04-au-05-septembre\/","name":"Lutte contre la vie ch\u00e8re : la maison de l\u2019Entrepreneur lance une foire agricole du 04 au 05 septembre\u00a0 - le grand reporter","isPartOf":{"@id":"https:\/\/legrandreporter.net\/#website"},"primaryImageOfPage":{"@id":"https:\/\/legrandreporter.net\/index.php\/2026\/08\/30\/lutte-contre-la-vie-chere-la-maison-de-lentrepreneur-une-foire-agricole-du-04-au-05-septembre\/#primaryimage"},"image":{"@id":"https:\/\/legrandreporter.net\/index.php\/2026\/08\/30\/lutte-contre-la-vie-chere-la-maison-de-lentrepreneur-une-foire-agricole-du-04-au-05-septembre\/#primaryimage"},"thumbnailUrl":"https:\/\/legrandreporter.net\/wp-content\/uploads\/2026\/08\/IMG_1502-scaled.jpeg","datePublished":"2026-08-30T12:57:18+00:00","dateModified":"2026-08-30T12:59:01+00:00","author":{"@id":"https:\/\/legrandreporter.net\/#\/schema\/person\/e8aa07c283464fa600509a24e4de05a4"},"breadcrumb":{"@id":"https:\/\/legrandreporter.net\/index.php\/2026\/08\/30\/lutte-contre-la-vie-chere-la-maison-de-lentrepreneur-une-foire-agricole-du-04-au-05-septembre\/#breadcrumb"},"inLanguage":"en-US","potentialAction":[{"@type":"ReadAction","target":["https:\/\/legrandreporter.net\/index.php\/2026\/08\/30\/lutte-contre-la-vie-chere-la-maison-de-lentrepreneur-une-foire-agricole-du-04-au-05-septembre\/"]}]},{"@type":"ImageObject","inLanguage":"en-US","@id":"https:\/\/legrandreporter.net\/index.php\/2026\/08\/30\/lutte-contre-la-vie-chere-la-maison-de-lentrepreneur-une-foire-agricole-du-04-au-05-septembre\/#primaryimage","url":"https:\/\/legrandreporter.net\/wp-content\/uploads\/2026\/08\/IMG_1502-scaled.jpeg","contentUrl":"https:\/\/legrandreporter.net\/wp-content\/uploads\/2026\/08\/IMG_1502-scaled.jpeg","width":2560,"height":1920},{"@type":"BreadcrumbList","@id":"https:\/\/legrandreporter.net\/index.php\/2026\/08\/30\/lutte-contre-la-vie-chere-la-maison-de-lentrepreneur-une-foire-agricole-du-04-au-05-septembre\/#breadcrumb","itemListElement":[{"@type":"ListItem","position":1,"name":"Home","item":"https:\/\/legrandreporter.net\/"},{"@type":"ListItem","position":2,"name":"Lutte contre la vie ch\u00e8re : la maison de l\u2019Entrepreneur lance une foire agricole du 04 au 05 septembre\u00a0"}]},{"@type":"WebSite","@id":"https:\/\/legrandreporter.net\/#website","url":"https:\/\/legrandreporter.net\/","name":"le grand reporter","description":"L&#039;information sans fronti\u00e8res ","potentialAction":[{"@type":"SearchAction","target":{"@type":"EntryPoint","urlTemplate":"https:\/\/legrandreporter.net\/?s={search_term_string}"},"query-input":{"@type":"PropertyValueSpecification","valueRequired":true,"valueName":"search_term_string"}}],"inLanguage":"en-US"},{"@type":"Person","@id":"https:\/\/legrandreporter.net\/#\/schema\/person\/e8aa07c283464fa600509a24e4de05a4","name":"admin","image":{"@type":"ImageObject","inLanguage":"en-US","@id":"https:\/\/secure.gravatar.com\/avatar\/e741354a999001bf2381f32f080f9718157eaaa8510756b39bead01f99e50f81?s=96&d=mm&r=g","url":"https:\/\/secure.gravatar.com\/avatar\/e741354a999001bf2381f32f080f9718157eaaa8510756b39bead01f99e50f81?s=96&d=mm&r=g","contentUrl":"https:\/\/secure.gravatar.com\/avatar\/e741354a999001bf2381f32f080f9718157eaaa8510756b39bead01f99e50f81?s=96&d=mm&r=g","caption":"admin"},"sameAs":["https:\/\/legrandreporter.net"],"url":"https:\/\/legrandreporter.net\/index.php\/author\/admin\/"}]}},"_links":{"self":[{"href":"https:\/\/legrandreporter.net\/index.php\/wp-json\/wp\/v2\/posts\/663","targetHints":{"allow":["GET"]}}],"collection":[{"href":"https:\/\/legrandreporter.net\/index.php\/wp-json\/wp\/v2\/posts"}],"about":[{"href":"https:\/\/legrandreporter.net\/index.php\/wp-json\/wp\/v2\/types\/post"}],"author":[{"embeddable":true,"href":"https:\/\/legrandreporter.net\/index.php\/wp-json\/wp\/v2\/users\/1"}],"replies":[{"embeddable":true,"href":"https:\/\/legrandreporter.net\/index.php\/wp-json\/wp\/v2\/comments?post=663"}],"version-history":[{"count":2,"href":"https:\/\/legrandreporter.net\/index.php\/wp-json\/wp\/v2\/posts\/663\/revisions"}],"predecessor-version":[{"id":668,"href":"https:\/\/legrandreporter.net\/index.php\/wp-json\/wp\/v2\/posts\/663\/revisions\/668"}],"wp:featuredmedia":[{"embeddable":true,"href":"https:\/\/legrandreporter.net\/index.php\/wp-json\/wp\/v2\/media\/666"}],"wp:attachment":[{"href":"https:\/\/legrandreporter.net\/index.php\/wp-json\/wp\/v2\/media?parent=663"}],"wp:term":[{"taxonomy":"category","embeddable":true,"href":"https:\/\/legrandreporter.net\/index.php\/wp-json\/wp\/v2\/categories?post=663"},{"taxonomy":"post_tag","embeddable":true,"href":"https:\/\/legrandreporter.net\/index.php\/wp-json\/wp\/v2\/tags?post=663"}],"curies":[{"name":"wp","href":"https:\/\/api.w.org\/{rel}","templated":true}]}}