{"id":669,"date":"2026-08-30T15:23:47","date_gmt":"2026-08-30T13:23:47","guid":{"rendered":"https:\/\/legrandreporter.net\/?p=669"},"modified":"2026-08-30T15:23:49","modified_gmt":"2026-08-30T13:23:49","slug":"fete-de-liberation-2026-brice-clotaire-oligui-nguema-le-liberateur-arbore-sa-tenue-militaire","status":"publish","type":"post","link":"https:\/\/legrandreporter.net\/index.php\/2026\/08\/30\/fete-de-liberation-2026-brice-clotaire-oligui-nguema-le-liberateur-arbore-sa-tenue-militaire\/","title":{"rendered":"F\u00eate de lib\u00e9ration 2026 : Brice Clotaire Oligui Nguema \u00able lib\u00e9rateur\u00bb arbore sa tenue militaire !\u00a0"},"content":{"rendered":"\n<p class=\"wp-block-paragraph\"><strong>\u00c0 l\u2019occasion de la comm\u00e9moration de la F\u00eate de la Lib\u00e9ration, ce 30 ao\u00fbt 2026, Makokou a accueilli les Compagnons de la Libert\u00e9. Comme chaque ann\u00e9e depuis le 30 ao\u00fbt 2023, les militaires arborent tous leurs treillis afin de rappeler aux populations le respect de leur serment. En t\u00eate desquels Brice Clotaire Oligui Nguema.<\/strong><\/p>\n\n\n\n<p class=\"wp-block-paragraph\">Apr\u00e8s la revue des troupes, le Chef de l\u2019\u00c9tat a pr\u00e9sid\u00e9 la c\u00e9r\u00e9monie de d\u00e9coration de plusieurs personnalit\u00e9s civiles et militaires, \u00e9lev\u00e9es aux grades de Chevalier et de Commandeur, en sa qualit\u00e9 de Grand Ma\u00eetre de l\u2019Ordre National de la Lib\u00e9ration.<\/p>\n\n\n\n<figure class=\"wp-block-image size-full\"><img width=\"1024\" height=\"776\"  alt=\"\" class=\"wp-image-670\"\/ loading=\"eager\" fetchpriority=\"high\" decoding=\"async\" src=\"https:\/\/legrandreporter.net\/wp-content\/uploads\/2026\/08\/IMG_1534.jpeg\" srcset=\"https:\/\/legrandreporter.net\/wp-content\/uploads\/2026\/08\/IMG_1534.jpeg 1024w, https:\/\/legrandreporter.net\/wp-content\/uploads\/2026\/08\/IMG_1534-300x227.jpeg 300w, https:\/\/legrandreporter.net\/wp-content\/uploads\/2026\/08\/IMG_1534-768x582.jpeg 768w\" sizes=\"(max-width: 1024px) 100vw, 1024px\" \/><\/figure>\n\n\n\n<p class=\"wp-block-paragraph\">Pour sa troisi\u00e8me \u00e9dition, ce rituel patriotique ravive le sentiment d\u2019appartenance \u00e0 la Nation et nous rappelle le courage et la d\u00e9termination des hommes en treillis qui, le 30 ao\u00fbt 2023, ont pris leurs responsabilit\u00e9s. Un moment de m\u00e9moire, de reconnaissance et d\u2019unit\u00e9 nationale.<\/p>\n\n\n\n<figure class=\"wp-block-image size-full\"><img width=\"682\" height=\"1024\"  alt=\"\" class=\"wp-image-671\"\/ loading=\"lazy\" decoding=\"async\" src=\"https:\/\/legrandreporter.net\/wp-content\/uploads\/2026\/08\/IMG_1536.jpeg\" srcset=\"https:\/\/legrandreporter.net\/wp-content\/uploads\/2026\/08\/IMG_1536.jpeg 682w, https:\/\/legrandreporter.net\/wp-content\/uploads\/2026\/08\/IMG_1536-200x300.jpeg 200w\" sizes=\"auto, (max-width: 682px) 100vw, 682px\" \/><\/figure>\n\n\n\n<p class=\"wp-block-paragraph\"><\/p>\n","protected":false},"excerpt":{"rendered":"<p>\u00c0 l\u2019occasion de la comm\u00e9moration de la F\u00eate de la Lib\u00e9ration, ce 30 ao\u00fbt 2026, Makokou a accueilli les Compagnons de la Libert\u00e9. Comme chaque ann\u00e9e depuis le 30 ao\u00fbt 2023, les militaires arborent tous leurs treillis afin de rappeler aux populations le respect de leur serment. En t\u00eate desquels Brice Clotaire Oligui Nguema. Apr\u00e8s [&hellip;]<\/p>\n","protected":false},"author":1,"featured_media":672,"comment_status":"open","ping_status":"open","sticky":false,"template":"","format":"standard","meta":{"footnotes":""},"categories":[1],"tags":[],"class_list":["post-669","post","type-post","status-publish","format-standard","has-post-thumbnail","hentry","category-politique"],"yoast_head":"<!-- This site is optimized with the Yoast SEO plugin v28.4 - https:\/\/yoast.com\/product\/yoast-seo-wordpress\/ -->\n<title>F\u00eate de lib\u00e9ration 2026 : Brice Clotaire Oligui Nguema \u00able lib\u00e9rateur\u00bb arbore sa tenue militaire !\u00a0 - le grand reporter<\/title>\n<meta name=\"robots\" content=\"index, follow, max-snippet:-1, max-image-preview:large, max-video-preview:-1\" \/>\n<link rel=\"canonical\" href=\"https:\/\/legrandreporter.net\/index.php\/2026\/08\/30\/fete-de-liberation-2026-brice-clotaire-oligui-nguema-le-liberateur-arbore-sa-tenue-militaire\/\" \/>\n<meta property=\"og:locale\" content=\"en_US\" \/>\n<meta property=\"og:type\" content=\"article\" \/>\n<meta property=\"og:title\" content=\"F\u00eate de lib\u00e9ration 2026 : Brice Clotaire Oligui Nguema \u00able lib\u00e9rateur\u00bb arbore sa tenue militaire !\u00a0 - le grand reporter\" \/>\n<meta property=\"og:description\" content=\"\u00c0 l\u2019occasion de la comm\u00e9moration de la F\u00eate de la Lib\u00e9ration, ce 30 ao\u00fbt 2026, Makokou a accueilli les Compagnons de la Libert\u00e9. Comme chaque ann\u00e9e depuis le 30 ao\u00fbt 2023, les militaires arborent tous leurs treillis afin de rappeler aux populations le respect de leur serment. En t\u00eate desquels Brice Clotaire Oligui Nguema. Apr\u00e8s [&hellip;]\" \/>\n<meta property=\"og:url\" content=\"https:\/\/legrandreporter.net\/index.php\/2026\/08\/30\/fete-de-liberation-2026-brice-clotaire-oligui-nguema-le-liberateur-arbore-sa-tenue-militaire\/\" \/>\n<meta property=\"og:site_name\" content=\"le grand reporter\" \/>\n<meta property=\"article:published_time\" content=\"2026-08-30T13:23:47+00:00\" \/>\n<meta property=\"article:modified_time\" content=\"2026-08-30T13:23:49+00:00\" \/>\n<meta property=\"og:image\" content=\"https:\/\/legrandreporter.net\/wp-content\/uploads\/2026\/08\/IMG_1535.jpeg\" \/>\n\t<meta property=\"og:image:width\" content=\"682\" \/>\n\t<meta property=\"og:image:height\" content=\"1024\" \/>\n\t<meta property=\"og:image:type\" content=\"image\/jpeg\" \/>\n<meta name=\"author\" content=\"admin\" \/>\n<meta name=\"twitter:card\" content=\"summary_large_image\" \/>\n<meta name=\"twitter:label1\" content=\"Written by\" \/>\n\t<meta name=\"twitter:data1\" content=\"admin\" \/>\n\t<meta name=\"twitter:label2\" content=\"Est. reading time\" \/>\n\t<meta name=\"twitter:data2\" content=\"2 minutes\" \/>\n<script type=\"application\/ld+json\" class=\"yoast-schema-graph\">{\"@context\":\"https:\\\/\\\/schema.org\",\"@graph\":[{\"@type\":\"Article\",\"@id\":\"https:\\\/\\\/legrandreporter.net\\\/index.php\\\/2026\\\/08\\\/30\\\/fete-de-liberation-2026-brice-clotaire-oligui-nguema-le-liberateur-arbore-sa-tenue-militaire\\\/#article\",\"isPartOf\":{\"@id\":\"https:\\\/\\\/legrandreporter.net\\\/index.php\\\/2026\\\/08\\\/30\\\/fete-de-liberation-2026-brice-clotaire-oligui-nguema-le-liberateur-arbore-sa-tenue-militaire\\\/\"},\"author\":{\"name\":\"admin\",\"@id\":\"https:\\\/\\\/legrandreporter.net\\\/#\\\/schema\\\/person\\\/e8aa07c283464fa600509a24e4de05a4\"},\"headline\":\"F\u00eate de lib\u00e9ration 2026 : Brice Clotaire Oligui Nguema \u00able lib\u00e9rateur\u00bb arbore sa tenue militaire !\u00a0\",\"datePublished\":\"2026-08-30T13:23:47+00:00\",\"dateModified\":\"2026-08-30T13:23:49+00:00\",\"mainEntityOfPage\":{\"@id\":\"https:\\\/\\\/legrandreporter.net\\\/index.php\\\/2026\\\/08\\\/30\\\/fete-de-liberation-2026-brice-clotaire-oligui-nguema-le-liberateur-arbore-sa-tenue-militaire\\\/\"},\"wordCount\":173,\"commentCount\":0,\"image\":{\"@id\":\"https:\\\/\\\/legrandreporter.net\\\/index.php\\\/2026\\\/08\\\/30\\\/fete-de-liberation-2026-brice-clotaire-oligui-nguema-le-liberateur-arbore-sa-tenue-militaire\\\/#primaryimage\"},\"thumbnailUrl\":\"https:\\\/\\\/legrandreporter.net\\\/wp-content\\\/uploads\\\/2026\\\/08\\\/IMG_1535.jpeg\",\"articleSection\":[\"POLITIQUE\"],\"inLanguage\":\"en-US\",\"potentialAction\":[{\"@type\":\"CommentAction\",\"name\":\"Comment\",\"target\":[\"https:\\\/\\\/legrandreporter.net\\\/index.php\\\/2026\\\/08\\\/30\\\/fete-de-liberation-2026-brice-clotaire-oligui-nguema-le-liberateur-arbore-sa-tenue-militaire\\\/#respond\"]}]},{\"@type\":\"WebPage\",\"@id\":\"https:\\\/\\\/legrandreporter.net\\\/index.php\\\/2026\\\/08\\\/30\\\/fete-de-liberation-2026-brice-clotaire-oligui-nguema-le-liberateur-arbore-sa-tenue-militaire\\\/\",\"url\":\"https:\\\/\\\/legrandreporter.net\\\/index.php\\\/2026\\\/08\\\/30\\\/fete-de-liberation-2026-brice-clotaire-oligui-nguema-le-liberateur-arbore-sa-tenue-militaire\\\/\",\"name\":\"F\u00eate de lib\u00e9ration 2026 : Brice Clotaire Oligui Nguema \u00able lib\u00e9rateur\u00bb arbore sa tenue militaire !\u00a0 - le grand reporter\",\"isPartOf\":{\"@id\":\"https:\\\/\\\/legrandreporter.net\\\/#website\"},\"primaryImageOfPage\":{\"@id\":\"https:\\\/\\\/legrandreporter.net\\\/index.php\\\/2026\\\/08\\\/30\\\/fete-de-liberation-2026-brice-clotaire-oligui-nguema-le-liberateur-arbore-sa-tenue-militaire\\\/#primaryimage\"},\"image\":{\"@id\":\"https:\\\/\\\/legrandreporter.net\\\/index.php\\\/2026\\\/08\\\/30\\\/fete-de-liberation-2026-brice-clotaire-oligui-nguema-le-liberateur-arbore-sa-tenue-militaire\\\/#primaryimage\"},\"thumbnailUrl\":\"https:\\\/\\\/legrandreporter.net\\\/wp-content\\\/uploads\\\/2026\\\/08\\\/IMG_1535.jpeg\",\"datePublished\":\"2026-08-30T13:23:47+00:00\",\"dateModified\":\"2026-08-30T13:23:49+00:00\",\"author\":{\"@id\":\"https:\\\/\\\/legrandreporter.net\\\/#\\\/schema\\\/person\\\/e8aa07c283464fa600509a24e4de05a4\"},\"breadcrumb\":{\"@id\":\"https:\\\/\\\/legrandreporter.net\\\/index.php\\\/2026\\\/08\\\/30\\\/fete-de-liberation-2026-brice-clotaire-oligui-nguema-le-liberateur-arbore-sa-tenue-militaire\\\/#breadcrumb\"},\"inLanguage\":\"en-US\",\"potentialAction\":[{\"@type\":\"ReadAction\",\"target\":[\"https:\\\/\\\/legrandreporter.net\\\/index.php\\\/2026\\\/08\\\/30\\\/fete-de-liberation-2026-brice-clotaire-oligui-nguema-le-liberateur-arbore-sa-tenue-militaire\\\/\"]}]},{\"@type\":\"ImageObject\",\"inLanguage\":\"en-US\",\"@id\":\"https:\\\/\\\/legrandreporter.net\\\/index.php\\\/2026\\\/08\\\/30\\\/fete-de-liberation-2026-brice-clotaire-oligui-nguema-le-liberateur-arbore-sa-tenue-militaire\\\/#primaryimage\",\"url\":\"https:\\\/\\\/legrandreporter.net\\\/wp-content\\\/uploads\\\/2026\\\/08\\\/IMG_1535.jpeg\",\"contentUrl\":\"https:\\\/\\\/legrandreporter.net\\\/wp-content\\\/uploads\\\/2026\\\/08\\\/IMG_1535.jpeg\",\"width\":682,\"height\":1024},{\"@type\":\"BreadcrumbList\",\"@id\":\"https:\\\/\\\/legrandreporter.net\\\/index.php\\\/2026\\\/08\\\/30\\\/fete-de-liberation-2026-brice-clotaire-oligui-nguema-le-liberateur-arbore-sa-tenue-militaire\\\/#breadcrumb\",\"itemListElement\":[{\"@type\":\"ListItem\",\"position\":1,\"name\":\"Home\",\"item\":\"https:\\\/\\\/legrandreporter.net\\\/\"},{\"@type\":\"ListItem\",\"position\":2,\"name\":\"F\u00eate de lib\u00e9ration 2026 : Brice Clotaire Oligui Nguema \u00able lib\u00e9rateur\u00bb arbore sa tenue militaire !\u00a0\"}]},{\"@type\":\"WebSite\",\"@id\":\"https:\\\/\\\/legrandreporter.net\\\/#website\",\"url\":\"https:\\\/\\\/legrandreporter.net\\\/\",\"name\":\"le grand reporter\",\"description\":\"L&#039;information sans fronti\u00e8res \",\"potentialAction\":[{\"@type\":\"SearchAction\",\"target\":{\"@type\":\"EntryPoint\",\"urlTemplate\":\"https:\\\/\\\/legrandreporter.net\\\/?s={search_term_string}\"},\"query-input\":{\"@type\":\"PropertyValueSpecification\",\"valueRequired\":true,\"valueName\":\"search_term_string\"}}],\"inLanguage\":\"en-US\"},{\"@type\":\"Person\",\"@id\":\"https:\\\/\\\/legrandreporter.net\\\/#\\\/schema\\\/person\\\/e8aa07c283464fa600509a24e4de05a4\",\"name\":\"admin\",\"image\":{\"@type\":\"ImageObject\",\"inLanguage\":\"en-US\",\"@id\":\"https:\\\/\\\/secure.gravatar.com\\\/avatar\\\/e741354a999001bf2381f32f080f9718157eaaa8510756b39bead01f99e50f81?s=96&d=mm&r=g\",\"url\":\"https:\\\/\\\/secure.gravatar.com\\\/avatar\\\/e741354a999001bf2381f32f080f9718157eaaa8510756b39bead01f99e50f81?s=96&d=mm&r=g\",\"contentUrl\":\"https:\\\/\\\/secure.gravatar.com\\\/avatar\\\/e741354a999001bf2381f32f080f9718157eaaa8510756b39bead01f99e50f81?s=96&d=mm&r=g\",\"caption\":\"admin\"},\"sameAs\":[\"https:\\\/\\\/legrandreporter.net\"],\"url\":\"https:\\\/\\\/legrandreporter.net\\\/index.php\\\/author\\\/admin\\\/\"}]}<\/script>\n<!-- \/ Yoast SEO plugin. -->","yoast_head_json":{"title":"F\u00eate de lib\u00e9ration 2026 : Brice Clotaire Oligui Nguema \u00able lib\u00e9rateur\u00bb arbore sa tenue militaire !\u00a0 - le grand reporter","robots":{"index":"index","follow":"follow","max-snippet":"max-snippet:-1","max-image-preview":"max-image-preview:large","max-video-preview":"max-video-preview:-1"},"canonical":"https:\/\/legrandreporter.net\/index.php\/2026\/08\/30\/fete-de-liberation-2026-brice-clotaire-oligui-nguema-le-liberateur-arbore-sa-tenue-militaire\/","og_locale":"en_US","og_type":"article","og_title":"F\u00eate de lib\u00e9ration 2026 : Brice Clotaire Oligui Nguema \u00able lib\u00e9rateur\u00bb arbore sa tenue militaire !\u00a0 - le grand reporter","og_description":"\u00c0 l\u2019occasion de la comm\u00e9moration de la F\u00eate de la Lib\u00e9ration, ce 30 ao\u00fbt 2026, Makokou a accueilli les Compagnons de la Libert\u00e9. Comme chaque ann\u00e9e depuis le 30 ao\u00fbt 2023, les militaires arborent tous leurs treillis afin de rappeler aux populations le respect de leur serment. En t\u00eate desquels Brice Clotaire Oligui Nguema. Apr\u00e8s [&hellip;]","og_url":"https:\/\/legrandreporter.net\/index.php\/2026\/08\/30\/fete-de-liberation-2026-brice-clotaire-oligui-nguema-le-liberateur-arbore-sa-tenue-militaire\/","og_site_name":"le grand reporter","article_published_time":"2026-08-30T13:23:47+00:00","article_modified_time":"2026-08-30T13:23:49+00:00","og_image":[{"width":682,"height":1024,"url":"https:\/\/legrandreporter.net\/wp-content\/uploads\/2026\/08\/IMG_1535.jpeg","type":"image\/jpeg"}],"author":"admin","twitter_card":"summary_large_image","twitter_misc":{"Written by":"admin","Est. reading time":"2 minutes"},"schema":{"@context":"https:\/\/schema.org","@graph":[{"@type":"Article","@id":"https:\/\/legrandreporter.net\/index.php\/2026\/08\/30\/fete-de-liberation-2026-brice-clotaire-oligui-nguema-le-liberateur-arbore-sa-tenue-militaire\/#article","isPartOf":{"@id":"https:\/\/legrandreporter.net\/index.php\/2026\/08\/30\/fete-de-liberation-2026-brice-clotaire-oligui-nguema-le-liberateur-arbore-sa-tenue-militaire\/"},"author":{"name":"admin","@id":"https:\/\/legrandreporter.net\/#\/schema\/person\/e8aa07c283464fa600509a24e4de05a4"},"headline":"F\u00eate de lib\u00e9ration 2026 : Brice Clotaire Oligui Nguema \u00able lib\u00e9rateur\u00bb arbore sa tenue militaire !\u00a0","datePublished":"2026-08-30T13:23:47+00:00","dateModified":"2026-08-30T13:23:49+00:00","mainEntityOfPage":{"@id":"https:\/\/legrandreporter.net\/index.php\/2026\/08\/30\/fete-de-liberation-2026-brice-clotaire-oligui-nguema-le-liberateur-arbore-sa-tenue-militaire\/"},"wordCount":173,"commentCount":0,"image":{"@id":"https:\/\/legrandreporter.net\/index.php\/2026\/08\/30\/fete-de-liberation-2026-brice-clotaire-oligui-nguema-le-liberateur-arbore-sa-tenue-militaire\/#primaryimage"},"thumbnailUrl":"https:\/\/legrandreporter.net\/wp-content\/uploads\/2026\/08\/IMG_1535.jpeg","articleSection":["POLITIQUE"],"inLanguage":"en-US","potentialAction":[{"@type":"CommentAction","name":"Comment","target":["https:\/\/legrandreporter.net\/index.php\/2026\/08\/30\/fete-de-liberation-2026-brice-clotaire-oligui-nguema-le-liberateur-arbore-sa-tenue-militaire\/#respond"]}]},{"@type":"WebPage","@id":"https:\/\/legrandreporter.net\/index.php\/2026\/08\/30\/fete-de-liberation-2026-brice-clotaire-oligui-nguema-le-liberateur-arbore-sa-tenue-militaire\/","url":"https:\/\/legrandreporter.net\/index.php\/2026\/08\/30\/fete-de-liberation-2026-brice-clotaire-oligui-nguema-le-liberateur-arbore-sa-tenue-militaire\/","name":"F\u00eate de lib\u00e9ration 2026 : Brice Clotaire Oligui Nguema \u00able lib\u00e9rateur\u00bb arbore sa tenue militaire !\u00a0 - le grand reporter","isPartOf":{"@id":"https:\/\/legrandreporter.net\/#website"},"primaryImageOfPage":{"@id":"https:\/\/legrandreporter.net\/index.php\/2026\/08\/30\/fete-de-liberation-2026-brice-clotaire-oligui-nguema-le-liberateur-arbore-sa-tenue-militaire\/#primaryimage"},"image":{"@id":"https:\/\/legrandreporter.net\/index.php\/2026\/08\/30\/fete-de-liberation-2026-brice-clotaire-oligui-nguema-le-liberateur-arbore-sa-tenue-militaire\/#primaryimage"},"thumbnailUrl":"https:\/\/legrandreporter.net\/wp-content\/uploads\/2026\/08\/IMG_1535.jpeg","datePublished":"2026-08-30T13:23:47+00:00","dateModified":"2026-08-30T13:23:49+00:00","author":{"@id":"https:\/\/legrandreporter.net\/#\/schema\/person\/e8aa07c283464fa600509a24e4de05a4"},"breadcrumb":{"@id":"https:\/\/legrandreporter.net\/index.php\/2026\/08\/30\/fete-de-liberation-2026-brice-clotaire-oligui-nguema-le-liberateur-arbore-sa-tenue-militaire\/#breadcrumb"},"inLanguage":"en-US","potentialAction":[{"@type":"ReadAction","target":["https:\/\/legrandreporter.net\/index.php\/2026\/08\/30\/fete-de-liberation-2026-brice-clotaire-oligui-nguema-le-liberateur-arbore-sa-tenue-militaire\/"]}]},{"@type":"ImageObject","inLanguage":"en-US","@id":"https:\/\/legrandreporter.net\/index.php\/2026\/08\/30\/fete-de-liberation-2026-brice-clotaire-oligui-nguema-le-liberateur-arbore-sa-tenue-militaire\/#primaryimage","url":"https:\/\/legrandreporter.net\/wp-content\/uploads\/2026\/08\/IMG_1535.jpeg","contentUrl":"https:\/\/legrandreporter.net\/wp-content\/uploads\/2026\/08\/IMG_1535.jpeg","width":682,"height":1024},{"@type":"BreadcrumbList","@id":"https:\/\/legrandreporter.net\/index.php\/2026\/08\/30\/fete-de-liberation-2026-brice-clotaire-oligui-nguema-le-liberateur-arbore-sa-tenue-militaire\/#breadcrumb","itemListElement":[{"@type":"ListItem","position":1,"name":"Home","item":"https:\/\/legrandreporter.net\/"},{"@type":"ListItem","position":2,"name":"F\u00eate de lib\u00e9ration 2026 : Brice Clotaire Oligui Nguema \u00able lib\u00e9rateur\u00bb arbore sa tenue militaire !\u00a0"}]},{"@type":"WebSite","@id":"https:\/\/legrandreporter.net\/#website","url":"https:\/\/legrandreporter.net\/","name":"le grand reporter","description":"L&#039;information sans fronti\u00e8res ","potentialAction":[{"@type":"SearchAction","target":{"@type":"EntryPoint","urlTemplate":"https:\/\/legrandreporter.net\/?s={search_term_string}"},"query-input":{"@type":"PropertyValueSpecification","valueRequired":true,"valueName":"search_term_string"}}],"inLanguage":"en-US"},{"@type":"Person","@id":"https:\/\/legrandreporter.net\/#\/schema\/person\/e8aa07c283464fa600509a24e4de05a4","name":"admin","image":{"@type":"ImageObject","inLanguage":"en-US","@id":"https:\/\/secure.gravatar.com\/avatar\/e741354a999001bf2381f32f080f9718157eaaa8510756b39bead01f99e50f81?s=96&d=mm&r=g","url":"https:\/\/secure.gravatar.com\/avatar\/e741354a999001bf2381f32f080f9718157eaaa8510756b39bead01f99e50f81?s=96&d=mm&r=g","contentUrl":"https:\/\/secure.gravatar.com\/avatar\/e741354a999001bf2381f32f080f9718157eaaa8510756b39bead01f99e50f81?s=96&d=mm&r=g","caption":"admin"},"sameAs":["https:\/\/legrandreporter.net"],"url":"https:\/\/legrandreporter.net\/index.php\/author\/admin\/"}]}},"_links":{"self":[{"href":"https:\/\/legrandreporter.net\/index.php\/wp-json\/wp\/v2\/posts\/669","targetHints":{"allow":["GET"]}}],"collection":[{"href":"https:\/\/legrandreporter.net\/index.php\/wp-json\/wp\/v2\/posts"}],"about":[{"href":"https:\/\/legrandreporter.net\/index.php\/wp-json\/wp\/v2\/types\/post"}],"author":[{"embeddable":true,"href":"https:\/\/legrandreporter.net\/index.php\/wp-json\/wp\/v2\/users\/1"}],"replies":[{"embeddable":true,"href":"https:\/\/legrandreporter.net\/index.php\/wp-json\/wp\/v2\/comments?post=669"}],"version-history":[{"count":1,"href":"https:\/\/legrandreporter.net\/index.php\/wp-json\/wp\/v2\/posts\/669\/revisions"}],"predecessor-version":[{"id":673,"href":"https:\/\/legrandreporter.net\/index.php\/wp-json\/wp\/v2\/posts\/669\/revisions\/673"}],"wp:featuredmedia":[{"embeddable":true,"href":"https:\/\/legrandreporter.net\/index.php\/wp-json\/wp\/v2\/media\/672"}],"wp:attachment":[{"href":"https:\/\/legrandreporter.net\/index.php\/wp-json\/wp\/v2\/media?parent=669"}],"wp:term":[{"taxonomy":"category","embeddable":true,"href":"https:\/\/legrandreporter.net\/index.php\/wp-json\/wp\/v2\/categories?post=669"},{"taxonomy":"post_tag","embeddable":true,"href":"https:\/\/legrandreporter.net\/index.php\/wp-json\/wp\/v2\/tags?post=669"}],"curies":[{"name":"wp","href":"https:\/\/api.w.org\/{rel}","templated":true}]}}