{"id":674,"date":"2026-08-31T12:52:44","date_gmt":"2026-08-31T10:52:44","guid":{"rendered":"https:\/\/legrandreporter.net\/?p=674"},"modified":"2026-08-31T12:52:46","modified_gmt":"2026-08-31T10:52:46","slug":"aes-brice-clotaire-oligui-nguema-sollicite-par-lua-pour-le-conflit-au-sahel","status":"publish","type":"post","link":"https:\/\/legrandreporter.net\/index.php\/2026\/08\/31\/aes-brice-clotaire-oligui-nguema-sollicite-par-lua-pour-le-conflit-au-sahel\/","title":{"rendered":"AES : Brice Clotaire Oligui Nguema sollicit\u00e9 par l\u2019UA pour le conflit au Sahel !\u00a0"},"content":{"rendered":"\n<p class=\"wp-block-paragraph\"><strong>Le pr\u00e9sident de la R\u00e9publique, Brice Clotaire Oligui Nguema, a re\u00e7u en audience, dimanche 30 ao\u00fbt \u00e0 Makokou , le repr\u00e9sentant sp\u00e9cial du pr\u00e9sident de la Commission de l\u2019Union africaine pour le Mali et le Sahel et chef de la MISAHEL, Dr Mamadou Tangara. Au menu des \u00e9changes : le r\u00f4le que pourrait jouer le Gabon dans la recherche de r\u00e9ponses aux crises qui secouent le Sahel et, plus largement, le continent africain.<\/strong><\/p>\n\n\n\n<p class=\"wp-block-paragraph\">Durant cette rencontre, l\u2019\u00e9missaire de l\u2019Union africaine a salu\u00e9 les avanc\u00e9es enregistr\u00e9es au Gabon depuis le d\u00e9but de la Transition. Il a notamment qualifi\u00e9 l\u2019exp\u00e9rience gabonaise de \u00ab mod\u00e8le d\u2019excellence \u00bb et de \u00ab belle r\u00e9ussite \u00bb, selon les propos rapport\u00e9s \u00e0 l\u2019issue de l\u2019audience. \u00ab Nous pensons que le Pr\u00e9sident peut apporter beaucoup de solutions aux probl\u00e8mes qui s\u2019imposent \u00e0 nous \u00bb, a d\u00e9clar\u00e9 Mamadou Tangara, mettant en avant la capacit\u00e9 d\u2019Oligui Nguema \u00e0 contribuer aux r\u00e9flexions sur les enjeux g\u00e9opolitiques et s\u00e9curitaires du continent.<\/p>\n\n\n\n<p class=\"wp-block-paragraph\">Cette audience intervient alors que les crises politiques et s\u00e9curitaires au Sahel continuent de mobiliser l\u2019Union africaine. Le Mali, le Burkina Faso et le Niger, dirig\u00e9s par des r\u00e9gimes militaires et engag\u00e9s dans une rupture avec plusieurs cadres r\u00e9gionaux, restent au c\u0153ur des pr\u00e9occupations de l\u2019organisation panafricaine.<\/p>\n\n\n\n<p class=\"wp-block-paragraph\">Pour Libreville, cette rencontre offre ainsi l\u2019occasion de renforcer son positionnement diplomatique sur la sc\u00e8ne continentale. Le Gabon, qui a achev\u00e9 sa Transition avec l\u2019organisation d\u2019une \u00e9lection pr\u00e9sidentielle en avril 2025, entend d\u00e9sormais capitaliser sur cette exp\u00e9rience pour accro\u00eetre son influence dans les discussions africaines sur la paix, la stabilit\u00e9 et la gouvernance.<\/p>\n\n\n\n<p class=\"wp-block-paragraph\">L\u2019audience entre Oligui Nguema et le repr\u00e9sentant de l\u2019Union africaine t\u00e9moigne ainsi de la volont\u00e9 de Libreville de jouer un r\u00f4le plus important dans les initiatives continentales, notamment sur les questions de paix et de s\u00e9curit\u00e9.<\/p>\n\n\n\n<p class=\"wp-block-paragraph\"><\/p>\n","protected":false},"excerpt":{"rendered":"<p>Le pr\u00e9sident de la R\u00e9publique, Brice Clotaire Oligui Nguema, a re\u00e7u en audience, dimanche 30 ao\u00fbt \u00e0 Makokou , le repr\u00e9sentant sp\u00e9cial du pr\u00e9sident de la Commission de l\u2019Union africaine pour le Mali et le Sahel et chef de la MISAHEL, Dr Mamadou Tangara. Au menu des \u00e9changes : le r\u00f4le que pourrait jouer le [&hellip;]<\/p>\n","protected":false},"author":1,"featured_media":675,"comment_status":"open","ping_status":"open","sticky":false,"template":"","format":"standard","meta":{"footnotes":""},"categories":[1],"tags":[],"class_list":["post-674","post","type-post","status-publish","format-standard","has-post-thumbnail","hentry","category-politique"],"yoast_head":"<!-- This site is optimized with the Yoast SEO plugin v28.4 - https:\/\/yoast.com\/product\/yoast-seo-wordpress\/ -->\n<title>AES : Brice Clotaire Oligui Nguema sollicit\u00e9 par l\u2019UA pour le conflit au Sahel !\u00a0 - le grand reporter<\/title>\n<meta name=\"robots\" content=\"index, follow, max-snippet:-1, max-image-preview:large, max-video-preview:-1\" \/>\n<link rel=\"canonical\" href=\"https:\/\/legrandreporter.net\/index.php\/2026\/08\/31\/aes-brice-clotaire-oligui-nguema-sollicite-par-lua-pour-le-conflit-au-sahel\/\" \/>\n<meta property=\"og:locale\" content=\"en_US\" \/>\n<meta property=\"og:type\" content=\"article\" \/>\n<meta property=\"og:title\" content=\"AES : Brice Clotaire Oligui Nguema sollicit\u00e9 par l\u2019UA pour le conflit au Sahel !\u00a0 - le grand reporter\" \/>\n<meta property=\"og:description\" content=\"Le pr\u00e9sident de la R\u00e9publique, Brice Clotaire Oligui Nguema, a re\u00e7u en audience, dimanche 30 ao\u00fbt \u00e0 Makokou , le repr\u00e9sentant sp\u00e9cial du pr\u00e9sident de la Commission de l\u2019Union africaine pour le Mali et le Sahel et chef de la MISAHEL, Dr Mamadou Tangara. Au menu des \u00e9changes : le r\u00f4le que pourrait jouer le [&hellip;]\" \/>\n<meta property=\"og:url\" content=\"https:\/\/legrandreporter.net\/index.php\/2026\/08\/31\/aes-brice-clotaire-oligui-nguema-sollicite-par-lua-pour-le-conflit-au-sahel\/\" \/>\n<meta property=\"og:site_name\" content=\"le grand reporter\" \/>\n<meta property=\"article:published_time\" content=\"2026-08-31T10:52:44+00:00\" \/>\n<meta property=\"article:modified_time\" content=\"2026-08-31T10:52:46+00:00\" \/>\n<meta property=\"og:image\" content=\"https:\/\/legrandreporter.net\/wp-content\/uploads\/2026\/08\/e9bf9577-67f1-49b7-8b14-e20e8ce26847.jpeg\" \/>\n\t<meta property=\"og:image:width\" content=\"960\" \/>\n\t<meta property=\"og:image:height\" content=\"1280\" \/>\n\t<meta property=\"og:image:type\" content=\"image\/jpeg\" \/>\n<meta name=\"author\" content=\"admin\" \/>\n<meta name=\"twitter:card\" content=\"summary_large_image\" \/>\n<meta name=\"twitter:label1\" content=\"Written by\" \/>\n\t<meta name=\"twitter:data1\" content=\"admin\" \/>\n\t<meta name=\"twitter:label2\" content=\"Est. reading time\" \/>\n\t<meta name=\"twitter:data2\" content=\"2 minutes\" \/>\n<script type=\"application\/ld+json\" class=\"yoast-schema-graph\">{\"@context\":\"https:\\\/\\\/schema.org\",\"@graph\":[{\"@type\":\"Article\",\"@id\":\"https:\\\/\\\/legrandreporter.net\\\/index.php\\\/2026\\\/08\\\/31\\\/aes-brice-clotaire-oligui-nguema-sollicite-par-lua-pour-le-conflit-au-sahel\\\/#article\",\"isPartOf\":{\"@id\":\"https:\\\/\\\/legrandreporter.net\\\/index.php\\\/2026\\\/08\\\/31\\\/aes-brice-clotaire-oligui-nguema-sollicite-par-lua-pour-le-conflit-au-sahel\\\/\"},\"author\":{\"name\":\"admin\",\"@id\":\"https:\\\/\\\/legrandreporter.net\\\/#\\\/schema\\\/person\\\/e8aa07c283464fa600509a24e4de05a4\"},\"headline\":\"AES : Brice Clotaire Oligui Nguema sollicit\u00e9 par l\u2019UA pour le conflit au Sahel !\u00a0\",\"datePublished\":\"2026-08-31T10:52:44+00:00\",\"dateModified\":\"2026-08-31T10:52:46+00:00\",\"mainEntityOfPage\":{\"@id\":\"https:\\\/\\\/legrandreporter.net\\\/index.php\\\/2026\\\/08\\\/31\\\/aes-brice-clotaire-oligui-nguema-sollicite-par-lua-pour-le-conflit-au-sahel\\\/\"},\"wordCount\":349,\"commentCount\":0,\"image\":{\"@id\":\"https:\\\/\\\/legrandreporter.net\\\/index.php\\\/2026\\\/08\\\/31\\\/aes-brice-clotaire-oligui-nguema-sollicite-par-lua-pour-le-conflit-au-sahel\\\/#primaryimage\"},\"thumbnailUrl\":\"https:\\\/\\\/legrandreporter.net\\\/wp-content\\\/uploads\\\/2026\\\/08\\\/e9bf9577-67f1-49b7-8b14-e20e8ce26847.jpeg\",\"articleSection\":[\"POLITIQUE\"],\"inLanguage\":\"en-US\",\"potentialAction\":[{\"@type\":\"CommentAction\",\"name\":\"Comment\",\"target\":[\"https:\\\/\\\/legrandreporter.net\\\/index.php\\\/2026\\\/08\\\/31\\\/aes-brice-clotaire-oligui-nguema-sollicite-par-lua-pour-le-conflit-au-sahel\\\/#respond\"]}]},{\"@type\":\"WebPage\",\"@id\":\"https:\\\/\\\/legrandreporter.net\\\/index.php\\\/2026\\\/08\\\/31\\\/aes-brice-clotaire-oligui-nguema-sollicite-par-lua-pour-le-conflit-au-sahel\\\/\",\"url\":\"https:\\\/\\\/legrandreporter.net\\\/index.php\\\/2026\\\/08\\\/31\\\/aes-brice-clotaire-oligui-nguema-sollicite-par-lua-pour-le-conflit-au-sahel\\\/\",\"name\":\"AES : Brice Clotaire Oligui Nguema sollicit\u00e9 par l\u2019UA pour le conflit au Sahel !\u00a0 - le grand reporter\",\"isPartOf\":{\"@id\":\"https:\\\/\\\/legrandreporter.net\\\/#website\"},\"primaryImageOfPage\":{\"@id\":\"https:\\\/\\\/legrandreporter.net\\\/index.php\\\/2026\\\/08\\\/31\\\/aes-brice-clotaire-oligui-nguema-sollicite-par-lua-pour-le-conflit-au-sahel\\\/#primaryimage\"},\"image\":{\"@id\":\"https:\\\/\\\/legrandreporter.net\\\/index.php\\\/2026\\\/08\\\/31\\\/aes-brice-clotaire-oligui-nguema-sollicite-par-lua-pour-le-conflit-au-sahel\\\/#primaryimage\"},\"thumbnailUrl\":\"https:\\\/\\\/legrandreporter.net\\\/wp-content\\\/uploads\\\/2026\\\/08\\\/e9bf9577-67f1-49b7-8b14-e20e8ce26847.jpeg\",\"datePublished\":\"2026-08-31T10:52:44+00:00\",\"dateModified\":\"2026-08-31T10:52:46+00:00\",\"author\":{\"@id\":\"https:\\\/\\\/legrandreporter.net\\\/#\\\/schema\\\/person\\\/e8aa07c283464fa600509a24e4de05a4\"},\"breadcrumb\":{\"@id\":\"https:\\\/\\\/legrandreporter.net\\\/index.php\\\/2026\\\/08\\\/31\\\/aes-brice-clotaire-oligui-nguema-sollicite-par-lua-pour-le-conflit-au-sahel\\\/#breadcrumb\"},\"inLanguage\":\"en-US\",\"potentialAction\":[{\"@type\":\"ReadAction\",\"target\":[\"https:\\\/\\\/legrandreporter.net\\\/index.php\\\/2026\\\/08\\\/31\\\/aes-brice-clotaire-oligui-nguema-sollicite-par-lua-pour-le-conflit-au-sahel\\\/\"]}]},{\"@type\":\"ImageObject\",\"inLanguage\":\"en-US\",\"@id\":\"https:\\\/\\\/legrandreporter.net\\\/index.php\\\/2026\\\/08\\\/31\\\/aes-brice-clotaire-oligui-nguema-sollicite-par-lua-pour-le-conflit-au-sahel\\\/#primaryimage\",\"url\":\"https:\\\/\\\/legrandreporter.net\\\/wp-content\\\/uploads\\\/2026\\\/08\\\/e9bf9577-67f1-49b7-8b14-e20e8ce26847.jpeg\",\"contentUrl\":\"https:\\\/\\\/legrandreporter.net\\\/wp-content\\\/uploads\\\/2026\\\/08\\\/e9bf9577-67f1-49b7-8b14-e20e8ce26847.jpeg\",\"width\":960,\"height\":1280},{\"@type\":\"BreadcrumbList\",\"@id\":\"https:\\\/\\\/legrandreporter.net\\\/index.php\\\/2026\\\/08\\\/31\\\/aes-brice-clotaire-oligui-nguema-sollicite-par-lua-pour-le-conflit-au-sahel\\\/#breadcrumb\",\"itemListElement\":[{\"@type\":\"ListItem\",\"position\":1,\"name\":\"Home\",\"item\":\"https:\\\/\\\/legrandreporter.net\\\/\"},{\"@type\":\"ListItem\",\"position\":2,\"name\":\"AES : Brice Clotaire Oligui Nguema sollicit\u00e9 par l\u2019UA pour le conflit au Sahel !\u00a0\"}]},{\"@type\":\"WebSite\",\"@id\":\"https:\\\/\\\/legrandreporter.net\\\/#website\",\"url\":\"https:\\\/\\\/legrandreporter.net\\\/\",\"name\":\"le grand reporter\",\"description\":\"L&#039;information sans fronti\u00e8res \",\"potentialAction\":[{\"@type\":\"SearchAction\",\"target\":{\"@type\":\"EntryPoint\",\"urlTemplate\":\"https:\\\/\\\/legrandreporter.net\\\/?s={search_term_string}\"},\"query-input\":{\"@type\":\"PropertyValueSpecification\",\"valueRequired\":true,\"valueName\":\"search_term_string\"}}],\"inLanguage\":\"en-US\"},{\"@type\":\"Person\",\"@id\":\"https:\\\/\\\/legrandreporter.net\\\/#\\\/schema\\\/person\\\/e8aa07c283464fa600509a24e4de05a4\",\"name\":\"admin\",\"image\":{\"@type\":\"ImageObject\",\"inLanguage\":\"en-US\",\"@id\":\"https:\\\/\\\/secure.gravatar.com\\\/avatar\\\/e741354a999001bf2381f32f080f9718157eaaa8510756b39bead01f99e50f81?s=96&d=mm&r=g\",\"url\":\"https:\\\/\\\/secure.gravatar.com\\\/avatar\\\/e741354a999001bf2381f32f080f9718157eaaa8510756b39bead01f99e50f81?s=96&d=mm&r=g\",\"contentUrl\":\"https:\\\/\\\/secure.gravatar.com\\\/avatar\\\/e741354a999001bf2381f32f080f9718157eaaa8510756b39bead01f99e50f81?s=96&d=mm&r=g\",\"caption\":\"admin\"},\"sameAs\":[\"https:\\\/\\\/legrandreporter.net\"],\"url\":\"https:\\\/\\\/legrandreporter.net\\\/index.php\\\/author\\\/admin\\\/\"}]}<\/script>\n<!-- \/ Yoast SEO plugin. -->","yoast_head_json":{"title":"AES : Brice Clotaire Oligui Nguema sollicit\u00e9 par l\u2019UA pour le conflit au Sahel !\u00a0 - le grand reporter","robots":{"index":"index","follow":"follow","max-snippet":"max-snippet:-1","max-image-preview":"max-image-preview:large","max-video-preview":"max-video-preview:-1"},"canonical":"https:\/\/legrandreporter.net\/index.php\/2026\/08\/31\/aes-brice-clotaire-oligui-nguema-sollicite-par-lua-pour-le-conflit-au-sahel\/","og_locale":"en_US","og_type":"article","og_title":"AES : Brice Clotaire Oligui Nguema sollicit\u00e9 par l\u2019UA pour le conflit au Sahel !\u00a0 - le grand reporter","og_description":"Le pr\u00e9sident de la R\u00e9publique, Brice Clotaire Oligui Nguema, a re\u00e7u en audience, dimanche 30 ao\u00fbt \u00e0 Makokou , le repr\u00e9sentant sp\u00e9cial du pr\u00e9sident de la Commission de l\u2019Union africaine pour le Mali et le Sahel et chef de la MISAHEL, Dr Mamadou Tangara. Au menu des \u00e9changes : le r\u00f4le que pourrait jouer le [&hellip;]","og_url":"https:\/\/legrandreporter.net\/index.php\/2026\/08\/31\/aes-brice-clotaire-oligui-nguema-sollicite-par-lua-pour-le-conflit-au-sahel\/","og_site_name":"le grand reporter","article_published_time":"2026-08-31T10:52:44+00:00","article_modified_time":"2026-08-31T10:52:46+00:00","og_image":[{"width":960,"height":1280,"url":"https:\/\/legrandreporter.net\/wp-content\/uploads\/2026\/08\/e9bf9577-67f1-49b7-8b14-e20e8ce26847.jpeg","type":"image\/jpeg"}],"author":"admin","twitter_card":"summary_large_image","twitter_misc":{"Written by":"admin","Est. reading time":"2 minutes"},"schema":{"@context":"https:\/\/schema.org","@graph":[{"@type":"Article","@id":"https:\/\/legrandreporter.net\/index.php\/2026\/08\/31\/aes-brice-clotaire-oligui-nguema-sollicite-par-lua-pour-le-conflit-au-sahel\/#article","isPartOf":{"@id":"https:\/\/legrandreporter.net\/index.php\/2026\/08\/31\/aes-brice-clotaire-oligui-nguema-sollicite-par-lua-pour-le-conflit-au-sahel\/"},"author":{"name":"admin","@id":"https:\/\/legrandreporter.net\/#\/schema\/person\/e8aa07c283464fa600509a24e4de05a4"},"headline":"AES : Brice Clotaire Oligui Nguema sollicit\u00e9 par l\u2019UA pour le conflit au Sahel !\u00a0","datePublished":"2026-08-31T10:52:44+00:00","dateModified":"2026-08-31T10:52:46+00:00","mainEntityOfPage":{"@id":"https:\/\/legrandreporter.net\/index.php\/2026\/08\/31\/aes-brice-clotaire-oligui-nguema-sollicite-par-lua-pour-le-conflit-au-sahel\/"},"wordCount":349,"commentCount":0,"image":{"@id":"https:\/\/legrandreporter.net\/index.php\/2026\/08\/31\/aes-brice-clotaire-oligui-nguema-sollicite-par-lua-pour-le-conflit-au-sahel\/#primaryimage"},"thumbnailUrl":"https:\/\/legrandreporter.net\/wp-content\/uploads\/2026\/08\/e9bf9577-67f1-49b7-8b14-e20e8ce26847.jpeg","articleSection":["POLITIQUE"],"inLanguage":"en-US","potentialAction":[{"@type":"CommentAction","name":"Comment","target":["https:\/\/legrandreporter.net\/index.php\/2026\/08\/31\/aes-brice-clotaire-oligui-nguema-sollicite-par-lua-pour-le-conflit-au-sahel\/#respond"]}]},{"@type":"WebPage","@id":"https:\/\/legrandreporter.net\/index.php\/2026\/08\/31\/aes-brice-clotaire-oligui-nguema-sollicite-par-lua-pour-le-conflit-au-sahel\/","url":"https:\/\/legrandreporter.net\/index.php\/2026\/08\/31\/aes-brice-clotaire-oligui-nguema-sollicite-par-lua-pour-le-conflit-au-sahel\/","name":"AES : Brice Clotaire Oligui Nguema sollicit\u00e9 par l\u2019UA pour le conflit au Sahel !\u00a0 - le grand reporter","isPartOf":{"@id":"https:\/\/legrandreporter.net\/#website"},"primaryImageOfPage":{"@id":"https:\/\/legrandreporter.net\/index.php\/2026\/08\/31\/aes-brice-clotaire-oligui-nguema-sollicite-par-lua-pour-le-conflit-au-sahel\/#primaryimage"},"image":{"@id":"https:\/\/legrandreporter.net\/index.php\/2026\/08\/31\/aes-brice-clotaire-oligui-nguema-sollicite-par-lua-pour-le-conflit-au-sahel\/#primaryimage"},"thumbnailUrl":"https:\/\/legrandreporter.net\/wp-content\/uploads\/2026\/08\/e9bf9577-67f1-49b7-8b14-e20e8ce26847.jpeg","datePublished":"2026-08-31T10:52:44+00:00","dateModified":"2026-08-31T10:52:46+00:00","author":{"@id":"https:\/\/legrandreporter.net\/#\/schema\/person\/e8aa07c283464fa600509a24e4de05a4"},"breadcrumb":{"@id":"https:\/\/legrandreporter.net\/index.php\/2026\/08\/31\/aes-brice-clotaire-oligui-nguema-sollicite-par-lua-pour-le-conflit-au-sahel\/#breadcrumb"},"inLanguage":"en-US","potentialAction":[{"@type":"ReadAction","target":["https:\/\/legrandreporter.net\/index.php\/2026\/08\/31\/aes-brice-clotaire-oligui-nguema-sollicite-par-lua-pour-le-conflit-au-sahel\/"]}]},{"@type":"ImageObject","inLanguage":"en-US","@id":"https:\/\/legrandreporter.net\/index.php\/2026\/08\/31\/aes-brice-clotaire-oligui-nguema-sollicite-par-lua-pour-le-conflit-au-sahel\/#primaryimage","url":"https:\/\/legrandreporter.net\/wp-content\/uploads\/2026\/08\/e9bf9577-67f1-49b7-8b14-e20e8ce26847.jpeg","contentUrl":"https:\/\/legrandreporter.net\/wp-content\/uploads\/2026\/08\/e9bf9577-67f1-49b7-8b14-e20e8ce26847.jpeg","width":960,"height":1280},{"@type":"BreadcrumbList","@id":"https:\/\/legrandreporter.net\/index.php\/2026\/08\/31\/aes-brice-clotaire-oligui-nguema-sollicite-par-lua-pour-le-conflit-au-sahel\/#breadcrumb","itemListElement":[{"@type":"ListItem","position":1,"name":"Home","item":"https:\/\/legrandreporter.net\/"},{"@type":"ListItem","position":2,"name":"AES : Brice Clotaire Oligui Nguema sollicit\u00e9 par l\u2019UA pour le conflit au Sahel !\u00a0"}]},{"@type":"WebSite","@id":"https:\/\/legrandreporter.net\/#website","url":"https:\/\/legrandreporter.net\/","name":"le grand reporter","description":"L&#039;information sans fronti\u00e8res ","potentialAction":[{"@type":"SearchAction","target":{"@type":"EntryPoint","urlTemplate":"https:\/\/legrandreporter.net\/?s={search_term_string}"},"query-input":{"@type":"PropertyValueSpecification","valueRequired":true,"valueName":"search_term_string"}}],"inLanguage":"en-US"},{"@type":"Person","@id":"https:\/\/legrandreporter.net\/#\/schema\/person\/e8aa07c283464fa600509a24e4de05a4","name":"admin","image":{"@type":"ImageObject","inLanguage":"en-US","@id":"https:\/\/secure.gravatar.com\/avatar\/e741354a999001bf2381f32f080f9718157eaaa8510756b39bead01f99e50f81?s=96&d=mm&r=g","url":"https:\/\/secure.gravatar.com\/avatar\/e741354a999001bf2381f32f080f9718157eaaa8510756b39bead01f99e50f81?s=96&d=mm&r=g","contentUrl":"https:\/\/secure.gravatar.com\/avatar\/e741354a999001bf2381f32f080f9718157eaaa8510756b39bead01f99e50f81?s=96&d=mm&r=g","caption":"admin"},"sameAs":["https:\/\/legrandreporter.net"],"url":"https:\/\/legrandreporter.net\/index.php\/author\/admin\/"}]}},"_links":{"self":[{"href":"https:\/\/legrandreporter.net\/index.php\/wp-json\/wp\/v2\/posts\/674","targetHints":{"allow":["GET"]}}],"collection":[{"href":"https:\/\/legrandreporter.net\/index.php\/wp-json\/wp\/v2\/posts"}],"about":[{"href":"https:\/\/legrandreporter.net\/index.php\/wp-json\/wp\/v2\/types\/post"}],"author":[{"embeddable":true,"href":"https:\/\/legrandreporter.net\/index.php\/wp-json\/wp\/v2\/users\/1"}],"replies":[{"embeddable":true,"href":"https:\/\/legrandreporter.net\/index.php\/wp-json\/wp\/v2\/comments?post=674"}],"version-history":[{"count":1,"href":"https:\/\/legrandreporter.net\/index.php\/wp-json\/wp\/v2\/posts\/674\/revisions"}],"predecessor-version":[{"id":676,"href":"https:\/\/legrandreporter.net\/index.php\/wp-json\/wp\/v2\/posts\/674\/revisions\/676"}],"wp:featuredmedia":[{"embeddable":true,"href":"https:\/\/legrandreporter.net\/index.php\/wp-json\/wp\/v2\/media\/675"}],"wp:attachment":[{"href":"https:\/\/legrandreporter.net\/index.php\/wp-json\/wp\/v2\/media?parent=674"}],"wp:term":[{"taxonomy":"category","embeddable":true,"href":"https:\/\/legrandreporter.net\/index.php\/wp-json\/wp\/v2\/categories?post=674"},{"taxonomy":"post_tag","embeddable":true,"href":"https:\/\/legrandreporter.net\/index.php\/wp-json\/wp\/v2\/tags?post=674"}],"curies":[{"name":"wp","href":"https:\/\/api.w.org\/{rel}","templated":true}]}}