{"id":678,"date":"2026-08-31T14:20:41","date_gmt":"2026-08-31T12:20:41","guid":{"rendered":"https:\/\/legrandreporter.net\/?p=678"},"modified":"2026-08-31T14:20:43","modified_gmt":"2026-08-31T12:20:43","slug":"ogooue-ivindo-fortescue-belinga-dote-le-centre-de-formation-professionnelle-de-makokou-dun-important-materiel-technique","status":"publish","type":"post","link":"https:\/\/legrandreporter.net\/index.php\/2026\/08\/31\/ogooue-ivindo-fortescue-belinga-dote-le-centre-de-formation-professionnelle-de-makokou-dun-important-materiel-technique\/","title":{"rendered":"Ogoou\u00e9-Ivindo: Fortescue Belinga dote le centre de formation professionnelle de Makokou d\u2019un important mat\u00e9riel technique\u00a0"},"content":{"rendered":"\n<p class=\"wp-block-paragraph\"><strong>L\u2019entreprise mini\u00e8re Fortescue Belinga est plus que jamais impliqu\u00e9e dans la formation professionnelle de la jeunesse gabonaise en g\u00e9n\u00e9ral et celle de l\u2019Ogoou\u00e9-ivindo en particulier. Et pour preuve, le 29 ao\u00fbt dernier,Fortescue Belinga a mat\u00e9rialis\u00e9 en actes cette vision du d\u00e9veloppement inclusif en proc\u00e9dant \u00e0 la remise officielle d\u2019un important lot de mat\u00e9riel destin\u00e9 au Centre de Formation Professionnelle de Makokou. Une dotation de premier plan qui vient insuffler une dynamique nouvelle aux infrastructures d&#8217;apprentissage locales et offrir des perspectives concr\u00e8tes aux talents de demain.<\/strong><\/p>\n\n\n\n<p class=\"wp-block-paragraph\">C\u2019est dans une ambiance empreinte de solennit\u00e9, que s\u2019est d\u00e9roul\u00e9e sous le regard bienveillant d\u2019Edward Kalajzic, Directeur G\u00e9n\u00e9ral de Fortescue Belinga, qui a remis les \u00e9quipements au Directeur de Cabinet du Ministre du Travail, de l\u2019Emploi et de la Formation Professionnelle, repr\u00e9sentant l\u2019autorit\u00e9 gouvernementale. Porteur du message de reconnaissance de l\u2019ex\u00e9cutif, ce dernier a salu\u00e9 la fructueuse collaboration unissant le secteur priv\u00e9 et la puissance publique, tout en invitant le Directeur G\u00e9n\u00e9ral de l\u2019Agence Nationale de la Formation et de l\u2019Enseignement Professionnel (ANFEP) ainsi que la direction de l&#8217;\u00e9tablissement \u00e0 veiller scrupuleusement \u00e0 l\u2019usage optimal de ces pr\u00e9cieux \u00e9quipements.\u00a0<br><\/p>\n\n\n\n<figure class=\"wp-block-image size-large\"><img width=\"1024\" height=\"683\"  alt=\"\" class=\"wp-image-679\"\/ loading=\"eager\" fetchpriority=\"high\" decoding=\"async\" src=\"https:\/\/legrandreporter.net\/wp-content\/uploads\/2026\/08\/IMG_1557-1024x683.jpeg\" srcset=\"https:\/\/legrandreporter.net\/wp-content\/uploads\/2026\/08\/IMG_1557-1024x683.jpeg 1024w, https:\/\/legrandreporter.net\/wp-content\/uploads\/2026\/08\/IMG_1557-300x200.jpeg 300w, https:\/\/legrandreporter.net\/wp-content\/uploads\/2026\/08\/IMG_1557-768x512.jpeg 768w, https:\/\/legrandreporter.net\/wp-content\/uploads\/2026\/08\/IMG_1557-1536x1024.jpeg 1536w, https:\/\/legrandreporter.net\/wp-content\/uploads\/2026\/08\/IMG_1557.jpeg 2048w\" sizes=\"(max-width: 1024px) 100vw, 1024px\" \/><\/figure>\n\n\n\n<p class=\"wp-block-paragraph\">Ce partenariat strat\u00e9gique nou\u00e9 avec l\u2019ANFEP ne rel\u00e8ve pas du simple m\u00e9c\u00e9nat, mais s&#8217;inscrit dans une politique m\u00fbrement r\u00e9fl\u00e9chie d&#8217;investissement dans le capital humain. En dotant les ateliers et les salles de classe d&#8217;outils modernes, l&#8217;initiative ambitionne de professionnaliser les fili\u00e8res d&#8217;enseignement technique, garantissant ainsi aux jeunes apprenants l&#8217;acquisition de comp\u00e9tences de pointe parfaitement align\u00e9es sur les exigences de l&#8217;industrie et du march\u00e9 du travail au Gabon. Au-del\u00e0 des aspects purement techniques, cette action renforce le r\u00f4le moteur des entreprises citoyennes dans l&#8217;am\u00e9nagement et le dynamisme \u00e9conomique des r\u00e9gions de l&#8217;hinterland.<\/p>\n\n\n\n<figure class=\"wp-block-image size-large\"><img width=\"1024\" height=\"676\"  alt=\"\" class=\"wp-image-680\"\/ loading=\"lazy\" decoding=\"async\" src=\"https:\/\/legrandreporter.net\/wp-content\/uploads\/2026\/08\/IMG_1555-1024x676.jpeg\" srcset=\"https:\/\/legrandreporter.net\/wp-content\/uploads\/2026\/08\/IMG_1555-1024x676.jpeg 1024w, https:\/\/legrandreporter.net\/wp-content\/uploads\/2026\/08\/IMG_1555-300x198.jpeg 300w, https:\/\/legrandreporter.net\/wp-content\/uploads\/2026\/08\/IMG_1555-768x507.jpeg 768w, https:\/\/legrandreporter.net\/wp-content\/uploads\/2026\/08\/IMG_1555-1536x1014.jpeg 1536w, https:\/\/legrandreporter.net\/wp-content\/uploads\/2026\/08\/IMG_1555.jpeg 2048w\" sizes=\"auto, (max-width: 1024px) 100vw, 1024px\" \/><\/figure>\n\n\n\n<p class=\"wp-block-paragraph\">En permettant aux jeunes de Makokou de se former sur des \u00e9quipements modernes, l&#8217;initiative r\u00e9duit la fracture des opportunit\u00e9s et favorise leur employabilit\u00e9 directe, \u00e9rigeant l&#8217;\u00e9ducation professionnelle en v\u00e9ritable levier d&#8217;\u00e9mancipation et de prosp\u00e9rit\u00e9 partag\u00e9e.En consolidant les fondations de ce temple du savoir, Fortescue Belinga et ses partenaires d\u00e9montrent que la valorisation des ressources naturelles doit indissociablement s&#8217;accompagner de l&#8217;\u00e9l\u00e9vation des comp\u00e9tences locales. Makokou s&#8217;affirme ainsi, jour apr\u00e8s jour, comme un p\u00f4le d&#8217;excellence en devenir, o\u00f9 la jeunesse trouve enfin les moyens mat\u00e9riels de b\u00e2tir son avenir et de contribuer activement \u00e0 l&#8217;essor \u00e9conomique de la Nation.<\/p>\n\n\n\n<p class=\"wp-block-paragraph\"><\/p>\n","protected":false},"excerpt":{"rendered":"<p>L\u2019entreprise mini\u00e8re Fortescue Belinga est plus que jamais impliqu\u00e9e dans la formation professionnelle de la jeunesse gabonaise en g\u00e9n\u00e9ral et celle de l\u2019Ogoou\u00e9-ivindo en particulier. Et pour preuve, le 29 ao\u00fbt dernier,Fortescue Belinga a mat\u00e9rialis\u00e9 en actes cette vision du d\u00e9veloppement inclusif en proc\u00e9dant \u00e0 la remise officielle d\u2019un important lot de mat\u00e9riel destin\u00e9 au [&hellip;]<\/p>\n","protected":false},"author":1,"featured_media":681,"comment_status":"open","ping_status":"open","sticky":false,"template":"","format":"standard","meta":{"footnotes":""},"categories":[7],"tags":[],"class_list":["post-678","post","type-post","status-publish","format-standard","has-post-thumbnail","hentry","category-economie"],"yoast_head":"<!-- This site is optimized with the Yoast SEO plugin v28.4 - https:\/\/yoast.com\/product\/yoast-seo-wordpress\/ -->\n<title>Ogoou\u00e9-Ivindo: Fortescue Belinga dote le centre de formation professionnelle de Makokou d\u2019un important mat\u00e9riel technique\u00a0 - le grand reporter<\/title>\n<meta name=\"robots\" content=\"index, follow, max-snippet:-1, max-image-preview:large, max-video-preview:-1\" \/>\n<link rel=\"canonical\" href=\"https:\/\/legrandreporter.net\/index.php\/2026\/08\/31\/ogooue-ivindo-fortescue-belinga-dote-le-centre-de-formation-professionnelle-de-makokou-dun-important-materiel-technique\/\" \/>\n<meta property=\"og:locale\" content=\"en_US\" \/>\n<meta property=\"og:type\" content=\"article\" \/>\n<meta property=\"og:title\" content=\"Ogoou\u00e9-Ivindo: Fortescue Belinga dote le centre de formation professionnelle de Makokou d\u2019un important mat\u00e9riel technique\u00a0 - le grand reporter\" \/>\n<meta property=\"og:description\" content=\"L\u2019entreprise mini\u00e8re Fortescue Belinga est plus que jamais impliqu\u00e9e dans la formation professionnelle de la jeunesse gabonaise en g\u00e9n\u00e9ral et celle de l\u2019Ogoou\u00e9-ivindo en particulier. Et pour preuve, le 29 ao\u00fbt dernier,Fortescue Belinga a mat\u00e9rialis\u00e9 en actes cette vision du d\u00e9veloppement inclusif en proc\u00e9dant \u00e0 la remise officielle d\u2019un important lot de mat\u00e9riel destin\u00e9 au [&hellip;]\" \/>\n<meta property=\"og:url\" content=\"https:\/\/legrandreporter.net\/index.php\/2026\/08\/31\/ogooue-ivindo-fortescue-belinga-dote-le-centre-de-formation-professionnelle-de-makokou-dun-important-materiel-technique\/\" \/>\n<meta property=\"og:site_name\" content=\"le grand reporter\" \/>\n<meta property=\"article:published_time\" content=\"2026-08-31T12:20:41+00:00\" \/>\n<meta property=\"article:modified_time\" content=\"2026-08-31T12:20:43+00:00\" \/>\n<meta property=\"og:image\" content=\"https:\/\/legrandreporter.net\/wp-content\/uploads\/2026\/08\/097e0638-2e05-43f3-aaf8-947911f7e6ae.jpeg\" \/>\n\t<meta property=\"og:image:width\" content=\"960\" \/>\n\t<meta property=\"og:image:height\" content=\"1280\" \/>\n\t<meta property=\"og:image:type\" content=\"image\/jpeg\" \/>\n<meta name=\"author\" content=\"admin\" \/>\n<meta name=\"twitter:card\" content=\"summary_large_image\" \/>\n<meta name=\"twitter:label1\" content=\"Written by\" \/>\n\t<meta name=\"twitter:data1\" content=\"admin\" \/>\n\t<meta name=\"twitter:label2\" content=\"Est. reading time\" \/>\n\t<meta name=\"twitter:data2\" content=\"3 minutes\" \/>\n<script type=\"application\/ld+json\" class=\"yoast-schema-graph\">{\"@context\":\"https:\\\/\\\/schema.org\",\"@graph\":[{\"@type\":\"Article\",\"@id\":\"https:\\\/\\\/legrandreporter.net\\\/index.php\\\/2026\\\/08\\\/31\\\/ogooue-ivindo-fortescue-belinga-dote-le-centre-de-formation-professionnelle-de-makokou-dun-important-materiel-technique\\\/#article\",\"isPartOf\":{\"@id\":\"https:\\\/\\\/legrandreporter.net\\\/index.php\\\/2026\\\/08\\\/31\\\/ogooue-ivindo-fortescue-belinga-dote-le-centre-de-formation-professionnelle-de-makokou-dun-important-materiel-technique\\\/\"},\"author\":{\"name\":\"admin\",\"@id\":\"https:\\\/\\\/legrandreporter.net\\\/#\\\/schema\\\/person\\\/e8aa07c283464fa600509a24e4de05a4\"},\"headline\":\"Ogoou\u00e9-Ivindo: Fortescue Belinga dote le centre de formation professionnelle de Makokou d\u2019un important mat\u00e9riel technique\u00a0\",\"datePublished\":\"2026-08-31T12:20:41+00:00\",\"dateModified\":\"2026-08-31T12:20:43+00:00\",\"mainEntityOfPage\":{\"@id\":\"https:\\\/\\\/legrandreporter.net\\\/index.php\\\/2026\\\/08\\\/31\\\/ogooue-ivindo-fortescue-belinga-dote-le-centre-de-formation-professionnelle-de-makokou-dun-important-materiel-technique\\\/\"},\"wordCount\":464,\"commentCount\":0,\"image\":{\"@id\":\"https:\\\/\\\/legrandreporter.net\\\/index.php\\\/2026\\\/08\\\/31\\\/ogooue-ivindo-fortescue-belinga-dote-le-centre-de-formation-professionnelle-de-makokou-dun-important-materiel-technique\\\/#primaryimage\"},\"thumbnailUrl\":\"https:\\\/\\\/legrandreporter.net\\\/wp-content\\\/uploads\\\/2026\\\/08\\\/097e0638-2e05-43f3-aaf8-947911f7e6ae.jpeg\",\"articleSection\":[\"ECONOMIE\"],\"inLanguage\":\"en-US\",\"potentialAction\":[{\"@type\":\"CommentAction\",\"name\":\"Comment\",\"target\":[\"https:\\\/\\\/legrandreporter.net\\\/index.php\\\/2026\\\/08\\\/31\\\/ogooue-ivindo-fortescue-belinga-dote-le-centre-de-formation-professionnelle-de-makokou-dun-important-materiel-technique\\\/#respond\"]}]},{\"@type\":\"WebPage\",\"@id\":\"https:\\\/\\\/legrandreporter.net\\\/index.php\\\/2026\\\/08\\\/31\\\/ogooue-ivindo-fortescue-belinga-dote-le-centre-de-formation-professionnelle-de-makokou-dun-important-materiel-technique\\\/\",\"url\":\"https:\\\/\\\/legrandreporter.net\\\/index.php\\\/2026\\\/08\\\/31\\\/ogooue-ivindo-fortescue-belinga-dote-le-centre-de-formation-professionnelle-de-makokou-dun-important-materiel-technique\\\/\",\"name\":\"Ogoou\u00e9-Ivindo: Fortescue Belinga dote le centre de formation professionnelle de Makokou d\u2019un important mat\u00e9riel technique\u00a0 - le grand reporter\",\"isPartOf\":{\"@id\":\"https:\\\/\\\/legrandreporter.net\\\/#website\"},\"primaryImageOfPage\":{\"@id\":\"https:\\\/\\\/legrandreporter.net\\\/index.php\\\/2026\\\/08\\\/31\\\/ogooue-ivindo-fortescue-belinga-dote-le-centre-de-formation-professionnelle-de-makokou-dun-important-materiel-technique\\\/#primaryimage\"},\"image\":{\"@id\":\"https:\\\/\\\/legrandreporter.net\\\/index.php\\\/2026\\\/08\\\/31\\\/ogooue-ivindo-fortescue-belinga-dote-le-centre-de-formation-professionnelle-de-makokou-dun-important-materiel-technique\\\/#primaryimage\"},\"thumbnailUrl\":\"https:\\\/\\\/legrandreporter.net\\\/wp-content\\\/uploads\\\/2026\\\/08\\\/097e0638-2e05-43f3-aaf8-947911f7e6ae.jpeg\",\"datePublished\":\"2026-08-31T12:20:41+00:00\",\"dateModified\":\"2026-08-31T12:20:43+00:00\",\"author\":{\"@id\":\"https:\\\/\\\/legrandreporter.net\\\/#\\\/schema\\\/person\\\/e8aa07c283464fa600509a24e4de05a4\"},\"breadcrumb\":{\"@id\":\"https:\\\/\\\/legrandreporter.net\\\/index.php\\\/2026\\\/08\\\/31\\\/ogooue-ivindo-fortescue-belinga-dote-le-centre-de-formation-professionnelle-de-makokou-dun-important-materiel-technique\\\/#breadcrumb\"},\"inLanguage\":\"en-US\",\"potentialAction\":[{\"@type\":\"ReadAction\",\"target\":[\"https:\\\/\\\/legrandreporter.net\\\/index.php\\\/2026\\\/08\\\/31\\\/ogooue-ivindo-fortescue-belinga-dote-le-centre-de-formation-professionnelle-de-makokou-dun-important-materiel-technique\\\/\"]}]},{\"@type\":\"ImageObject\",\"inLanguage\":\"en-US\",\"@id\":\"https:\\\/\\\/legrandreporter.net\\\/index.php\\\/2026\\\/08\\\/31\\\/ogooue-ivindo-fortescue-belinga-dote-le-centre-de-formation-professionnelle-de-makokou-dun-important-materiel-technique\\\/#primaryimage\",\"url\":\"https:\\\/\\\/legrandreporter.net\\\/wp-content\\\/uploads\\\/2026\\\/08\\\/097e0638-2e05-43f3-aaf8-947911f7e6ae.jpeg\",\"contentUrl\":\"https:\\\/\\\/legrandreporter.net\\\/wp-content\\\/uploads\\\/2026\\\/08\\\/097e0638-2e05-43f3-aaf8-947911f7e6ae.jpeg\",\"width\":960,\"height\":1280},{\"@type\":\"BreadcrumbList\",\"@id\":\"https:\\\/\\\/legrandreporter.net\\\/index.php\\\/2026\\\/08\\\/31\\\/ogooue-ivindo-fortescue-belinga-dote-le-centre-de-formation-professionnelle-de-makokou-dun-important-materiel-technique\\\/#breadcrumb\",\"itemListElement\":[{\"@type\":\"ListItem\",\"position\":1,\"name\":\"Home\",\"item\":\"https:\\\/\\\/legrandreporter.net\\\/\"},{\"@type\":\"ListItem\",\"position\":2,\"name\":\"Ogoou\u00e9-Ivindo: Fortescue Belinga dote le centre de formation professionnelle de Makokou d\u2019un important mat\u00e9riel technique\u00a0\"}]},{\"@type\":\"WebSite\",\"@id\":\"https:\\\/\\\/legrandreporter.net\\\/#website\",\"url\":\"https:\\\/\\\/legrandreporter.net\\\/\",\"name\":\"le grand reporter\",\"description\":\"L&#039;information sans fronti\u00e8res \",\"potentialAction\":[{\"@type\":\"SearchAction\",\"target\":{\"@type\":\"EntryPoint\",\"urlTemplate\":\"https:\\\/\\\/legrandreporter.net\\\/?s={search_term_string}\"},\"query-input\":{\"@type\":\"PropertyValueSpecification\",\"valueRequired\":true,\"valueName\":\"search_term_string\"}}],\"inLanguage\":\"en-US\"},{\"@type\":\"Person\",\"@id\":\"https:\\\/\\\/legrandreporter.net\\\/#\\\/schema\\\/person\\\/e8aa07c283464fa600509a24e4de05a4\",\"name\":\"admin\",\"image\":{\"@type\":\"ImageObject\",\"inLanguage\":\"en-US\",\"@id\":\"https:\\\/\\\/secure.gravatar.com\\\/avatar\\\/e741354a999001bf2381f32f080f9718157eaaa8510756b39bead01f99e50f81?s=96&d=mm&r=g\",\"url\":\"https:\\\/\\\/secure.gravatar.com\\\/avatar\\\/e741354a999001bf2381f32f080f9718157eaaa8510756b39bead01f99e50f81?s=96&d=mm&r=g\",\"contentUrl\":\"https:\\\/\\\/secure.gravatar.com\\\/avatar\\\/e741354a999001bf2381f32f080f9718157eaaa8510756b39bead01f99e50f81?s=96&d=mm&r=g\",\"caption\":\"admin\"},\"sameAs\":[\"https:\\\/\\\/legrandreporter.net\"],\"url\":\"https:\\\/\\\/legrandreporter.net\\\/index.php\\\/author\\\/admin\\\/\"}]}<\/script>\n<!-- \/ Yoast SEO plugin. -->","yoast_head_json":{"title":"Ogoou\u00e9-Ivindo: Fortescue Belinga dote le centre de formation professionnelle de Makokou d\u2019un important mat\u00e9riel technique\u00a0 - le grand reporter","robots":{"index":"index","follow":"follow","max-snippet":"max-snippet:-1","max-image-preview":"max-image-preview:large","max-video-preview":"max-video-preview:-1"},"canonical":"https:\/\/legrandreporter.net\/index.php\/2026\/08\/31\/ogooue-ivindo-fortescue-belinga-dote-le-centre-de-formation-professionnelle-de-makokou-dun-important-materiel-technique\/","og_locale":"en_US","og_type":"article","og_title":"Ogoou\u00e9-Ivindo: Fortescue Belinga dote le centre de formation professionnelle de Makokou d\u2019un important mat\u00e9riel technique\u00a0 - le grand reporter","og_description":"L\u2019entreprise mini\u00e8re Fortescue Belinga est plus que jamais impliqu\u00e9e dans la formation professionnelle de la jeunesse gabonaise en g\u00e9n\u00e9ral et celle de l\u2019Ogoou\u00e9-ivindo en particulier. Et pour preuve, le 29 ao\u00fbt dernier,Fortescue Belinga a mat\u00e9rialis\u00e9 en actes cette vision du d\u00e9veloppement inclusif en proc\u00e9dant \u00e0 la remise officielle d\u2019un important lot de mat\u00e9riel destin\u00e9 au [&hellip;]","og_url":"https:\/\/legrandreporter.net\/index.php\/2026\/08\/31\/ogooue-ivindo-fortescue-belinga-dote-le-centre-de-formation-professionnelle-de-makokou-dun-important-materiel-technique\/","og_site_name":"le grand reporter","article_published_time":"2026-08-31T12:20:41+00:00","article_modified_time":"2026-08-31T12:20:43+00:00","og_image":[{"width":960,"height":1280,"url":"https:\/\/legrandreporter.net\/wp-content\/uploads\/2026\/08\/097e0638-2e05-43f3-aaf8-947911f7e6ae.jpeg","type":"image\/jpeg"}],"author":"admin","twitter_card":"summary_large_image","twitter_misc":{"Written by":"admin","Est. reading time":"3 minutes"},"schema":{"@context":"https:\/\/schema.org","@graph":[{"@type":"Article","@id":"https:\/\/legrandreporter.net\/index.php\/2026\/08\/31\/ogooue-ivindo-fortescue-belinga-dote-le-centre-de-formation-professionnelle-de-makokou-dun-important-materiel-technique\/#article","isPartOf":{"@id":"https:\/\/legrandreporter.net\/index.php\/2026\/08\/31\/ogooue-ivindo-fortescue-belinga-dote-le-centre-de-formation-professionnelle-de-makokou-dun-important-materiel-technique\/"},"author":{"name":"admin","@id":"https:\/\/legrandreporter.net\/#\/schema\/person\/e8aa07c283464fa600509a24e4de05a4"},"headline":"Ogoou\u00e9-Ivindo: Fortescue Belinga dote le centre de formation professionnelle de Makokou d\u2019un important mat\u00e9riel technique\u00a0","datePublished":"2026-08-31T12:20:41+00:00","dateModified":"2026-08-31T12:20:43+00:00","mainEntityOfPage":{"@id":"https:\/\/legrandreporter.net\/index.php\/2026\/08\/31\/ogooue-ivindo-fortescue-belinga-dote-le-centre-de-formation-professionnelle-de-makokou-dun-important-materiel-technique\/"},"wordCount":464,"commentCount":0,"image":{"@id":"https:\/\/legrandreporter.net\/index.php\/2026\/08\/31\/ogooue-ivindo-fortescue-belinga-dote-le-centre-de-formation-professionnelle-de-makokou-dun-important-materiel-technique\/#primaryimage"},"thumbnailUrl":"https:\/\/legrandreporter.net\/wp-content\/uploads\/2026\/08\/097e0638-2e05-43f3-aaf8-947911f7e6ae.jpeg","articleSection":["ECONOMIE"],"inLanguage":"en-US","potentialAction":[{"@type":"CommentAction","name":"Comment","target":["https:\/\/legrandreporter.net\/index.php\/2026\/08\/31\/ogooue-ivindo-fortescue-belinga-dote-le-centre-de-formation-professionnelle-de-makokou-dun-important-materiel-technique\/#respond"]}]},{"@type":"WebPage","@id":"https:\/\/legrandreporter.net\/index.php\/2026\/08\/31\/ogooue-ivindo-fortescue-belinga-dote-le-centre-de-formation-professionnelle-de-makokou-dun-important-materiel-technique\/","url":"https:\/\/legrandreporter.net\/index.php\/2026\/08\/31\/ogooue-ivindo-fortescue-belinga-dote-le-centre-de-formation-professionnelle-de-makokou-dun-important-materiel-technique\/","name":"Ogoou\u00e9-Ivindo: Fortescue Belinga dote le centre de formation professionnelle de Makokou d\u2019un important mat\u00e9riel technique\u00a0 - le grand reporter","isPartOf":{"@id":"https:\/\/legrandreporter.net\/#website"},"primaryImageOfPage":{"@id":"https:\/\/legrandreporter.net\/index.php\/2026\/08\/31\/ogooue-ivindo-fortescue-belinga-dote-le-centre-de-formation-professionnelle-de-makokou-dun-important-materiel-technique\/#primaryimage"},"image":{"@id":"https:\/\/legrandreporter.net\/index.php\/2026\/08\/31\/ogooue-ivindo-fortescue-belinga-dote-le-centre-de-formation-professionnelle-de-makokou-dun-important-materiel-technique\/#primaryimage"},"thumbnailUrl":"https:\/\/legrandreporter.net\/wp-content\/uploads\/2026\/08\/097e0638-2e05-43f3-aaf8-947911f7e6ae.jpeg","datePublished":"2026-08-31T12:20:41+00:00","dateModified":"2026-08-31T12:20:43+00:00","author":{"@id":"https:\/\/legrandreporter.net\/#\/schema\/person\/e8aa07c283464fa600509a24e4de05a4"},"breadcrumb":{"@id":"https:\/\/legrandreporter.net\/index.php\/2026\/08\/31\/ogooue-ivindo-fortescue-belinga-dote-le-centre-de-formation-professionnelle-de-makokou-dun-important-materiel-technique\/#breadcrumb"},"inLanguage":"en-US","potentialAction":[{"@type":"ReadAction","target":["https:\/\/legrandreporter.net\/index.php\/2026\/08\/31\/ogooue-ivindo-fortescue-belinga-dote-le-centre-de-formation-professionnelle-de-makokou-dun-important-materiel-technique\/"]}]},{"@type":"ImageObject","inLanguage":"en-US","@id":"https:\/\/legrandreporter.net\/index.php\/2026\/08\/31\/ogooue-ivindo-fortescue-belinga-dote-le-centre-de-formation-professionnelle-de-makokou-dun-important-materiel-technique\/#primaryimage","url":"https:\/\/legrandreporter.net\/wp-content\/uploads\/2026\/08\/097e0638-2e05-43f3-aaf8-947911f7e6ae.jpeg","contentUrl":"https:\/\/legrandreporter.net\/wp-content\/uploads\/2026\/08\/097e0638-2e05-43f3-aaf8-947911f7e6ae.jpeg","width":960,"height":1280},{"@type":"BreadcrumbList","@id":"https:\/\/legrandreporter.net\/index.php\/2026\/08\/31\/ogooue-ivindo-fortescue-belinga-dote-le-centre-de-formation-professionnelle-de-makokou-dun-important-materiel-technique\/#breadcrumb","itemListElement":[{"@type":"ListItem","position":1,"name":"Home","item":"https:\/\/legrandreporter.net\/"},{"@type":"ListItem","position":2,"name":"Ogoou\u00e9-Ivindo: Fortescue Belinga dote le centre de formation professionnelle de Makokou d\u2019un important mat\u00e9riel technique\u00a0"}]},{"@type":"WebSite","@id":"https:\/\/legrandreporter.net\/#website","url":"https:\/\/legrandreporter.net\/","name":"le grand reporter","description":"L&#039;information sans fronti\u00e8res ","potentialAction":[{"@type":"SearchAction","target":{"@type":"EntryPoint","urlTemplate":"https:\/\/legrandreporter.net\/?s={search_term_string}"},"query-input":{"@type":"PropertyValueSpecification","valueRequired":true,"valueName":"search_term_string"}}],"inLanguage":"en-US"},{"@type":"Person","@id":"https:\/\/legrandreporter.net\/#\/schema\/person\/e8aa07c283464fa600509a24e4de05a4","name":"admin","image":{"@type":"ImageObject","inLanguage":"en-US","@id":"https:\/\/secure.gravatar.com\/avatar\/e741354a999001bf2381f32f080f9718157eaaa8510756b39bead01f99e50f81?s=96&d=mm&r=g","url":"https:\/\/secure.gravatar.com\/avatar\/e741354a999001bf2381f32f080f9718157eaaa8510756b39bead01f99e50f81?s=96&d=mm&r=g","contentUrl":"https:\/\/secure.gravatar.com\/avatar\/e741354a999001bf2381f32f080f9718157eaaa8510756b39bead01f99e50f81?s=96&d=mm&r=g","caption":"admin"},"sameAs":["https:\/\/legrandreporter.net"],"url":"https:\/\/legrandreporter.net\/index.php\/author\/admin\/"}]}},"_links":{"self":[{"href":"https:\/\/legrandreporter.net\/index.php\/wp-json\/wp\/v2\/posts\/678","targetHints":{"allow":["GET"]}}],"collection":[{"href":"https:\/\/legrandreporter.net\/index.php\/wp-json\/wp\/v2\/posts"}],"about":[{"href":"https:\/\/legrandreporter.net\/index.php\/wp-json\/wp\/v2\/types\/post"}],"author":[{"embeddable":true,"href":"https:\/\/legrandreporter.net\/index.php\/wp-json\/wp\/v2\/users\/1"}],"replies":[{"embeddable":true,"href":"https:\/\/legrandreporter.net\/index.php\/wp-json\/wp\/v2\/comments?post=678"}],"version-history":[{"count":1,"href":"https:\/\/legrandreporter.net\/index.php\/wp-json\/wp\/v2\/posts\/678\/revisions"}],"predecessor-version":[{"id":682,"href":"https:\/\/legrandreporter.net\/index.php\/wp-json\/wp\/v2\/posts\/678\/revisions\/682"}],"wp:featuredmedia":[{"embeddable":true,"href":"https:\/\/legrandreporter.net\/index.php\/wp-json\/wp\/v2\/media\/681"}],"wp:attachment":[{"href":"https:\/\/legrandreporter.net\/index.php\/wp-json\/wp\/v2\/media?parent=678"}],"wp:term":[{"taxonomy":"category","embeddable":true,"href":"https:\/\/legrandreporter.net\/index.php\/wp-json\/wp\/v2\/categories?post=678"},{"taxonomy":"post_tag","embeddable":true,"href":"https:\/\/legrandreporter.net\/index.php\/wp-json\/wp\/v2\/tags?post=678"}],"curies":[{"name":"wp","href":"https:\/\/api.w.org\/{rel}","templated":true}]}}