{"id":687,"date":"2026-09-01T14:08:11","date_gmt":"2026-09-01T12:08:11","guid":{"rendered":"https:\/\/legrandreporter.net\/?p=687"},"modified":"2026-09-01T14:08:12","modified_gmt":"2026-09-01T12:08:12","slug":"fete-de-la-liberation-le-pdg-dans-lr-du-temps-et-temoigne-son-adhesion-a-la-politique-de-brice-clotaire-oligui-nguema","status":"publish","type":"post","link":"https:\/\/legrandreporter.net\/index.php\/2026\/09\/01\/fete-de-la-liberation-le-pdg-dans-lr-du-temps-et-temoigne-son-adhesion-a-la-politique-de-brice-clotaire-oligui-nguema\/","title":{"rendered":"F\u00eate de la lib\u00e9ration : le PDG dans L\u2019R du temps et t\u00e9moigne son adh\u00e9sion \u00e0 la politique de Brice Clotaire Oligui Nguema\u00a0"},"content":{"rendered":"\n<p class=\"wp-block-paragraph\"><strong>La ville de Makokou, dans la province de l\u2019Ogoou\u00e9-Ivindo , a vibr\u00e9 le 30 ao\u00fbt 2026 dernier au rythme de la troisi\u00e8me \u00e9dition de la f\u00eate nationale de la Lib\u00e9ration. Des festivit\u00e9s qui ont r\u00e9uni les forces vives de la nation autour des c\u00e9r\u00e9monies officielles, dans une atmosph\u00e8re plac\u00e9e sous le signe du rassemblement. Parmi les participants, la pr\u00e9sence du Parti d\u00e9mocratique gabonais (PDG), formation politique dirig\u00e9e aujourd\u2019hui par Blaise Louembe et Ang\u00e9lique Ngoma et qui adh\u00e8re v\u00e9ritablement \u00e0 la vision politique de Brice Clotaire Oligui Nguema.&nbsp;<\/strong><\/p>\n\n\n\n<p class=\"wp-block-paragraph\">Rythm\u00e9e par un d\u00e9fil\u00e9 militaire et civil sur la place de l\u2019Ind\u00e9pendance, comp\u00e9titions sportives et inauguration d\u2019infrastructures, cette journ\u00e9e \u00e0 Makokou a vu la pr\u00e9sence massive des militants et sympathisants du Parti D\u00e9mocratique Gabonais (PDG) et ce, lors\u00a0 de la phase civile du d\u00e9fil\u00e9, plusieurs militants du PDG ont battu le pav\u00e9, brandissant des banderoles aux couleurs de leur formation. Certains arboraient \u00e9galement des tee-shirts frapp\u00e9s du logo du parti et du visage du pr\u00e9sident de la R\u00e9publique, Brice Clotaire Oligui Nguema.\u00a0<br><\/p>\n\n\n\n<figure class=\"wp-block-image size-full\"><img width=\"960\" height=\"540\"  alt=\"\" class=\"wp-image-688\"\/ loading=\"eager\" fetchpriority=\"high\" decoding=\"async\" src=\"https:\/\/legrandreporter.net\/wp-content\/uploads\/2026\/09\/IMG_1562.jpeg\" srcset=\"https:\/\/legrandreporter.net\/wp-content\/uploads\/2026\/09\/IMG_1562.jpeg 960w, https:\/\/legrandreporter.net\/wp-content\/uploads\/2026\/09\/IMG_1562-300x169.jpeg 300w, https:\/\/legrandreporter.net\/wp-content\/uploads\/2026\/09\/IMG_1562-768x432.jpeg 768w\" sizes=\"(max-width: 960px) 100vw, 960px\" \/><\/figure>\n\n\n\n<p class=\"wp-block-paragraph\">Cette pr\u00e9sence du PDG lors de la f\u00eate nationale de la Lib\u00e9ration peut \u00eatre interpr\u00e9t\u00e9e comme un \u00e9ni\u00e8me signe d\u2019ouverture vis-\u00e0-vis du pouvoir. Les militants qui se revendiquent d\u00e9sormais \u00ab Dans L\u2019R du Temps \u00bb entendent ainsi afficher leur adh\u00e9sion \u00e0 la nouvelle dynamique nationale port\u00e9e par le gouvernement de Brice Clotaire Oligui Nguema. Cette participation participation rappelle \u00e9galement que, malgr\u00e9 la perte du pouvoir et les fractures internes, le PDG conserve des relais et des militants sur le terrain. \u00c0 Makokou, leur mobilisation aura donc constitu\u00e9 l\u2019une des images fortes de cette troisi\u00e8me \u00e9dition, entre m\u00e9moire politique et volont\u00e9 de rapprochement.<\/p>\n\n\n\n<p class=\"wp-block-paragraph\"><\/p>\n","protected":false},"excerpt":{"rendered":"<p>La ville de Makokou, dans la province de l\u2019Ogoou\u00e9-Ivindo , a vibr\u00e9 le 30 ao\u00fbt 2026 dernier au rythme de la troisi\u00e8me \u00e9dition de la f\u00eate nationale de la Lib\u00e9ration. Des festivit\u00e9s qui ont r\u00e9uni les forces vives de la nation autour des c\u00e9r\u00e9monies officielles, dans une atmosph\u00e8re plac\u00e9e sous le signe du rassemblement. Parmi [&hellip;]<\/p>\n","protected":false},"author":1,"featured_media":689,"comment_status":"open","ping_status":"open","sticky":false,"template":"","format":"standard","meta":{"footnotes":""},"categories":[1],"tags":[],"class_list":["post-687","post","type-post","status-publish","format-standard","has-post-thumbnail","hentry","category-politique"],"yoast_head":"<!-- This site is optimized with the Yoast SEO plugin v28.4 - https:\/\/yoast.com\/product\/yoast-seo-wordpress\/ -->\n<title>F\u00eate de la lib\u00e9ration : le PDG dans L\u2019R du temps et t\u00e9moigne son adh\u00e9sion \u00e0 la politique de Brice Clotaire Oligui Nguema\u00a0 - le grand reporter<\/title>\n<meta name=\"robots\" content=\"index, follow, max-snippet:-1, max-image-preview:large, max-video-preview:-1\" \/>\n<link rel=\"canonical\" href=\"https:\/\/legrandreporter.net\/index.php\/2026\/09\/01\/fete-de-la-liberation-le-pdg-dans-lr-du-temps-et-temoigne-son-adhesion-a-la-politique-de-brice-clotaire-oligui-nguema\/\" \/>\n<meta property=\"og:locale\" content=\"en_US\" \/>\n<meta property=\"og:type\" content=\"article\" \/>\n<meta property=\"og:title\" content=\"F\u00eate de la lib\u00e9ration : le PDG dans L\u2019R du temps et t\u00e9moigne son adh\u00e9sion \u00e0 la politique de Brice Clotaire Oligui Nguema\u00a0 - le grand reporter\" \/>\n<meta property=\"og:description\" content=\"La ville de Makokou, dans la province de l\u2019Ogoou\u00e9-Ivindo , a vibr\u00e9 le 30 ao\u00fbt 2026 dernier au rythme de la troisi\u00e8me \u00e9dition de la f\u00eate nationale de la Lib\u00e9ration. Des festivit\u00e9s qui ont r\u00e9uni les forces vives de la nation autour des c\u00e9r\u00e9monies officielles, dans une atmosph\u00e8re plac\u00e9e sous le signe du rassemblement. Parmi [&hellip;]\" \/>\n<meta property=\"og:url\" content=\"https:\/\/legrandreporter.net\/index.php\/2026\/09\/01\/fete-de-la-liberation-le-pdg-dans-lr-du-temps-et-temoigne-son-adhesion-a-la-politique-de-brice-clotaire-oligui-nguema\/\" \/>\n<meta property=\"og:site_name\" content=\"le grand reporter\" \/>\n<meta property=\"article:published_time\" content=\"2026-09-01T12:08:11+00:00\" \/>\n<meta property=\"article:modified_time\" content=\"2026-09-01T12:08:12+00:00\" \/>\n<meta property=\"og:image\" content=\"https:\/\/legrandreporter.net\/wp-content\/uploads\/2026\/09\/2565ebb7-8ade-442d-9a43-b236c6934ee3.jpeg\" \/>\n\t<meta property=\"og:image:width\" content=\"960\" \/>\n\t<meta property=\"og:image:height\" content=\"1280\" \/>\n\t<meta property=\"og:image:type\" content=\"image\/jpeg\" \/>\n<meta name=\"author\" content=\"admin\" \/>\n<meta name=\"twitter:card\" content=\"summary_large_image\" \/>\n<meta name=\"twitter:label1\" content=\"Written by\" \/>\n\t<meta name=\"twitter:data1\" content=\"admin\" \/>\n\t<meta name=\"twitter:label2\" content=\"Est. reading time\" \/>\n\t<meta name=\"twitter:data2\" content=\"2 minutes\" \/>\n<script type=\"application\/ld+json\" class=\"yoast-schema-graph\">{\"@context\":\"https:\\\/\\\/schema.org\",\"@graph\":[{\"@type\":\"Article\",\"@id\":\"https:\\\/\\\/legrandreporter.net\\\/index.php\\\/2026\\\/09\\\/01\\\/fete-de-la-liberation-le-pdg-dans-lr-du-temps-et-temoigne-son-adhesion-a-la-politique-de-brice-clotaire-oligui-nguema\\\/#article\",\"isPartOf\":{\"@id\":\"https:\\\/\\\/legrandreporter.net\\\/index.php\\\/2026\\\/09\\\/01\\\/fete-de-la-liberation-le-pdg-dans-lr-du-temps-et-temoigne-son-adhesion-a-la-politique-de-brice-clotaire-oligui-nguema\\\/\"},\"author\":{\"name\":\"admin\",\"@id\":\"https:\\\/\\\/legrandreporter.net\\\/#\\\/schema\\\/person\\\/e8aa07c283464fa600509a24e4de05a4\"},\"headline\":\"F\u00eate de la lib\u00e9ration : le PDG dans L\u2019R du temps et t\u00e9moigne son adh\u00e9sion \u00e0 la politique de Brice Clotaire Oligui Nguema\u00a0\",\"datePublished\":\"2026-09-01T12:08:11+00:00\",\"dateModified\":\"2026-09-01T12:08:12+00:00\",\"mainEntityOfPage\":{\"@id\":\"https:\\\/\\\/legrandreporter.net\\\/index.php\\\/2026\\\/09\\\/01\\\/fete-de-la-liberation-le-pdg-dans-lr-du-temps-et-temoigne-son-adhesion-a-la-politique-de-brice-clotaire-oligui-nguema\\\/\"},\"wordCount\":336,\"commentCount\":0,\"image\":{\"@id\":\"https:\\\/\\\/legrandreporter.net\\\/index.php\\\/2026\\\/09\\\/01\\\/fete-de-la-liberation-le-pdg-dans-lr-du-temps-et-temoigne-son-adhesion-a-la-politique-de-brice-clotaire-oligui-nguema\\\/#primaryimage\"},\"thumbnailUrl\":\"https:\\\/\\\/legrandreporter.net\\\/wp-content\\\/uploads\\\/2026\\\/09\\\/2565ebb7-8ade-442d-9a43-b236c6934ee3.jpeg\",\"articleSection\":[\"POLITIQUE\"],\"inLanguage\":\"en-US\",\"potentialAction\":[{\"@type\":\"CommentAction\",\"name\":\"Comment\",\"target\":[\"https:\\\/\\\/legrandreporter.net\\\/index.php\\\/2026\\\/09\\\/01\\\/fete-de-la-liberation-le-pdg-dans-lr-du-temps-et-temoigne-son-adhesion-a-la-politique-de-brice-clotaire-oligui-nguema\\\/#respond\"]}]},{\"@type\":\"WebPage\",\"@id\":\"https:\\\/\\\/legrandreporter.net\\\/index.php\\\/2026\\\/09\\\/01\\\/fete-de-la-liberation-le-pdg-dans-lr-du-temps-et-temoigne-son-adhesion-a-la-politique-de-brice-clotaire-oligui-nguema\\\/\",\"url\":\"https:\\\/\\\/legrandreporter.net\\\/index.php\\\/2026\\\/09\\\/01\\\/fete-de-la-liberation-le-pdg-dans-lr-du-temps-et-temoigne-son-adhesion-a-la-politique-de-brice-clotaire-oligui-nguema\\\/\",\"name\":\"F\u00eate de la lib\u00e9ration : le PDG dans L\u2019R du temps et t\u00e9moigne son adh\u00e9sion \u00e0 la politique de Brice Clotaire Oligui Nguema\u00a0 - le grand reporter\",\"isPartOf\":{\"@id\":\"https:\\\/\\\/legrandreporter.net\\\/#website\"},\"primaryImageOfPage\":{\"@id\":\"https:\\\/\\\/legrandreporter.net\\\/index.php\\\/2026\\\/09\\\/01\\\/fete-de-la-liberation-le-pdg-dans-lr-du-temps-et-temoigne-son-adhesion-a-la-politique-de-brice-clotaire-oligui-nguema\\\/#primaryimage\"},\"image\":{\"@id\":\"https:\\\/\\\/legrandreporter.net\\\/index.php\\\/2026\\\/09\\\/01\\\/fete-de-la-liberation-le-pdg-dans-lr-du-temps-et-temoigne-son-adhesion-a-la-politique-de-brice-clotaire-oligui-nguema\\\/#primaryimage\"},\"thumbnailUrl\":\"https:\\\/\\\/legrandreporter.net\\\/wp-content\\\/uploads\\\/2026\\\/09\\\/2565ebb7-8ade-442d-9a43-b236c6934ee3.jpeg\",\"datePublished\":\"2026-09-01T12:08:11+00:00\",\"dateModified\":\"2026-09-01T12:08:12+00:00\",\"author\":{\"@id\":\"https:\\\/\\\/legrandreporter.net\\\/#\\\/schema\\\/person\\\/e8aa07c283464fa600509a24e4de05a4\"},\"breadcrumb\":{\"@id\":\"https:\\\/\\\/legrandreporter.net\\\/index.php\\\/2026\\\/09\\\/01\\\/fete-de-la-liberation-le-pdg-dans-lr-du-temps-et-temoigne-son-adhesion-a-la-politique-de-brice-clotaire-oligui-nguema\\\/#breadcrumb\"},\"inLanguage\":\"en-US\",\"potentialAction\":[{\"@type\":\"ReadAction\",\"target\":[\"https:\\\/\\\/legrandreporter.net\\\/index.php\\\/2026\\\/09\\\/01\\\/fete-de-la-liberation-le-pdg-dans-lr-du-temps-et-temoigne-son-adhesion-a-la-politique-de-brice-clotaire-oligui-nguema\\\/\"]}]},{\"@type\":\"ImageObject\",\"inLanguage\":\"en-US\",\"@id\":\"https:\\\/\\\/legrandreporter.net\\\/index.php\\\/2026\\\/09\\\/01\\\/fete-de-la-liberation-le-pdg-dans-lr-du-temps-et-temoigne-son-adhesion-a-la-politique-de-brice-clotaire-oligui-nguema\\\/#primaryimage\",\"url\":\"https:\\\/\\\/legrandreporter.net\\\/wp-content\\\/uploads\\\/2026\\\/09\\\/2565ebb7-8ade-442d-9a43-b236c6934ee3.jpeg\",\"contentUrl\":\"https:\\\/\\\/legrandreporter.net\\\/wp-content\\\/uploads\\\/2026\\\/09\\\/2565ebb7-8ade-442d-9a43-b236c6934ee3.jpeg\",\"width\":960,\"height\":1280},{\"@type\":\"BreadcrumbList\",\"@id\":\"https:\\\/\\\/legrandreporter.net\\\/index.php\\\/2026\\\/09\\\/01\\\/fete-de-la-liberation-le-pdg-dans-lr-du-temps-et-temoigne-son-adhesion-a-la-politique-de-brice-clotaire-oligui-nguema\\\/#breadcrumb\",\"itemListElement\":[{\"@type\":\"ListItem\",\"position\":1,\"name\":\"Home\",\"item\":\"https:\\\/\\\/legrandreporter.net\\\/\"},{\"@type\":\"ListItem\",\"position\":2,\"name\":\"F\u00eate de la lib\u00e9ration : le PDG dans L\u2019R du temps et t\u00e9moigne son adh\u00e9sion \u00e0 la politique de Brice Clotaire Oligui Nguema\u00a0\"}]},{\"@type\":\"WebSite\",\"@id\":\"https:\\\/\\\/legrandreporter.net\\\/#website\",\"url\":\"https:\\\/\\\/legrandreporter.net\\\/\",\"name\":\"le grand reporter\",\"description\":\"L&#039;information sans fronti\u00e8res \",\"potentialAction\":[{\"@type\":\"SearchAction\",\"target\":{\"@type\":\"EntryPoint\",\"urlTemplate\":\"https:\\\/\\\/legrandreporter.net\\\/?s={search_term_string}\"},\"query-input\":{\"@type\":\"PropertyValueSpecification\",\"valueRequired\":true,\"valueName\":\"search_term_string\"}}],\"inLanguage\":\"en-US\"},{\"@type\":\"Person\",\"@id\":\"https:\\\/\\\/legrandreporter.net\\\/#\\\/schema\\\/person\\\/e8aa07c283464fa600509a24e4de05a4\",\"name\":\"admin\",\"image\":{\"@type\":\"ImageObject\",\"inLanguage\":\"en-US\",\"@id\":\"https:\\\/\\\/secure.gravatar.com\\\/avatar\\\/e741354a999001bf2381f32f080f9718157eaaa8510756b39bead01f99e50f81?s=96&d=mm&r=g\",\"url\":\"https:\\\/\\\/secure.gravatar.com\\\/avatar\\\/e741354a999001bf2381f32f080f9718157eaaa8510756b39bead01f99e50f81?s=96&d=mm&r=g\",\"contentUrl\":\"https:\\\/\\\/secure.gravatar.com\\\/avatar\\\/e741354a999001bf2381f32f080f9718157eaaa8510756b39bead01f99e50f81?s=96&d=mm&r=g\",\"caption\":\"admin\"},\"sameAs\":[\"https:\\\/\\\/legrandreporter.net\"],\"url\":\"https:\\\/\\\/legrandreporter.net\\\/index.php\\\/author\\\/admin\\\/\"}]}<\/script>\n<!-- \/ Yoast SEO plugin. -->","yoast_head_json":{"title":"F\u00eate de la lib\u00e9ration : le PDG dans L\u2019R du temps et t\u00e9moigne son adh\u00e9sion \u00e0 la politique de Brice Clotaire Oligui Nguema\u00a0 - le grand reporter","robots":{"index":"index","follow":"follow","max-snippet":"max-snippet:-1","max-image-preview":"max-image-preview:large","max-video-preview":"max-video-preview:-1"},"canonical":"https:\/\/legrandreporter.net\/index.php\/2026\/09\/01\/fete-de-la-liberation-le-pdg-dans-lr-du-temps-et-temoigne-son-adhesion-a-la-politique-de-brice-clotaire-oligui-nguema\/","og_locale":"en_US","og_type":"article","og_title":"F\u00eate de la lib\u00e9ration : le PDG dans L\u2019R du temps et t\u00e9moigne son adh\u00e9sion \u00e0 la politique de Brice Clotaire Oligui Nguema\u00a0 - le grand reporter","og_description":"La ville de Makokou, dans la province de l\u2019Ogoou\u00e9-Ivindo , a vibr\u00e9 le 30 ao\u00fbt 2026 dernier au rythme de la troisi\u00e8me \u00e9dition de la f\u00eate nationale de la Lib\u00e9ration. Des festivit\u00e9s qui ont r\u00e9uni les forces vives de la nation autour des c\u00e9r\u00e9monies officielles, dans une atmosph\u00e8re plac\u00e9e sous le signe du rassemblement. Parmi [&hellip;]","og_url":"https:\/\/legrandreporter.net\/index.php\/2026\/09\/01\/fete-de-la-liberation-le-pdg-dans-lr-du-temps-et-temoigne-son-adhesion-a-la-politique-de-brice-clotaire-oligui-nguema\/","og_site_name":"le grand reporter","article_published_time":"2026-09-01T12:08:11+00:00","article_modified_time":"2026-09-01T12:08:12+00:00","og_image":[{"width":960,"height":1280,"url":"https:\/\/legrandreporter.net\/wp-content\/uploads\/2026\/09\/2565ebb7-8ade-442d-9a43-b236c6934ee3.jpeg","type":"image\/jpeg"}],"author":"admin","twitter_card":"summary_large_image","twitter_misc":{"Written by":"admin","Est. reading time":"2 minutes"},"schema":{"@context":"https:\/\/schema.org","@graph":[{"@type":"Article","@id":"https:\/\/legrandreporter.net\/index.php\/2026\/09\/01\/fete-de-la-liberation-le-pdg-dans-lr-du-temps-et-temoigne-son-adhesion-a-la-politique-de-brice-clotaire-oligui-nguema\/#article","isPartOf":{"@id":"https:\/\/legrandreporter.net\/index.php\/2026\/09\/01\/fete-de-la-liberation-le-pdg-dans-lr-du-temps-et-temoigne-son-adhesion-a-la-politique-de-brice-clotaire-oligui-nguema\/"},"author":{"name":"admin","@id":"https:\/\/legrandreporter.net\/#\/schema\/person\/e8aa07c283464fa600509a24e4de05a4"},"headline":"F\u00eate de la lib\u00e9ration : le PDG dans L\u2019R du temps et t\u00e9moigne son adh\u00e9sion \u00e0 la politique de Brice Clotaire Oligui Nguema\u00a0","datePublished":"2026-09-01T12:08:11+00:00","dateModified":"2026-09-01T12:08:12+00:00","mainEntityOfPage":{"@id":"https:\/\/legrandreporter.net\/index.php\/2026\/09\/01\/fete-de-la-liberation-le-pdg-dans-lr-du-temps-et-temoigne-son-adhesion-a-la-politique-de-brice-clotaire-oligui-nguema\/"},"wordCount":336,"commentCount":0,"image":{"@id":"https:\/\/legrandreporter.net\/index.php\/2026\/09\/01\/fete-de-la-liberation-le-pdg-dans-lr-du-temps-et-temoigne-son-adhesion-a-la-politique-de-brice-clotaire-oligui-nguema\/#primaryimage"},"thumbnailUrl":"https:\/\/legrandreporter.net\/wp-content\/uploads\/2026\/09\/2565ebb7-8ade-442d-9a43-b236c6934ee3.jpeg","articleSection":["POLITIQUE"],"inLanguage":"en-US","potentialAction":[{"@type":"CommentAction","name":"Comment","target":["https:\/\/legrandreporter.net\/index.php\/2026\/09\/01\/fete-de-la-liberation-le-pdg-dans-lr-du-temps-et-temoigne-son-adhesion-a-la-politique-de-brice-clotaire-oligui-nguema\/#respond"]}]},{"@type":"WebPage","@id":"https:\/\/legrandreporter.net\/index.php\/2026\/09\/01\/fete-de-la-liberation-le-pdg-dans-lr-du-temps-et-temoigne-son-adhesion-a-la-politique-de-brice-clotaire-oligui-nguema\/","url":"https:\/\/legrandreporter.net\/index.php\/2026\/09\/01\/fete-de-la-liberation-le-pdg-dans-lr-du-temps-et-temoigne-son-adhesion-a-la-politique-de-brice-clotaire-oligui-nguema\/","name":"F\u00eate de la lib\u00e9ration : le PDG dans L\u2019R du temps et t\u00e9moigne son adh\u00e9sion \u00e0 la politique de Brice Clotaire Oligui Nguema\u00a0 - le grand reporter","isPartOf":{"@id":"https:\/\/legrandreporter.net\/#website"},"primaryImageOfPage":{"@id":"https:\/\/legrandreporter.net\/index.php\/2026\/09\/01\/fete-de-la-liberation-le-pdg-dans-lr-du-temps-et-temoigne-son-adhesion-a-la-politique-de-brice-clotaire-oligui-nguema\/#primaryimage"},"image":{"@id":"https:\/\/legrandreporter.net\/index.php\/2026\/09\/01\/fete-de-la-liberation-le-pdg-dans-lr-du-temps-et-temoigne-son-adhesion-a-la-politique-de-brice-clotaire-oligui-nguema\/#primaryimage"},"thumbnailUrl":"https:\/\/legrandreporter.net\/wp-content\/uploads\/2026\/09\/2565ebb7-8ade-442d-9a43-b236c6934ee3.jpeg","datePublished":"2026-09-01T12:08:11+00:00","dateModified":"2026-09-01T12:08:12+00:00","author":{"@id":"https:\/\/legrandreporter.net\/#\/schema\/person\/e8aa07c283464fa600509a24e4de05a4"},"breadcrumb":{"@id":"https:\/\/legrandreporter.net\/index.php\/2026\/09\/01\/fete-de-la-liberation-le-pdg-dans-lr-du-temps-et-temoigne-son-adhesion-a-la-politique-de-brice-clotaire-oligui-nguema\/#breadcrumb"},"inLanguage":"en-US","potentialAction":[{"@type":"ReadAction","target":["https:\/\/legrandreporter.net\/index.php\/2026\/09\/01\/fete-de-la-liberation-le-pdg-dans-lr-du-temps-et-temoigne-son-adhesion-a-la-politique-de-brice-clotaire-oligui-nguema\/"]}]},{"@type":"ImageObject","inLanguage":"en-US","@id":"https:\/\/legrandreporter.net\/index.php\/2026\/09\/01\/fete-de-la-liberation-le-pdg-dans-lr-du-temps-et-temoigne-son-adhesion-a-la-politique-de-brice-clotaire-oligui-nguema\/#primaryimage","url":"https:\/\/legrandreporter.net\/wp-content\/uploads\/2026\/09\/2565ebb7-8ade-442d-9a43-b236c6934ee3.jpeg","contentUrl":"https:\/\/legrandreporter.net\/wp-content\/uploads\/2026\/09\/2565ebb7-8ade-442d-9a43-b236c6934ee3.jpeg","width":960,"height":1280},{"@type":"BreadcrumbList","@id":"https:\/\/legrandreporter.net\/index.php\/2026\/09\/01\/fete-de-la-liberation-le-pdg-dans-lr-du-temps-et-temoigne-son-adhesion-a-la-politique-de-brice-clotaire-oligui-nguema\/#breadcrumb","itemListElement":[{"@type":"ListItem","position":1,"name":"Home","item":"https:\/\/legrandreporter.net\/"},{"@type":"ListItem","position":2,"name":"F\u00eate de la lib\u00e9ration : le PDG dans L\u2019R du temps et t\u00e9moigne son adh\u00e9sion \u00e0 la politique de Brice Clotaire Oligui Nguema\u00a0"}]},{"@type":"WebSite","@id":"https:\/\/legrandreporter.net\/#website","url":"https:\/\/legrandreporter.net\/","name":"le grand reporter","description":"L&#039;information sans fronti\u00e8res ","potentialAction":[{"@type":"SearchAction","target":{"@type":"EntryPoint","urlTemplate":"https:\/\/legrandreporter.net\/?s={search_term_string}"},"query-input":{"@type":"PropertyValueSpecification","valueRequired":true,"valueName":"search_term_string"}}],"inLanguage":"en-US"},{"@type":"Person","@id":"https:\/\/legrandreporter.net\/#\/schema\/person\/e8aa07c283464fa600509a24e4de05a4","name":"admin","image":{"@type":"ImageObject","inLanguage":"en-US","@id":"https:\/\/secure.gravatar.com\/avatar\/e741354a999001bf2381f32f080f9718157eaaa8510756b39bead01f99e50f81?s=96&d=mm&r=g","url":"https:\/\/secure.gravatar.com\/avatar\/e741354a999001bf2381f32f080f9718157eaaa8510756b39bead01f99e50f81?s=96&d=mm&r=g","contentUrl":"https:\/\/secure.gravatar.com\/avatar\/e741354a999001bf2381f32f080f9718157eaaa8510756b39bead01f99e50f81?s=96&d=mm&r=g","caption":"admin"},"sameAs":["https:\/\/legrandreporter.net"],"url":"https:\/\/legrandreporter.net\/index.php\/author\/admin\/"}]}},"_links":{"self":[{"href":"https:\/\/legrandreporter.net\/index.php\/wp-json\/wp\/v2\/posts\/687","targetHints":{"allow":["GET"]}}],"collection":[{"href":"https:\/\/legrandreporter.net\/index.php\/wp-json\/wp\/v2\/posts"}],"about":[{"href":"https:\/\/legrandreporter.net\/index.php\/wp-json\/wp\/v2\/types\/post"}],"author":[{"embeddable":true,"href":"https:\/\/legrandreporter.net\/index.php\/wp-json\/wp\/v2\/users\/1"}],"replies":[{"embeddable":true,"href":"https:\/\/legrandreporter.net\/index.php\/wp-json\/wp\/v2\/comments?post=687"}],"version-history":[{"count":1,"href":"https:\/\/legrandreporter.net\/index.php\/wp-json\/wp\/v2\/posts\/687\/revisions"}],"predecessor-version":[{"id":690,"href":"https:\/\/legrandreporter.net\/index.php\/wp-json\/wp\/v2\/posts\/687\/revisions\/690"}],"wp:featuredmedia":[{"embeddable":true,"href":"https:\/\/legrandreporter.net\/index.php\/wp-json\/wp\/v2\/media\/689"}],"wp:attachment":[{"href":"https:\/\/legrandreporter.net\/index.php\/wp-json\/wp\/v2\/media?parent=687"}],"wp:term":[{"taxonomy":"category","embeddable":true,"href":"https:\/\/legrandreporter.net\/index.php\/wp-json\/wp\/v2\/categories?post=687"},{"taxonomy":"post_tag","embeddable":true,"href":"https:\/\/legrandreporter.net\/index.php\/wp-json\/wp\/v2\/tags?post=687"}],"curies":[{"name":"wp","href":"https:\/\/api.w.org\/{rel}","templated":true}]}}