{"id":691,"date":"2026-09-02T10:50:47","date_gmt":"2026-09-02T08:50:47","guid":{"rendered":"https:\/\/legrandreporter.net\/?p=691"},"modified":"2026-09-02T10:50:49","modified_gmt":"2026-09-02T08:50:49","slug":"2eme-session-du-cesec-terres-ancestrales-une-des-urgences-au-centre-des-debats-de-la-deuxieme-session","status":"publish","type":"post","link":"https:\/\/legrandreporter.net\/index.php\/2026\/09\/02\/2eme-session-du-cesec-terres-ancestrales-une-des-urgences-au-centre-des-debats-de-la-deuxieme-session\/","title":{"rendered":"2\u00e8me Session du CESEC : Terres ancestrales; une des urgences au centre des d\u00e9bats de la deuxi\u00e8me session."},"content":{"rendered":"\n<p class=\"wp-block-paragraph\"><strong>Le Conseil \u00e9conomique, social, environnemental et culturel (CESEC) a ouvert, ce 1er septembre 2026 \u00e0 Libreville, sa deuxi\u00e8me session ordinaire de l\u2019ann\u00e9e. Au centre des d\u00e9bats conduits par Guy Bertrand Mapangou: la reconnaissance des terres ancestrales et des sites sacr\u00e9s par le droit positif. Un des deux dossiers sensibles, avec les soins de sant\u00e9 sur lesquels l\u2019institution entend formuler des recommandations aux pouvoirs publics.&nbsp;<\/strong><\/p>\n\n\n\n<p class=\"wp-block-paragraph\">Dans son allocution d\u2019ouverture, le pr\u00e9sident Guy Bertrand Mapangou a insist\u00e9 sur la n\u00e9cessit\u00e9 de produire des recommandations \u00abobjectives\u00bb et surtout \u00abancr\u00e9es dans les r\u00e9alit\u00e9s de notre pays\u00bb.&nbsp;<\/p>\n\n\n\n<p class=\"wp-block-paragraph\">Sur le foncier, le CESEC veut ouvrir le d\u00e9bat sur la difficile articulation entre le droit moderne et les droits coutumiers. Pour le Pr\u00e9sident du CESEC Guy Bertrand Mapangou, le sol gabonais ne peut \u00eatre consid\u00e9r\u00e9 uniquement comme \u00abune ressource marchande\u00bb, puisqu\u2019il constitue \u00e9galement \u00able berceau de notre identit\u00e9\u00bb.<\/p>\n\n\n\n<figure class=\"wp-block-image size-large\"><img width=\"1024\" height=\"694\"  alt=\"\" class=\"wp-image-692\"\/ loading=\"eager\" fetchpriority=\"high\" decoding=\"async\" src=\"https:\/\/legrandreporter.net\/wp-content\/uploads\/2026\/09\/IMG_1570-1024x694.jpeg\" srcset=\"https:\/\/legrandreporter.net\/wp-content\/uploads\/2026\/09\/IMG_1570-1024x694.jpeg 1024w, https:\/\/legrandreporter.net\/wp-content\/uploads\/2026\/09\/IMG_1570-300x203.jpeg 300w, https:\/\/legrandreporter.net\/wp-content\/uploads\/2026\/09\/IMG_1570-768x521.jpeg 768w, https:\/\/legrandreporter.net\/wp-content\/uploads\/2026\/09\/IMG_1570.jpeg 1440w\" sizes=\"(max-width: 1024px) 100vw, 1024px\" \/><\/figure>\n\n\n\n<p class=\"wp-block-paragraph\">L\u2019institution entend donc examiner comment le droit positif, fond\u00e9 notamment sur la domanialit\u00e9 \u00e9tatique et l\u2019exigence du titre foncier, peut mieux prendre en compte les terres ancestrales et les sites sacr\u00e9s des communaut\u00e9s locales et autochtones.<\/p>\n\n\n\n<p class=\"wp-block-paragraph\">Cette r\u00e9flexion, port\u00e9e notamment par des organisations de la soci\u00e9t\u00e9 civile et des repr\u00e9sentants des communaut\u00e9s autochtones, devrait \u00e9galement poser la question de la place de la m\u00e9moire et des traditions dans la R\u00e9publique. Le CESEC va plus loin en appelant \u00e0 l\u2019instauration d\u2019une Journ\u00e9e nationale f\u00e9ri\u00e9e d\u00e9di\u00e9e aux anc\u00eatres. Une proposition que le Pr\u00e9sident du CESEC rattache directement au pr\u00e9ambule de la Constitution, qui \u00e9voque la responsabilit\u00e9 du peuple gabonais devant \u00abDieu, ses Anc\u00eatres et l\u2019Histoire \u00bb. Pour GBM, il ne s\u2019agit donc pas d\u2019opposer tradition et modernit\u00e9\u00bb&nbsp; mais plut\u00f4t de de rechercher un \u00e9quilibre entre h\u00e9ritage culturel et modernisation de l\u2019\u00c9tat.<\/p>\n\n\n\n<figure class=\"wp-block-image size-large\"><img width=\"1024\" height=\"683\"  alt=\"\" class=\"wp-image-693\"\/ loading=\"lazy\" decoding=\"async\" src=\"https:\/\/legrandreporter.net\/wp-content\/uploads\/2026\/09\/IMG_1571-1024x683.jpeg\" srcset=\"https:\/\/legrandreporter.net\/wp-content\/uploads\/2026\/09\/IMG_1571-1024x683.jpeg 1024w, https:\/\/legrandreporter.net\/wp-content\/uploads\/2026\/09\/IMG_1571-300x200.jpeg 300w, https:\/\/legrandreporter.net\/wp-content\/uploads\/2026\/09\/IMG_1571-768x512.jpeg 768w, https:\/\/legrandreporter.net\/wp-content\/uploads\/2026\/09\/IMG_1571.jpeg 1440w\" sizes=\"auto, (max-width: 1024px) 100vw, 1024px\" \/><\/figure>\n\n\n\n<p class=\"wp-block-paragraph\">Cette session intervient dans un contexte o\u00f9 le CESEC revendique un r\u00f4le accru dans l\u2019accompagnement des politiques publiques. En ouvrant officiellement les travaux, Guy Bertrand Mapangou a donc appel\u00e9 les conseillers \u00e0 faire preuve \u00abd\u2019ouverture, de responsabilit\u00e9 et d\u2019exigence\u00bb. Car, a-t-il insiste, le foncier touche \u00e0 \u00abl\u2019identit\u00e9, au patrimoine, \u00e0 la paix sociale et au d\u00e9veloppement \u00e9conomique&#8221;.<\/p>\n\n\n\n<figure class=\"wp-block-image size-large\"><img width=\"1024\" height=\"683\"  alt=\"\" class=\"wp-image-694\"\/ loading=\"lazy\" decoding=\"async\" src=\"https:\/\/legrandreporter.net\/wp-content\/uploads\/2026\/09\/IMG_1569-1024x683.jpeg\" srcset=\"https:\/\/legrandreporter.net\/wp-content\/uploads\/2026\/09\/IMG_1569-1024x683.jpeg 1024w, https:\/\/legrandreporter.net\/wp-content\/uploads\/2026\/09\/IMG_1569-300x200.jpeg 300w, https:\/\/legrandreporter.net\/wp-content\/uploads\/2026\/09\/IMG_1569-768x512.jpeg 768w, https:\/\/legrandreporter.net\/wp-content\/uploads\/2026\/09\/IMG_1569.jpeg 1080w\" sizes=\"auto, (max-width: 1024px) 100vw, 1024px\" \/><\/figure>\n\n\n\n<p class=\"wp-block-paragraph\">Le ton est donc donn\u00e9 pour cette deuxi\u00e8me session ordinaire du CESEC. Il appartient maintenant aux conseillers membres du CESEC de faire des&nbsp; recommandations capables de peser sur les d\u00e9cisions publiques et de r\u00e9pondre aux pr\u00e9occupations concr\u00e8tes des populations.<\/p>\n\n\n\n<p class=\"wp-block-paragraph\"><\/p>\n","protected":false},"excerpt":{"rendered":"<p>Le Conseil \u00e9conomique, social, environnemental et culturel (CESEC) a ouvert, ce 1er septembre 2026 \u00e0 Libreville, sa deuxi\u00e8me session ordinaire de l\u2019ann\u00e9e. Au centre des d\u00e9bats conduits par Guy Bertrand Mapangou: la reconnaissance des terres ancestrales et des sites sacr\u00e9s par le droit positif. Un des deux dossiers sensibles, avec les soins de sant\u00e9 sur [&hellip;]<\/p>\n","protected":false},"author":1,"featured_media":695,"comment_status":"open","ping_status":"open","sticky":false,"template":"","format":"standard","meta":{"footnotes":""},"categories":[1],"tags":[],"class_list":["post-691","post","type-post","status-publish","format-standard","has-post-thumbnail","hentry","category-politique"],"yoast_head":"<!-- This site is optimized with the Yoast SEO plugin v28.4 - https:\/\/yoast.com\/product\/yoast-seo-wordpress\/ -->\n<title>2\u00e8me Session du CESEC : Terres ancestrales; une des urgences au centre des d\u00e9bats de la deuxi\u00e8me session. - le grand reporter<\/title>\n<meta name=\"robots\" content=\"index, follow, max-snippet:-1, max-image-preview:large, max-video-preview:-1\" \/>\n<link rel=\"canonical\" href=\"https:\/\/legrandreporter.net\/index.php\/2026\/09\/02\/2eme-session-du-cesec-terres-ancestrales-une-des-urgences-au-centre-des-debats-de-la-deuxieme-session\/\" \/>\n<meta property=\"og:locale\" content=\"en_US\" \/>\n<meta property=\"og:type\" content=\"article\" \/>\n<meta property=\"og:title\" content=\"2\u00e8me Session du CESEC : Terres ancestrales; une des urgences au centre des d\u00e9bats de la deuxi\u00e8me session. - le grand reporter\" \/>\n<meta property=\"og:description\" content=\"Le Conseil \u00e9conomique, social, environnemental et culturel (CESEC) a ouvert, ce 1er septembre 2026 \u00e0 Libreville, sa deuxi\u00e8me session ordinaire de l\u2019ann\u00e9e. Au centre des d\u00e9bats conduits par Guy Bertrand Mapangou: la reconnaissance des terres ancestrales et des sites sacr\u00e9s par le droit positif. Un des deux dossiers sensibles, avec les soins de sant\u00e9 sur [&hellip;]\" \/>\n<meta property=\"og:url\" content=\"https:\/\/legrandreporter.net\/index.php\/2026\/09\/02\/2eme-session-du-cesec-terres-ancestrales-une-des-urgences-au-centre-des-debats-de-la-deuxieme-session\/\" \/>\n<meta property=\"og:site_name\" content=\"le grand reporter\" \/>\n<meta property=\"article:published_time\" content=\"2026-09-02T08:50:47+00:00\" \/>\n<meta property=\"article:modified_time\" content=\"2026-09-02T08:50:49+00:00\" \/>\n<meta property=\"og:image\" content=\"https:\/\/legrandreporter.net\/wp-content\/uploads\/2026\/09\/89421165-5883-44d2-9aac-d4f07093caba.jpeg\" \/>\n\t<meta property=\"og:image:width\" content=\"960\" \/>\n\t<meta property=\"og:image:height\" content=\"1280\" \/>\n\t<meta property=\"og:image:type\" content=\"image\/jpeg\" \/>\n<meta name=\"author\" content=\"admin\" \/>\n<meta name=\"twitter:card\" content=\"summary_large_image\" \/>\n<meta name=\"twitter:label1\" content=\"Written by\" \/>\n\t<meta name=\"twitter:data1\" content=\"admin\" \/>\n\t<meta name=\"twitter:label2\" content=\"Est. reading time\" \/>\n\t<meta name=\"twitter:data2\" content=\"3 minutes\" \/>\n<script type=\"application\/ld+json\" class=\"yoast-schema-graph\">{\"@context\":\"https:\\\/\\\/schema.org\",\"@graph\":[{\"@type\":\"Article\",\"@id\":\"https:\\\/\\\/legrandreporter.net\\\/index.php\\\/2026\\\/09\\\/02\\\/2eme-session-du-cesec-terres-ancestrales-une-des-urgences-au-centre-des-debats-de-la-deuxieme-session\\\/#article\",\"isPartOf\":{\"@id\":\"https:\\\/\\\/legrandreporter.net\\\/index.php\\\/2026\\\/09\\\/02\\\/2eme-session-du-cesec-terres-ancestrales-une-des-urgences-au-centre-des-debats-de-la-deuxieme-session\\\/\"},\"author\":{\"name\":\"admin\",\"@id\":\"https:\\\/\\\/legrandreporter.net\\\/#\\\/schema\\\/person\\\/e8aa07c283464fa600509a24e4de05a4\"},\"headline\":\"2\u00e8me Session du CESEC : Terres ancestrales; une des urgences au centre des d\u00e9bats de la deuxi\u00e8me session.\",\"datePublished\":\"2026-09-02T08:50:47+00:00\",\"dateModified\":\"2026-09-02T08:50:49+00:00\",\"mainEntityOfPage\":{\"@id\":\"https:\\\/\\\/legrandreporter.net\\\/index.php\\\/2026\\\/09\\\/02\\\/2eme-session-du-cesec-terres-ancestrales-une-des-urgences-au-centre-des-debats-de-la-deuxieme-session\\\/\"},\"wordCount\":447,\"commentCount\":0,\"image\":{\"@id\":\"https:\\\/\\\/legrandreporter.net\\\/index.php\\\/2026\\\/09\\\/02\\\/2eme-session-du-cesec-terres-ancestrales-une-des-urgences-au-centre-des-debats-de-la-deuxieme-session\\\/#primaryimage\"},\"thumbnailUrl\":\"https:\\\/\\\/legrandreporter.net\\\/wp-content\\\/uploads\\\/2026\\\/09\\\/89421165-5883-44d2-9aac-d4f07093caba.jpeg\",\"articleSection\":[\"POLITIQUE\"],\"inLanguage\":\"en-US\",\"potentialAction\":[{\"@type\":\"CommentAction\",\"name\":\"Comment\",\"target\":[\"https:\\\/\\\/legrandreporter.net\\\/index.php\\\/2026\\\/09\\\/02\\\/2eme-session-du-cesec-terres-ancestrales-une-des-urgences-au-centre-des-debats-de-la-deuxieme-session\\\/#respond\"]}]},{\"@type\":\"WebPage\",\"@id\":\"https:\\\/\\\/legrandreporter.net\\\/index.php\\\/2026\\\/09\\\/02\\\/2eme-session-du-cesec-terres-ancestrales-une-des-urgences-au-centre-des-debats-de-la-deuxieme-session\\\/\",\"url\":\"https:\\\/\\\/legrandreporter.net\\\/index.php\\\/2026\\\/09\\\/02\\\/2eme-session-du-cesec-terres-ancestrales-une-des-urgences-au-centre-des-debats-de-la-deuxieme-session\\\/\",\"name\":\"2\u00e8me Session du CESEC : Terres ancestrales; une des urgences au centre des d\u00e9bats de la deuxi\u00e8me session. - le grand reporter\",\"isPartOf\":{\"@id\":\"https:\\\/\\\/legrandreporter.net\\\/#website\"},\"primaryImageOfPage\":{\"@id\":\"https:\\\/\\\/legrandreporter.net\\\/index.php\\\/2026\\\/09\\\/02\\\/2eme-session-du-cesec-terres-ancestrales-une-des-urgences-au-centre-des-debats-de-la-deuxieme-session\\\/#primaryimage\"},\"image\":{\"@id\":\"https:\\\/\\\/legrandreporter.net\\\/index.php\\\/2026\\\/09\\\/02\\\/2eme-session-du-cesec-terres-ancestrales-une-des-urgences-au-centre-des-debats-de-la-deuxieme-session\\\/#primaryimage\"},\"thumbnailUrl\":\"https:\\\/\\\/legrandreporter.net\\\/wp-content\\\/uploads\\\/2026\\\/09\\\/89421165-5883-44d2-9aac-d4f07093caba.jpeg\",\"datePublished\":\"2026-09-02T08:50:47+00:00\",\"dateModified\":\"2026-09-02T08:50:49+00:00\",\"author\":{\"@id\":\"https:\\\/\\\/legrandreporter.net\\\/#\\\/schema\\\/person\\\/e8aa07c283464fa600509a24e4de05a4\"},\"breadcrumb\":{\"@id\":\"https:\\\/\\\/legrandreporter.net\\\/index.php\\\/2026\\\/09\\\/02\\\/2eme-session-du-cesec-terres-ancestrales-une-des-urgences-au-centre-des-debats-de-la-deuxieme-session\\\/#breadcrumb\"},\"inLanguage\":\"en-US\",\"potentialAction\":[{\"@type\":\"ReadAction\",\"target\":[\"https:\\\/\\\/legrandreporter.net\\\/index.php\\\/2026\\\/09\\\/02\\\/2eme-session-du-cesec-terres-ancestrales-une-des-urgences-au-centre-des-debats-de-la-deuxieme-session\\\/\"]}]},{\"@type\":\"ImageObject\",\"inLanguage\":\"en-US\",\"@id\":\"https:\\\/\\\/legrandreporter.net\\\/index.php\\\/2026\\\/09\\\/02\\\/2eme-session-du-cesec-terres-ancestrales-une-des-urgences-au-centre-des-debats-de-la-deuxieme-session\\\/#primaryimage\",\"url\":\"https:\\\/\\\/legrandreporter.net\\\/wp-content\\\/uploads\\\/2026\\\/09\\\/89421165-5883-44d2-9aac-d4f07093caba.jpeg\",\"contentUrl\":\"https:\\\/\\\/legrandreporter.net\\\/wp-content\\\/uploads\\\/2026\\\/09\\\/89421165-5883-44d2-9aac-d4f07093caba.jpeg\",\"width\":960,\"height\":1280},{\"@type\":\"BreadcrumbList\",\"@id\":\"https:\\\/\\\/legrandreporter.net\\\/index.php\\\/2026\\\/09\\\/02\\\/2eme-session-du-cesec-terres-ancestrales-une-des-urgences-au-centre-des-debats-de-la-deuxieme-session\\\/#breadcrumb\",\"itemListElement\":[{\"@type\":\"ListItem\",\"position\":1,\"name\":\"Home\",\"item\":\"https:\\\/\\\/legrandreporter.net\\\/\"},{\"@type\":\"ListItem\",\"position\":2,\"name\":\"2\u00e8me Session du CESEC : Terres ancestrales; une des urgences au centre des d\u00e9bats de la deuxi\u00e8me session.\"}]},{\"@type\":\"WebSite\",\"@id\":\"https:\\\/\\\/legrandreporter.net\\\/#website\",\"url\":\"https:\\\/\\\/legrandreporter.net\\\/\",\"name\":\"le grand reporter\",\"description\":\"L&#039;information sans fronti\u00e8res \",\"potentialAction\":[{\"@type\":\"SearchAction\",\"target\":{\"@type\":\"EntryPoint\",\"urlTemplate\":\"https:\\\/\\\/legrandreporter.net\\\/?s={search_term_string}\"},\"query-input\":{\"@type\":\"PropertyValueSpecification\",\"valueRequired\":true,\"valueName\":\"search_term_string\"}}],\"inLanguage\":\"en-US\"},{\"@type\":\"Person\",\"@id\":\"https:\\\/\\\/legrandreporter.net\\\/#\\\/schema\\\/person\\\/e8aa07c283464fa600509a24e4de05a4\",\"name\":\"admin\",\"image\":{\"@type\":\"ImageObject\",\"inLanguage\":\"en-US\",\"@id\":\"https:\\\/\\\/secure.gravatar.com\\\/avatar\\\/e741354a999001bf2381f32f080f9718157eaaa8510756b39bead01f99e50f81?s=96&d=mm&r=g\",\"url\":\"https:\\\/\\\/secure.gravatar.com\\\/avatar\\\/e741354a999001bf2381f32f080f9718157eaaa8510756b39bead01f99e50f81?s=96&d=mm&r=g\",\"contentUrl\":\"https:\\\/\\\/secure.gravatar.com\\\/avatar\\\/e741354a999001bf2381f32f080f9718157eaaa8510756b39bead01f99e50f81?s=96&d=mm&r=g\",\"caption\":\"admin\"},\"sameAs\":[\"https:\\\/\\\/legrandreporter.net\"],\"url\":\"https:\\\/\\\/legrandreporter.net\\\/index.php\\\/author\\\/admin\\\/\"}]}<\/script>\n<!-- \/ Yoast SEO plugin. -->","yoast_head_json":{"title":"2\u00e8me Session du CESEC : Terres ancestrales; une des urgences au centre des d\u00e9bats de la deuxi\u00e8me session. - le grand reporter","robots":{"index":"index","follow":"follow","max-snippet":"max-snippet:-1","max-image-preview":"max-image-preview:large","max-video-preview":"max-video-preview:-1"},"canonical":"https:\/\/legrandreporter.net\/index.php\/2026\/09\/02\/2eme-session-du-cesec-terres-ancestrales-une-des-urgences-au-centre-des-debats-de-la-deuxieme-session\/","og_locale":"en_US","og_type":"article","og_title":"2\u00e8me Session du CESEC : Terres ancestrales; une des urgences au centre des d\u00e9bats de la deuxi\u00e8me session. - le grand reporter","og_description":"Le Conseil \u00e9conomique, social, environnemental et culturel (CESEC) a ouvert, ce 1er septembre 2026 \u00e0 Libreville, sa deuxi\u00e8me session ordinaire de l\u2019ann\u00e9e. Au centre des d\u00e9bats conduits par Guy Bertrand Mapangou: la reconnaissance des terres ancestrales et des sites sacr\u00e9s par le droit positif. Un des deux dossiers sensibles, avec les soins de sant\u00e9 sur [&hellip;]","og_url":"https:\/\/legrandreporter.net\/index.php\/2026\/09\/02\/2eme-session-du-cesec-terres-ancestrales-une-des-urgences-au-centre-des-debats-de-la-deuxieme-session\/","og_site_name":"le grand reporter","article_published_time":"2026-09-02T08:50:47+00:00","article_modified_time":"2026-09-02T08:50:49+00:00","og_image":[{"width":960,"height":1280,"url":"https:\/\/legrandreporter.net\/wp-content\/uploads\/2026\/09\/89421165-5883-44d2-9aac-d4f07093caba.jpeg","type":"image\/jpeg"}],"author":"admin","twitter_card":"summary_large_image","twitter_misc":{"Written by":"admin","Est. reading time":"3 minutes"},"schema":{"@context":"https:\/\/schema.org","@graph":[{"@type":"Article","@id":"https:\/\/legrandreporter.net\/index.php\/2026\/09\/02\/2eme-session-du-cesec-terres-ancestrales-une-des-urgences-au-centre-des-debats-de-la-deuxieme-session\/#article","isPartOf":{"@id":"https:\/\/legrandreporter.net\/index.php\/2026\/09\/02\/2eme-session-du-cesec-terres-ancestrales-une-des-urgences-au-centre-des-debats-de-la-deuxieme-session\/"},"author":{"name":"admin","@id":"https:\/\/legrandreporter.net\/#\/schema\/person\/e8aa07c283464fa600509a24e4de05a4"},"headline":"2\u00e8me Session du CESEC : Terres ancestrales; une des urgences au centre des d\u00e9bats de la deuxi\u00e8me session.","datePublished":"2026-09-02T08:50:47+00:00","dateModified":"2026-09-02T08:50:49+00:00","mainEntityOfPage":{"@id":"https:\/\/legrandreporter.net\/index.php\/2026\/09\/02\/2eme-session-du-cesec-terres-ancestrales-une-des-urgences-au-centre-des-debats-de-la-deuxieme-session\/"},"wordCount":447,"commentCount":0,"image":{"@id":"https:\/\/legrandreporter.net\/index.php\/2026\/09\/02\/2eme-session-du-cesec-terres-ancestrales-une-des-urgences-au-centre-des-debats-de-la-deuxieme-session\/#primaryimage"},"thumbnailUrl":"https:\/\/legrandreporter.net\/wp-content\/uploads\/2026\/09\/89421165-5883-44d2-9aac-d4f07093caba.jpeg","articleSection":["POLITIQUE"],"inLanguage":"en-US","potentialAction":[{"@type":"CommentAction","name":"Comment","target":["https:\/\/legrandreporter.net\/index.php\/2026\/09\/02\/2eme-session-du-cesec-terres-ancestrales-une-des-urgences-au-centre-des-debats-de-la-deuxieme-session\/#respond"]}]},{"@type":"WebPage","@id":"https:\/\/legrandreporter.net\/index.php\/2026\/09\/02\/2eme-session-du-cesec-terres-ancestrales-une-des-urgences-au-centre-des-debats-de-la-deuxieme-session\/","url":"https:\/\/legrandreporter.net\/index.php\/2026\/09\/02\/2eme-session-du-cesec-terres-ancestrales-une-des-urgences-au-centre-des-debats-de-la-deuxieme-session\/","name":"2\u00e8me Session du CESEC : Terres ancestrales; une des urgences au centre des d\u00e9bats de la deuxi\u00e8me session. - le grand reporter","isPartOf":{"@id":"https:\/\/legrandreporter.net\/#website"},"primaryImageOfPage":{"@id":"https:\/\/legrandreporter.net\/index.php\/2026\/09\/02\/2eme-session-du-cesec-terres-ancestrales-une-des-urgences-au-centre-des-debats-de-la-deuxieme-session\/#primaryimage"},"image":{"@id":"https:\/\/legrandreporter.net\/index.php\/2026\/09\/02\/2eme-session-du-cesec-terres-ancestrales-une-des-urgences-au-centre-des-debats-de-la-deuxieme-session\/#primaryimage"},"thumbnailUrl":"https:\/\/legrandreporter.net\/wp-content\/uploads\/2026\/09\/89421165-5883-44d2-9aac-d4f07093caba.jpeg","datePublished":"2026-09-02T08:50:47+00:00","dateModified":"2026-09-02T08:50:49+00:00","author":{"@id":"https:\/\/legrandreporter.net\/#\/schema\/person\/e8aa07c283464fa600509a24e4de05a4"},"breadcrumb":{"@id":"https:\/\/legrandreporter.net\/index.php\/2026\/09\/02\/2eme-session-du-cesec-terres-ancestrales-une-des-urgences-au-centre-des-debats-de-la-deuxieme-session\/#breadcrumb"},"inLanguage":"en-US","potentialAction":[{"@type":"ReadAction","target":["https:\/\/legrandreporter.net\/index.php\/2026\/09\/02\/2eme-session-du-cesec-terres-ancestrales-une-des-urgences-au-centre-des-debats-de-la-deuxieme-session\/"]}]},{"@type":"ImageObject","inLanguage":"en-US","@id":"https:\/\/legrandreporter.net\/index.php\/2026\/09\/02\/2eme-session-du-cesec-terres-ancestrales-une-des-urgences-au-centre-des-debats-de-la-deuxieme-session\/#primaryimage","url":"https:\/\/legrandreporter.net\/wp-content\/uploads\/2026\/09\/89421165-5883-44d2-9aac-d4f07093caba.jpeg","contentUrl":"https:\/\/legrandreporter.net\/wp-content\/uploads\/2026\/09\/89421165-5883-44d2-9aac-d4f07093caba.jpeg","width":960,"height":1280},{"@type":"BreadcrumbList","@id":"https:\/\/legrandreporter.net\/index.php\/2026\/09\/02\/2eme-session-du-cesec-terres-ancestrales-une-des-urgences-au-centre-des-debats-de-la-deuxieme-session\/#breadcrumb","itemListElement":[{"@type":"ListItem","position":1,"name":"Home","item":"https:\/\/legrandreporter.net\/"},{"@type":"ListItem","position":2,"name":"2\u00e8me Session du CESEC : Terres ancestrales; une des urgences au centre des d\u00e9bats de la deuxi\u00e8me session."}]},{"@type":"WebSite","@id":"https:\/\/legrandreporter.net\/#website","url":"https:\/\/legrandreporter.net\/","name":"le grand reporter","description":"L&#039;information sans fronti\u00e8res ","potentialAction":[{"@type":"SearchAction","target":{"@type":"EntryPoint","urlTemplate":"https:\/\/legrandreporter.net\/?s={search_term_string}"},"query-input":{"@type":"PropertyValueSpecification","valueRequired":true,"valueName":"search_term_string"}}],"inLanguage":"en-US"},{"@type":"Person","@id":"https:\/\/legrandreporter.net\/#\/schema\/person\/e8aa07c283464fa600509a24e4de05a4","name":"admin","image":{"@type":"ImageObject","inLanguage":"en-US","@id":"https:\/\/secure.gravatar.com\/avatar\/e741354a999001bf2381f32f080f9718157eaaa8510756b39bead01f99e50f81?s=96&d=mm&r=g","url":"https:\/\/secure.gravatar.com\/avatar\/e741354a999001bf2381f32f080f9718157eaaa8510756b39bead01f99e50f81?s=96&d=mm&r=g","contentUrl":"https:\/\/secure.gravatar.com\/avatar\/e741354a999001bf2381f32f080f9718157eaaa8510756b39bead01f99e50f81?s=96&d=mm&r=g","caption":"admin"},"sameAs":["https:\/\/legrandreporter.net"],"url":"https:\/\/legrandreporter.net\/index.php\/author\/admin\/"}]}},"_links":{"self":[{"href":"https:\/\/legrandreporter.net\/index.php\/wp-json\/wp\/v2\/posts\/691","targetHints":{"allow":["GET"]}}],"collection":[{"href":"https:\/\/legrandreporter.net\/index.php\/wp-json\/wp\/v2\/posts"}],"about":[{"href":"https:\/\/legrandreporter.net\/index.php\/wp-json\/wp\/v2\/types\/post"}],"author":[{"embeddable":true,"href":"https:\/\/legrandreporter.net\/index.php\/wp-json\/wp\/v2\/users\/1"}],"replies":[{"embeddable":true,"href":"https:\/\/legrandreporter.net\/index.php\/wp-json\/wp\/v2\/comments?post=691"}],"version-history":[{"count":1,"href":"https:\/\/legrandreporter.net\/index.php\/wp-json\/wp\/v2\/posts\/691\/revisions"}],"predecessor-version":[{"id":696,"href":"https:\/\/legrandreporter.net\/index.php\/wp-json\/wp\/v2\/posts\/691\/revisions\/696"}],"wp:featuredmedia":[{"embeddable":true,"href":"https:\/\/legrandreporter.net\/index.php\/wp-json\/wp\/v2\/media\/695"}],"wp:attachment":[{"href":"https:\/\/legrandreporter.net\/index.php\/wp-json\/wp\/v2\/media?parent=691"}],"wp:term":[{"taxonomy":"category","embeddable":true,"href":"https:\/\/legrandreporter.net\/index.php\/wp-json\/wp\/v2\/categories?post=691"},{"taxonomy":"post_tag","embeddable":true,"href":"https:\/\/legrandreporter.net\/index.php\/wp-json\/wp\/v2\/tags?post=691"}],"curies":[{"name":"wp","href":"https:\/\/api.w.org\/{rel}","templated":true}]}}