{"id":700,"date":"2026-09-03T17:03:40","date_gmt":"2026-09-03T15:03:40","guid":{"rendered":"https:\/\/legrandreporter.net\/?p=700"},"modified":"2026-09-03T17:03:42","modified_gmt":"2026-09-03T15:03:42","slug":"elargissement-de-la-voie-a-okala-le-gouvernement-privilegie-lecoute-et-la-concertation-avec-les-populations","status":"publish","type":"post","link":"https:\/\/legrandreporter.net\/index.php\/2026\/09\/03\/elargissement-de-la-voie-a-okala-le-gouvernement-privilegie-lecoute-et-la-concertation-avec-les-populations\/","title":{"rendered":"\u00c9largissement de la voie \u00e0 Okala : le Gouvernement privil\u00e9gie l\u2019\u00e9coute et la concertation avec les populations"},"content":{"rendered":"\n<p class=\"wp-block-paragraph\"><strong>Libreville, le 02 septembre 2026. Le Gouvernement poursuit la concertation avec les populations autour du projet d\u2019\u00e9largissement de la voie \u00e0 Okala menant \u00e0 Kanal 7. C\u2019est dans ce cadre qu\u2019une r\u00e9union s\u2019est tenue ce mercredi 02 septembre 2026 avec le collectif des habitants d\u2019Okala afin d\u2019\u00e9couter leurs pr\u00e9occupations, d\u2019apporter des r\u00e9ponses concr\u00e8tes aux interrogations soulev\u00e9es et de pr\u00e9ciser les prochaines \u00e9tapes du projet.<\/strong><\/p>\n\n\n\n<p class=\"wp-block-paragraph\">La rencontre a \u00e9t\u00e9 copr\u00e9sid\u00e9e par le Ministre du Logement, de l\u2019Habitat, de l\u2019Urbanisme et du Cadastre, Monsieur Mays MOUISSI, et le Ministre des Travaux publics et de la Construction, Monsieur Edgard MOUKOUMBI.<\/p>\n\n\n\n<p class=\"wp-block-paragraph\">Ont \u00e9galement pris part aux \u00e9changes la Gouverneure de la province de l\u2019Estuaire, Madame Marie-Fran\u00e7oise DIKOUMBA, le Maire de la commune de Libreville, Monsieur Eug\u00e8ne MBA, le Maire de la commune d\u2019Akanda, Monsieur Michel L\u00e9andre DELBRAH NDASSY, la D\u00e9put\u00e9e du 1er arrondissement de Libreville, Madame Chantal MYBOTO \u00e9pouse GONDJOUT, ainsi que le Directeur adjoint de l\u2019ANUTTC.<\/p>\n\n\n\n<p class=\"wp-block-paragraph\">Voie de contournement d\u2019Okala : le Gouvernement \u00e0 l\u2019\u00e9coute des populations<\/p>\n\n\n\n<figure class=\"wp-block-image size-large\"><img width=\"1024\" height=\"683\"  alt=\"\" class=\"wp-image-701\"\/ loading=\"eager\" fetchpriority=\"high\" decoding=\"async\" src=\"https:\/\/legrandreporter.net\/wp-content\/uploads\/2026\/09\/IMG_1592-1024x683.webp\" srcset=\"https:\/\/legrandreporter.net\/wp-content\/uploads\/2026\/09\/IMG_1592-1024x683.webp 1024w, https:\/\/legrandreporter.net\/wp-content\/uploads\/2026\/09\/IMG_1592-300x200.webp 300w, https:\/\/legrandreporter.net\/wp-content\/uploads\/2026\/09\/IMG_1592-768x512.webp 768w, https:\/\/legrandreporter.net\/wp-content\/uploads\/2026\/09\/IMG_1592-1536x1024.webp 1536w, https:\/\/legrandreporter.net\/wp-content\/uploads\/2026\/09\/IMG_1592-2048x1366.webp 2048w\" sizes=\"(max-width: 1024px) 100vw, 1024px\" \/><\/figure>\n\n\n\n<p class=\"wp-block-paragraph\">Au cours de la rencontre, le collectif des habitants d\u2019Okala a rappel\u00e9 l\u2019attachement historique, familial et foncier des populations \u00e0 ce territoire. Les \u00e9changes ont \u00e9galement port\u00e9 sur l\u2019impact potentiel des travaux sur les habitations et, surtout, sur les dimensions envisag\u00e9es pour la future voie.<\/p>\n\n\n\n<p class=\"wp-block-paragraph\">Face \u00e0 ces pr\u00e9occupations, les membres du Gouvernement ont tenu \u00e0 rassurer les populations. \u00c0 ce stade, les dimensions d\u00e9finitives de la voie n\u2019ont pas encore \u00e9t\u00e9 arr\u00eat\u00e9es. Les services techniques poursuivent leurs \u00e9tudes afin de d\u00e9terminer la configuration la plus adapt\u00e9e aux contraintes du terrain et aux objectifs du projet.<\/p>\n\n\n\n<p class=\"wp-block-paragraph\">Ainsi, si la r\u00e9alisation de l\u2019infrastructure est confirm\u00e9e, le trac\u00e9 sera \u00e9tudi\u00e9 avec minutie afin de limiter au maximum les d\u00e9molitions et de pr\u00e9server le plus grand nombre possible de biens.<\/p>\n\n\n\n<p class=\"wp-block-paragraph\">\u00c0 travers cette rencontre, les autorit\u00e9s ont donc souhait\u00e9 instaurer un cadre r\u00e9gulier de communication permettant aux populations d\u2019obtenir directement les informations valid\u00e9es par les services comp\u00e9tents. Cette d\u00e9marche doit \u00e9galement permettre d\u2019\u00e9viter la circulation d\u2019informations inexactes ou pr\u00e9matur\u00e9es susceptibles d\u2019alimenter inutilement les inqui\u00e9tudes.<\/p>\n\n\n\n<p class=\"wp-block-paragraph\">Cette m\u00e9thode fond\u00e9e sur l\u2019\u00e9coute prolonge <a href=\"https:\/\/www.mays-mouissi.com\/2026\/06\/23\/baie-des-cochons-le-ministre-du-logement-mays-mouissi-echange-avec-les-populations-impactees-par-les-travaux-damenagement-routier\/?utm_source=chatgpt.com\">la d\u00e9marche de concertation engag\u00e9e avec les populations concern\u00e9es par les travaux routiers<\/a> dans d\u2019autres quartiers de Libreville.<\/p>\n\n\n\n<p class=\"wp-block-paragraph\">Projet routier d\u2019\u00e9largissement de la voie \u00e0 Okala : fluidifier la circulation<\/p>\n\n\n\n<p class=\"wp-block-paragraph\">Le projet d\u2019\u00e9largissement de la voie \u00e0 Okala poursuit un double objectif. Le premier consiste \u00e0 am\u00e9liorer la circulation sur l\u2019axe reliant le Dispensaire d\u2019Okala \u00e0 Kanal 7, emprunt\u00e9 quotidiennement par de nombreux usagers.<\/p>\n\n\n\n<p class=\"wp-block-paragraph\">En effet, la d\u00e9gradation de certains portions de ce tron\u00e7on, conjugu\u00e9e aux embouteillages r\u00e9currents dus \u00e0 l\u2019\u00e9troitesse de la voie, contribue \u00e0 ralentir fortement la circulation, particuli\u00e8rement aux heures de pointe. L\u2019am\u00e9nagement de cet axe doit ainsi permettre de r\u00e9duire les difficult\u00e9s de d\u00e9placement et d\u2019offrir une voie mieux adapt\u00e9e \u00e0 l\u2019\u00e9volution de cette partie du Grand Libreville.<\/p>\n\n\n\n<p class=\"wp-block-paragraph\">Le second objectif concerne l\u2019acc\u00e8s aux futurs \u00e9quipements structurants de la zone. L\u2019am\u00e9lioration de la desserte routi\u00e8re permettra notamment de faciliter l\u2019acc\u00e8s au futur Institut des maladies cardio-neuro-vasculaires, pr\u00e9vu sur l\u2019ancien site du Delta Postal \u00e0 Akanda. <a href=\"https:\/\/pa.preprod.union.sonapresse.com\/fr\/sante-une-convention-pour-la-construction-dun-institut-des-maladies-cardio-neuro-vasculaires?utm_source=chatgpt.com\">Ce futur \u00e9tablissement hospitalier sp\u00e9cialis\u00e9 dans les pathologies cardiovasculaires et neurologiques<\/a> doit notamment renforcer la prise en charge les personnes victimes d\u2019accidents vasculaires c\u00e9r\u00e9braux.<\/p>\n\n\n\n<p class=\"wp-block-paragraph\">Populations impact\u00e9es \u00e0 Okala : pr\u00e9server les droits et accompagner les familles<\/p>\n\n\n\n<p class=\"wp-block-paragraph\">La situation des personnes susceptibles d\u2019\u00eatre affect\u00e9es par le projet a \u00e9galement fait l\u2019objet d\u2019\u00e9changes approfondis.<\/p>\n\n\n\n<p class=\"wp-block-paragraph\">Les membres du Gouvernement ont rassur\u00e9 les populations quant \u00e0 la prise en compte des droits des personnes titulaires de droits r\u00e9els r\u00e9guli\u00e8rement \u00e9tablis, notamment les d\u00e9tenteurs de titres fonciers. Pour les personnes ne disposant pas de titre foncier et dont les biens seraient effectivement concern\u00e9s par le trac\u00e9 retenu, les autorit\u00e9s ont indiqu\u00e9 qu\u2019un accompagnement financier sera propos\u00e9 selon les situations recens\u00e9es et les modalit\u00e9s arr\u00eat\u00e9es.<\/p>\n\n\n\n<p class=\"wp-block-paragraph\">Cette dimension sociale s\u2019inscrit dans la continuit\u00e9 de <a href=\"https:\/\/www.mays-mouissi.com\/2026\/08\/20\/akemi-ndjogoni-et-baie-des-cochons-560-millions-de-fcfa-dindemnisation-pour-79-familles\/?utm_source=chatgpt.com\">l\u2019accompagnement des familles affect\u00e9es par les projets d\u2019am\u00e9nagement routier<\/a> d\u00e9j\u00e0 mis en \u0153uvre \u00e0 Ak\u00e9mi-Ndjogoni et \u00e0 la Baie des Cochons.<\/p>\n\n\n\n<p class=\"wp-block-paragraph\">Les populations ont, par ailleurs, souhait\u00e9 disposer d\u2019un calendrier clair des diff\u00e9rentes op\u00e9rations. Les Ministres des Travaux Publics et du Logement ont r\u00e9affirm\u00e9 que le projet serait conduit dans le respect des droits reconnus aux personnes concern\u00e9es et dans un dialogue constant avec les riverains.<\/p>\n\n\n\n<p class=\"wp-block-paragraph\">Cette r\u00e9union constitue la premi\u00e8re d\u2019une s\u00e9rie de rencontres. Une nouvelle s\u00e9ance de travail est pr\u00e9vue dans les prochains jours, directement sur le terrain afin d\u2019examiner, avec les populations, les zones susceptibles d\u2019\u00eatre concern\u00e9es par les travaux.<\/p>\n\n\n\n<p class=\"wp-block-paragraph\">A travers cette rencontre, le Gouvernement a ainsi pris en compte les observations formul\u00e9es par le collectif des habitants d\u2019Okala. La poursuite de la concertation doit permettre de trouver le meilleur \u00e9quilibre entre l\u2019am\u00e9lioration n\u00e9cessaire de la circulation, la r\u00e9alisation d\u2019une infrastructure d\u2019int\u00e9r\u00eat g\u00e9n\u00e9ral et la pr\u00e9servation maximale des droits et des biens des populations.<\/p>\n\n\n\n<p class=\"wp-block-paragraph\"><\/p>\n","protected":false},"excerpt":{"rendered":"<p>Libreville, le 02 septembre 2026. Le Gouvernement poursuit la concertation avec les populations autour du projet d\u2019\u00e9largissement de la voie \u00e0 Okala menant \u00e0 Kanal 7. C\u2019est dans ce cadre qu\u2019une r\u00e9union s\u2019est tenue ce mercredi 02 septembre 2026 avec le collectif des habitants d\u2019Okala afin d\u2019\u00e9couter leurs pr\u00e9occupations, d\u2019apporter des r\u00e9ponses concr\u00e8tes aux interrogations [&hellip;]<\/p>\n","protected":false},"author":1,"featured_media":702,"comment_status":"open","ping_status":"open","sticky":false,"template":"","format":"standard","meta":{"footnotes":""},"categories":[5],"tags":[],"class_list":["post-700","post","type-post","status-publish","format-standard","has-post-thumbnail","hentry","category-societe"],"yoast_head":"<!-- This site is optimized with the Yoast SEO plugin v28.4 - https:\/\/yoast.com\/product\/yoast-seo-wordpress\/ -->\n<title>\u00c9largissement de la voie \u00e0 Okala : le Gouvernement privil\u00e9gie l\u2019\u00e9coute et la concertation avec les populations - le grand reporter<\/title>\n<meta name=\"robots\" content=\"index, follow, max-snippet:-1, max-image-preview:large, max-video-preview:-1\" \/>\n<link rel=\"canonical\" href=\"https:\/\/legrandreporter.net\/index.php\/2026\/09\/03\/elargissement-de-la-voie-a-okala-le-gouvernement-privilegie-lecoute-et-la-concertation-avec-les-populations\/\" \/>\n<meta property=\"og:locale\" content=\"en_US\" \/>\n<meta property=\"og:type\" content=\"article\" \/>\n<meta property=\"og:title\" content=\"\u00c9largissement de la voie \u00e0 Okala : le Gouvernement privil\u00e9gie l\u2019\u00e9coute et la concertation avec les populations - le grand reporter\" \/>\n<meta property=\"og:description\" content=\"Libreville, le 02 septembre 2026. Le Gouvernement poursuit la concertation avec les populations autour du projet d\u2019\u00e9largissement de la voie \u00e0 Okala menant \u00e0 Kanal 7. C\u2019est dans ce cadre qu\u2019une r\u00e9union s\u2019est tenue ce mercredi 02 septembre 2026 avec le collectif des habitants d\u2019Okala afin d\u2019\u00e9couter leurs pr\u00e9occupations, d\u2019apporter des r\u00e9ponses concr\u00e8tes aux interrogations [&hellip;]\" \/>\n<meta property=\"og:url\" content=\"https:\/\/legrandreporter.net\/index.php\/2026\/09\/03\/elargissement-de-la-voie-a-okala-le-gouvernement-privilegie-lecoute-et-la-concertation-avec-les-populations\/\" \/>\n<meta property=\"og:site_name\" content=\"le grand reporter\" \/>\n<meta property=\"article:published_time\" content=\"2026-09-03T15:03:40+00:00\" \/>\n<meta property=\"article:modified_time\" content=\"2026-09-03T15:03:42+00:00\" \/>\n<meta property=\"og:image\" content=\"https:\/\/legrandreporter.net\/wp-content\/uploads\/2026\/09\/cc59236a-2139-4b52-ab98-dd1ec1a8e84e.jpeg\" \/>\n\t<meta property=\"og:image:width\" content=\"960\" \/>\n\t<meta property=\"og:image:height\" content=\"1280\" \/>\n\t<meta property=\"og:image:type\" content=\"image\/jpeg\" \/>\n<meta name=\"author\" content=\"admin\" \/>\n<meta name=\"twitter:card\" content=\"summary_large_image\" \/>\n<meta name=\"twitter:label1\" content=\"Written by\" \/>\n\t<meta name=\"twitter:data1\" content=\"admin\" \/>\n\t<meta name=\"twitter:label2\" content=\"Est. reading time\" \/>\n\t<meta name=\"twitter:data2\" content=\"4 minutes\" \/>\n<script type=\"application\/ld+json\" class=\"yoast-schema-graph\">{\"@context\":\"https:\\\/\\\/schema.org\",\"@graph\":[{\"@type\":\"Article\",\"@id\":\"https:\\\/\\\/legrandreporter.net\\\/index.php\\\/2026\\\/09\\\/03\\\/elargissement-de-la-voie-a-okala-le-gouvernement-privilegie-lecoute-et-la-concertation-avec-les-populations\\\/#article\",\"isPartOf\":{\"@id\":\"https:\\\/\\\/legrandreporter.net\\\/index.php\\\/2026\\\/09\\\/03\\\/elargissement-de-la-voie-a-okala-le-gouvernement-privilegie-lecoute-et-la-concertation-avec-les-populations\\\/\"},\"author\":{\"name\":\"admin\",\"@id\":\"https:\\\/\\\/legrandreporter.net\\\/#\\\/schema\\\/person\\\/e8aa07c283464fa600509a24e4de05a4\"},\"headline\":\"\u00c9largissement de la voie \u00e0 Okala : le Gouvernement privil\u00e9gie l\u2019\u00e9coute et la concertation avec les populations\",\"datePublished\":\"2026-09-03T15:03:40+00:00\",\"dateModified\":\"2026-09-03T15:03:42+00:00\",\"mainEntityOfPage\":{\"@id\":\"https:\\\/\\\/legrandreporter.net\\\/index.php\\\/2026\\\/09\\\/03\\\/elargissement-de-la-voie-a-okala-le-gouvernement-privilegie-lecoute-et-la-concertation-avec-les-populations\\\/\"},\"wordCount\":918,\"commentCount\":0,\"image\":{\"@id\":\"https:\\\/\\\/legrandreporter.net\\\/index.php\\\/2026\\\/09\\\/03\\\/elargissement-de-la-voie-a-okala-le-gouvernement-privilegie-lecoute-et-la-concertation-avec-les-populations\\\/#primaryimage\"},\"thumbnailUrl\":\"https:\\\/\\\/legrandreporter.net\\\/wp-content\\\/uploads\\\/2026\\\/09\\\/cc59236a-2139-4b52-ab98-dd1ec1a8e84e.jpeg\",\"articleSection\":[\"SOCI\u00c9T\u00c9\"],\"inLanguage\":\"en-US\",\"potentialAction\":[{\"@type\":\"CommentAction\",\"name\":\"Comment\",\"target\":[\"https:\\\/\\\/legrandreporter.net\\\/index.php\\\/2026\\\/09\\\/03\\\/elargissement-de-la-voie-a-okala-le-gouvernement-privilegie-lecoute-et-la-concertation-avec-les-populations\\\/#respond\"]}]},{\"@type\":\"WebPage\",\"@id\":\"https:\\\/\\\/legrandreporter.net\\\/index.php\\\/2026\\\/09\\\/03\\\/elargissement-de-la-voie-a-okala-le-gouvernement-privilegie-lecoute-et-la-concertation-avec-les-populations\\\/\",\"url\":\"https:\\\/\\\/legrandreporter.net\\\/index.php\\\/2026\\\/09\\\/03\\\/elargissement-de-la-voie-a-okala-le-gouvernement-privilegie-lecoute-et-la-concertation-avec-les-populations\\\/\",\"name\":\"\u00c9largissement de la voie \u00e0 Okala : le Gouvernement privil\u00e9gie l\u2019\u00e9coute et la concertation avec les populations - le grand reporter\",\"isPartOf\":{\"@id\":\"https:\\\/\\\/legrandreporter.net\\\/#website\"},\"primaryImageOfPage\":{\"@id\":\"https:\\\/\\\/legrandreporter.net\\\/index.php\\\/2026\\\/09\\\/03\\\/elargissement-de-la-voie-a-okala-le-gouvernement-privilegie-lecoute-et-la-concertation-avec-les-populations\\\/#primaryimage\"},\"image\":{\"@id\":\"https:\\\/\\\/legrandreporter.net\\\/index.php\\\/2026\\\/09\\\/03\\\/elargissement-de-la-voie-a-okala-le-gouvernement-privilegie-lecoute-et-la-concertation-avec-les-populations\\\/#primaryimage\"},\"thumbnailUrl\":\"https:\\\/\\\/legrandreporter.net\\\/wp-content\\\/uploads\\\/2026\\\/09\\\/cc59236a-2139-4b52-ab98-dd1ec1a8e84e.jpeg\",\"datePublished\":\"2026-09-03T15:03:40+00:00\",\"dateModified\":\"2026-09-03T15:03:42+00:00\",\"author\":{\"@id\":\"https:\\\/\\\/legrandreporter.net\\\/#\\\/schema\\\/person\\\/e8aa07c283464fa600509a24e4de05a4\"},\"breadcrumb\":{\"@id\":\"https:\\\/\\\/legrandreporter.net\\\/index.php\\\/2026\\\/09\\\/03\\\/elargissement-de-la-voie-a-okala-le-gouvernement-privilegie-lecoute-et-la-concertation-avec-les-populations\\\/#breadcrumb\"},\"inLanguage\":\"en-US\",\"potentialAction\":[{\"@type\":\"ReadAction\",\"target\":[\"https:\\\/\\\/legrandreporter.net\\\/index.php\\\/2026\\\/09\\\/03\\\/elargissement-de-la-voie-a-okala-le-gouvernement-privilegie-lecoute-et-la-concertation-avec-les-populations\\\/\"]}]},{\"@type\":\"ImageObject\",\"inLanguage\":\"en-US\",\"@id\":\"https:\\\/\\\/legrandreporter.net\\\/index.php\\\/2026\\\/09\\\/03\\\/elargissement-de-la-voie-a-okala-le-gouvernement-privilegie-lecoute-et-la-concertation-avec-les-populations\\\/#primaryimage\",\"url\":\"https:\\\/\\\/legrandreporter.net\\\/wp-content\\\/uploads\\\/2026\\\/09\\\/cc59236a-2139-4b52-ab98-dd1ec1a8e84e.jpeg\",\"contentUrl\":\"https:\\\/\\\/legrandreporter.net\\\/wp-content\\\/uploads\\\/2026\\\/09\\\/cc59236a-2139-4b52-ab98-dd1ec1a8e84e.jpeg\",\"width\":960,\"height\":1280},{\"@type\":\"BreadcrumbList\",\"@id\":\"https:\\\/\\\/legrandreporter.net\\\/index.php\\\/2026\\\/09\\\/03\\\/elargissement-de-la-voie-a-okala-le-gouvernement-privilegie-lecoute-et-la-concertation-avec-les-populations\\\/#breadcrumb\",\"itemListElement\":[{\"@type\":\"ListItem\",\"position\":1,\"name\":\"Home\",\"item\":\"https:\\\/\\\/legrandreporter.net\\\/\"},{\"@type\":\"ListItem\",\"position\":2,\"name\":\"\u00c9largissement de la voie \u00e0 Okala : le Gouvernement privil\u00e9gie l\u2019\u00e9coute et la concertation avec les populations\"}]},{\"@type\":\"WebSite\",\"@id\":\"https:\\\/\\\/legrandreporter.net\\\/#website\",\"url\":\"https:\\\/\\\/legrandreporter.net\\\/\",\"name\":\"le grand reporter\",\"description\":\"L&#039;information sans fronti\u00e8res \",\"potentialAction\":[{\"@type\":\"SearchAction\",\"target\":{\"@type\":\"EntryPoint\",\"urlTemplate\":\"https:\\\/\\\/legrandreporter.net\\\/?s={search_term_string}\"},\"query-input\":{\"@type\":\"PropertyValueSpecification\",\"valueRequired\":true,\"valueName\":\"search_term_string\"}}],\"inLanguage\":\"en-US\"},{\"@type\":\"Person\",\"@id\":\"https:\\\/\\\/legrandreporter.net\\\/#\\\/schema\\\/person\\\/e8aa07c283464fa600509a24e4de05a4\",\"name\":\"admin\",\"image\":{\"@type\":\"ImageObject\",\"inLanguage\":\"en-US\",\"@id\":\"https:\\\/\\\/secure.gravatar.com\\\/avatar\\\/e741354a999001bf2381f32f080f9718157eaaa8510756b39bead01f99e50f81?s=96&d=mm&r=g\",\"url\":\"https:\\\/\\\/secure.gravatar.com\\\/avatar\\\/e741354a999001bf2381f32f080f9718157eaaa8510756b39bead01f99e50f81?s=96&d=mm&r=g\",\"contentUrl\":\"https:\\\/\\\/secure.gravatar.com\\\/avatar\\\/e741354a999001bf2381f32f080f9718157eaaa8510756b39bead01f99e50f81?s=96&d=mm&r=g\",\"caption\":\"admin\"},\"sameAs\":[\"https:\\\/\\\/legrandreporter.net\"],\"url\":\"https:\\\/\\\/legrandreporter.net\\\/index.php\\\/author\\\/admin\\\/\"}]}<\/script>\n<!-- \/ Yoast SEO plugin. -->","yoast_head_json":{"title":"\u00c9largissement de la voie \u00e0 Okala : le Gouvernement privil\u00e9gie l\u2019\u00e9coute et la concertation avec les populations - le grand reporter","robots":{"index":"index","follow":"follow","max-snippet":"max-snippet:-1","max-image-preview":"max-image-preview:large","max-video-preview":"max-video-preview:-1"},"canonical":"https:\/\/legrandreporter.net\/index.php\/2026\/09\/03\/elargissement-de-la-voie-a-okala-le-gouvernement-privilegie-lecoute-et-la-concertation-avec-les-populations\/","og_locale":"en_US","og_type":"article","og_title":"\u00c9largissement de la voie \u00e0 Okala : le Gouvernement privil\u00e9gie l\u2019\u00e9coute et la concertation avec les populations - le grand reporter","og_description":"Libreville, le 02 septembre 2026. Le Gouvernement poursuit la concertation avec les populations autour du projet d\u2019\u00e9largissement de la voie \u00e0 Okala menant \u00e0 Kanal 7. C\u2019est dans ce cadre qu\u2019une r\u00e9union s\u2019est tenue ce mercredi 02 septembre 2026 avec le collectif des habitants d\u2019Okala afin d\u2019\u00e9couter leurs pr\u00e9occupations, d\u2019apporter des r\u00e9ponses concr\u00e8tes aux interrogations [&hellip;]","og_url":"https:\/\/legrandreporter.net\/index.php\/2026\/09\/03\/elargissement-de-la-voie-a-okala-le-gouvernement-privilegie-lecoute-et-la-concertation-avec-les-populations\/","og_site_name":"le grand reporter","article_published_time":"2026-09-03T15:03:40+00:00","article_modified_time":"2026-09-03T15:03:42+00:00","og_image":[{"width":960,"height":1280,"url":"https:\/\/legrandreporter.net\/wp-content\/uploads\/2026\/09\/cc59236a-2139-4b52-ab98-dd1ec1a8e84e.jpeg","type":"image\/jpeg"}],"author":"admin","twitter_card":"summary_large_image","twitter_misc":{"Written by":"admin","Est. reading time":"4 minutes"},"schema":{"@context":"https:\/\/schema.org","@graph":[{"@type":"Article","@id":"https:\/\/legrandreporter.net\/index.php\/2026\/09\/03\/elargissement-de-la-voie-a-okala-le-gouvernement-privilegie-lecoute-et-la-concertation-avec-les-populations\/#article","isPartOf":{"@id":"https:\/\/legrandreporter.net\/index.php\/2026\/09\/03\/elargissement-de-la-voie-a-okala-le-gouvernement-privilegie-lecoute-et-la-concertation-avec-les-populations\/"},"author":{"name":"admin","@id":"https:\/\/legrandreporter.net\/#\/schema\/person\/e8aa07c283464fa600509a24e4de05a4"},"headline":"\u00c9largissement de la voie \u00e0 Okala : le Gouvernement privil\u00e9gie l\u2019\u00e9coute et la concertation avec les populations","datePublished":"2026-09-03T15:03:40+00:00","dateModified":"2026-09-03T15:03:42+00:00","mainEntityOfPage":{"@id":"https:\/\/legrandreporter.net\/index.php\/2026\/09\/03\/elargissement-de-la-voie-a-okala-le-gouvernement-privilegie-lecoute-et-la-concertation-avec-les-populations\/"},"wordCount":918,"commentCount":0,"image":{"@id":"https:\/\/legrandreporter.net\/index.php\/2026\/09\/03\/elargissement-de-la-voie-a-okala-le-gouvernement-privilegie-lecoute-et-la-concertation-avec-les-populations\/#primaryimage"},"thumbnailUrl":"https:\/\/legrandreporter.net\/wp-content\/uploads\/2026\/09\/cc59236a-2139-4b52-ab98-dd1ec1a8e84e.jpeg","articleSection":["SOCI\u00c9T\u00c9"],"inLanguage":"en-US","potentialAction":[{"@type":"CommentAction","name":"Comment","target":["https:\/\/legrandreporter.net\/index.php\/2026\/09\/03\/elargissement-de-la-voie-a-okala-le-gouvernement-privilegie-lecoute-et-la-concertation-avec-les-populations\/#respond"]}]},{"@type":"WebPage","@id":"https:\/\/legrandreporter.net\/index.php\/2026\/09\/03\/elargissement-de-la-voie-a-okala-le-gouvernement-privilegie-lecoute-et-la-concertation-avec-les-populations\/","url":"https:\/\/legrandreporter.net\/index.php\/2026\/09\/03\/elargissement-de-la-voie-a-okala-le-gouvernement-privilegie-lecoute-et-la-concertation-avec-les-populations\/","name":"\u00c9largissement de la voie \u00e0 Okala : le Gouvernement privil\u00e9gie l\u2019\u00e9coute et la concertation avec les populations - le grand reporter","isPartOf":{"@id":"https:\/\/legrandreporter.net\/#website"},"primaryImageOfPage":{"@id":"https:\/\/legrandreporter.net\/index.php\/2026\/09\/03\/elargissement-de-la-voie-a-okala-le-gouvernement-privilegie-lecoute-et-la-concertation-avec-les-populations\/#primaryimage"},"image":{"@id":"https:\/\/legrandreporter.net\/index.php\/2026\/09\/03\/elargissement-de-la-voie-a-okala-le-gouvernement-privilegie-lecoute-et-la-concertation-avec-les-populations\/#primaryimage"},"thumbnailUrl":"https:\/\/legrandreporter.net\/wp-content\/uploads\/2026\/09\/cc59236a-2139-4b52-ab98-dd1ec1a8e84e.jpeg","datePublished":"2026-09-03T15:03:40+00:00","dateModified":"2026-09-03T15:03:42+00:00","author":{"@id":"https:\/\/legrandreporter.net\/#\/schema\/person\/e8aa07c283464fa600509a24e4de05a4"},"breadcrumb":{"@id":"https:\/\/legrandreporter.net\/index.php\/2026\/09\/03\/elargissement-de-la-voie-a-okala-le-gouvernement-privilegie-lecoute-et-la-concertation-avec-les-populations\/#breadcrumb"},"inLanguage":"en-US","potentialAction":[{"@type":"ReadAction","target":["https:\/\/legrandreporter.net\/index.php\/2026\/09\/03\/elargissement-de-la-voie-a-okala-le-gouvernement-privilegie-lecoute-et-la-concertation-avec-les-populations\/"]}]},{"@type":"ImageObject","inLanguage":"en-US","@id":"https:\/\/legrandreporter.net\/index.php\/2026\/09\/03\/elargissement-de-la-voie-a-okala-le-gouvernement-privilegie-lecoute-et-la-concertation-avec-les-populations\/#primaryimage","url":"https:\/\/legrandreporter.net\/wp-content\/uploads\/2026\/09\/cc59236a-2139-4b52-ab98-dd1ec1a8e84e.jpeg","contentUrl":"https:\/\/legrandreporter.net\/wp-content\/uploads\/2026\/09\/cc59236a-2139-4b52-ab98-dd1ec1a8e84e.jpeg","width":960,"height":1280},{"@type":"BreadcrumbList","@id":"https:\/\/legrandreporter.net\/index.php\/2026\/09\/03\/elargissement-de-la-voie-a-okala-le-gouvernement-privilegie-lecoute-et-la-concertation-avec-les-populations\/#breadcrumb","itemListElement":[{"@type":"ListItem","position":1,"name":"Home","item":"https:\/\/legrandreporter.net\/"},{"@type":"ListItem","position":2,"name":"\u00c9largissement de la voie \u00e0 Okala : le Gouvernement privil\u00e9gie l\u2019\u00e9coute et la concertation avec les populations"}]},{"@type":"WebSite","@id":"https:\/\/legrandreporter.net\/#website","url":"https:\/\/legrandreporter.net\/","name":"le grand reporter","description":"L&#039;information sans fronti\u00e8res ","potentialAction":[{"@type":"SearchAction","target":{"@type":"EntryPoint","urlTemplate":"https:\/\/legrandreporter.net\/?s={search_term_string}"},"query-input":{"@type":"PropertyValueSpecification","valueRequired":true,"valueName":"search_term_string"}}],"inLanguage":"en-US"},{"@type":"Person","@id":"https:\/\/legrandreporter.net\/#\/schema\/person\/e8aa07c283464fa600509a24e4de05a4","name":"admin","image":{"@type":"ImageObject","inLanguage":"en-US","@id":"https:\/\/secure.gravatar.com\/avatar\/e741354a999001bf2381f32f080f9718157eaaa8510756b39bead01f99e50f81?s=96&d=mm&r=g","url":"https:\/\/secure.gravatar.com\/avatar\/e741354a999001bf2381f32f080f9718157eaaa8510756b39bead01f99e50f81?s=96&d=mm&r=g","contentUrl":"https:\/\/secure.gravatar.com\/avatar\/e741354a999001bf2381f32f080f9718157eaaa8510756b39bead01f99e50f81?s=96&d=mm&r=g","caption":"admin"},"sameAs":["https:\/\/legrandreporter.net"],"url":"https:\/\/legrandreporter.net\/index.php\/author\/admin\/"}]}},"_links":{"self":[{"href":"https:\/\/legrandreporter.net\/index.php\/wp-json\/wp\/v2\/posts\/700","targetHints":{"allow":["GET"]}}],"collection":[{"href":"https:\/\/legrandreporter.net\/index.php\/wp-json\/wp\/v2\/posts"}],"about":[{"href":"https:\/\/legrandreporter.net\/index.php\/wp-json\/wp\/v2\/types\/post"}],"author":[{"embeddable":true,"href":"https:\/\/legrandreporter.net\/index.php\/wp-json\/wp\/v2\/users\/1"}],"replies":[{"embeddable":true,"href":"https:\/\/legrandreporter.net\/index.php\/wp-json\/wp\/v2\/comments?post=700"}],"version-history":[{"count":1,"href":"https:\/\/legrandreporter.net\/index.php\/wp-json\/wp\/v2\/posts\/700\/revisions"}],"predecessor-version":[{"id":703,"href":"https:\/\/legrandreporter.net\/index.php\/wp-json\/wp\/v2\/posts\/700\/revisions\/703"}],"wp:featuredmedia":[{"embeddable":true,"href":"https:\/\/legrandreporter.net\/index.php\/wp-json\/wp\/v2\/media\/702"}],"wp:attachment":[{"href":"https:\/\/legrandreporter.net\/index.php\/wp-json\/wp\/v2\/media?parent=700"}],"wp:term":[{"taxonomy":"category","embeddable":true,"href":"https:\/\/legrandreporter.net\/index.php\/wp-json\/wp\/v2\/categories?post=700"},{"taxonomy":"post_tag","embeddable":true,"href":"https:\/\/legrandreporter.net\/index.php\/wp-json\/wp\/v2\/tags?post=700"}],"curies":[{"name":"wp","href":"https:\/\/api.w.org\/{rel}","templated":true}]}}