{"id":707,"date":"2026-09-04T09:21:15","date_gmt":"2026-09-04T07:21:15","guid":{"rendered":"https:\/\/legrandreporter.net\/?p=707"},"modified":"2026-09-04T09:37:34","modified_gmt":"2026-09-04T07:37:34","slug":"sante-le-pr-elsa-nkana-josephine-ayo-renforce-le-dialogue-avec-les-structures-sanitaires-privees","status":"publish","type":"post","link":"https:\/\/legrandreporter.net\/index.php\/2026\/09\/04\/sante-le-pr-elsa-nkana-josephine-ayo-renforce-le-dialogue-avec-les-structures-sanitaires-privees\/","title":{"rendered":"Sant\u00e9 : le Pr Elsa Nkana Jos\u00e9phine Ayo renforce le dialogue avec les structures sanitaires priv\u00e9es"},"content":{"rendered":"\n<p class=\"wp-block-paragraph\"><strong>Le ministre de la Sant\u00e9, Pr Elsa Nkana Jos\u00e9phine Ayo Epse Bivigou, a \u00e9chang\u00e9 avec les responsables des \u00e9tablissements priv\u00e9s \u00e0 vis\u00e9e sanitaire r\u00e9unis au sein de l\u2019AREMPG. Une rencontre plac\u00e9e sous le signe de la concertation, de l\u2019harmonisation des pratiques et d\u2019une meilleure int\u00e9gration du secteur priv\u00e9 dans le syst\u00e8me de sant\u00e9 national.<\/strong><\/p>\n\n\n\n<p class=\"wp-block-paragraph\">Le secteur priv\u00e9 de la sant\u00e9 entend d\u00e9sormais occuper pleinement sa place dans le dispositif sanitaire national. C\u2019est l\u2019un des principaux enseignements de la rencontre entre le ministre de la Sant\u00e9, Pr Elsa Nkana Jos\u00e9phine Ayo Epse Bivigou, et les responsables des structures priv\u00e9es \u00e0 vis\u00e9e sanitaire du Gabon, membres de l\u2019AREMPG.<\/p>\n\n\n\n<p class=\"wp-block-paragraph\">Pour la ministre de la Sant\u00e9, cette rencontre r\u00e9pond \u00e0 une n\u00e9cessit\u00e9 : celle de renforcer la coordination entre les secteurs public et priv\u00e9. \u00ab Le syst\u00e8me priv\u00e9 fait partie \u00e0 part enti\u00e8re du syst\u00e8me sanitaire du Gabon \u00bb, a-t-elle rappel\u00e9, soulignant que les deux secteurs sont confront\u00e9s \u00e0 des probl\u00e9matiques qui se rejoignent, notamment en mati\u00e8re de qualit\u00e9 des soins et de prise en charge des patients.<\/p>\n\n\n\n<p class=\"wp-block-paragraph\">L\u2019un des objectifs affich\u00e9s par le minist\u00e8re est d&#8217;aboutir \u00e0 une meilleure harmonisation des proc\u00e9dures et de la qualit\u00e9 des soins dans l\u2019ensemble des structures sanitaires.<\/p>\n\n\n\n<p class=\"wp-block-paragraph\">La question de l\u2019accueil des patients figure \u00e9galement parmi les priorit\u00e9s \u00e9voqu\u00e9es au cours des \u00e9changes. Pour le minist\u00e8re, les \u00e9tablissements priv\u00e9s constituent, au m\u00eame titre que les structures publiques, des points importants du parcours de soins des populations.<\/p>\n\n\n\n<figure class=\"wp-block-image size-large\"><img width=\"1024\" height=\"682\"  alt=\"\" class=\"wp-image-708\"\/ loading=\"eager\" fetchpriority=\"high\" decoding=\"async\" src=\"https:\/\/legrandreporter.net\/wp-content\/uploads\/2026\/09\/5ab04de6-e182-4648-abd8-6078799a484c-1024x682.jpeg\" srcset=\"https:\/\/legrandreporter.net\/wp-content\/uploads\/2026\/09\/5ab04de6-e182-4648-abd8-6078799a484c-1024x682.jpeg 1024w, https:\/\/legrandreporter.net\/wp-content\/uploads\/2026\/09\/5ab04de6-e182-4648-abd8-6078799a484c-300x200.jpeg 300w, https:\/\/legrandreporter.net\/wp-content\/uploads\/2026\/09\/5ab04de6-e182-4648-abd8-6078799a484c-768x512.jpeg 768w, https:\/\/legrandreporter.net\/wp-content\/uploads\/2026\/09\/5ab04de6-e182-4648-abd8-6078799a484c-1536x1024.jpeg 1536w, https:\/\/legrandreporter.net\/wp-content\/uploads\/2026\/09\/5ab04de6-e182-4648-abd8-6078799a484c-2048x1365.jpeg 2048w\" sizes=\"(max-width: 1024px) 100vw, 1024px\" \/><\/figure>\n\n\n\n<p class=\"wp-block-paragraph\">Cette volont\u00e9 d\u2019harmonisation doit permettre de renforcer la qualit\u00e9 et la continuit\u00e9 de la prise en charge, mais \u00e9galement de mieux coordonner les actions entre les diff\u00e9rents acteurs du syst\u00e8me de sant\u00e9.<\/p>\n\n\n\n<p class=\"wp-block-paragraph\">Autre enjeu majeur abord\u00e9 lors de cette rencontre : la remont\u00e9e des donn\u00e9es sanitaires produites par les structures priv\u00e9es.<\/p>\n\n\n\n<p class=\"wp-block-paragraph\">Selon la ministre, certaines statistiques ne sont pas syst\u00e9matiquement transmises \u00e0 la tutelle. Une situation qui constitue un frein \u00e0 la connaissance pr\u00e9cise de l\u2019activit\u00e9 sanitaire nationale.<\/p>\n\n\n\n<p class=\"wp-block-paragraph\">Pour le ministre de la Sant\u00e9 Il est important d&#8217;avoir les donn\u00e9es statistiques \u00e9voquant notamment les informations relatives aux activit\u00e9s des \u00e9tablissements qui y sont enregistr\u00e9s.<\/p>\n\n\n\n<p class=\"wp-block-paragraph\">L\u2019objectif est donc d\u2019identifier les difficult\u00e9s qui emp\u00eachent la transmission de ces donn\u00e9es, afin de permettre leur int\u00e9gration dans le syst\u00e8me national d\u2019information sanitaire.<\/p>\n\n\n\n<p class=\"wp-block-paragraph\">Disposer d\u2019une information sanitaire compl\u00e8te et fiable est essentiel pour orienter les politiques publiques et adapter les d\u00e9cisions aux r\u00e9alit\u00e9s du terrain.<\/p>\n\n\n\n<p class=\"wp-block-paragraph\">Cette premi\u00e8re rencontre devrait surtout ouvrir la voie \u00e0 un dialogue plus r\u00e9gulier entre la tutelle et les \u00e9tablissements priv\u00e9s.<\/p>\n\n\n\n<p class=\"wp-block-paragraph\">Conform\u00e9ment \u00e0 la volont\u00e9 d\u2019inclusion port\u00e9e par les plus hautes autorit\u00e9s, le minist\u00e8re entend d\u00e9sormais associer davantage les acteurs priv\u00e9s aux r\u00e9flexions sur le syst\u00e8me de sant\u00e9.<\/p>\n\n\n\n<p class=\"wp-block-paragraph\">Le ministre a ainsi annonc\u00e9 la mise en place de rencontres trimestrielles avec les repr\u00e9sentants des structures priv\u00e9es. Plus encore, l\u2019association sera d\u00e9sormais repr\u00e9sent\u00e9e lors des grandes r\u00e9unions du minist\u00e8re consacr\u00e9es \u00e0 des d\u00e9cisions susceptibles d\u2019avoir un impact sur le secteur.<\/p>\n\n\n\n<p class=\"wp-block-paragraph\">Une d\u00e9marche salu\u00e9e par le pr\u00e9sident de l\u2019AREMPG, Dr Ogowet Th\u00e9ophile, fondateur et directeur de la clinique MIA. Du c\u00f4t\u00e9 des responsables des structures priv\u00e9es, plusieurs pr\u00e9occupations ont \u00e9t\u00e9 expos\u00e9es au ministre. Parmi elles figurent notamment les questions li\u00e9es aux assurances et aux \u00e9moluments, mais \u00e9galement les difficult\u00e9s relatives au renouvellement des \u00e9quipements m\u00e9dicaux devenus obsol\u00e8tes.<\/p>\n\n\n\n<p class=\"wp-block-paragraph\">Pour le pr\u00e9sident de l\u2019association, la rencontre rev\u00eat une importance particuli\u00e8re parce qu\u2019elle marque, selon lui, une reconnaissance claire de la place du secteur priv\u00e9 dans le syst\u00e8me de sant\u00e9.<\/p>\n\n\n\n<p class=\"wp-block-paragraph\">Plusieurs revendications port\u00e9es depuis longtemps par les responsables des structures priv\u00e9es trouvent aujourd\u2019hui une perspective favorable.<\/p>\n\n\n\n<p class=\"wp-block-paragraph\">Au-del\u00e0 des dol\u00e9ances, le principal acquis de cette rencontre semble donc \u00eatre l\u2019instauration d\u2019un cadre permanent de concertation.<\/p>\n\n\n\n<p class=\"wp-block-paragraph\">En ouvrant davantage ses portes aux acteurs priv\u00e9s, le minist\u00e8re de la Sant\u00e9 entend faire de la collaboration entre les deux secteurs un levier pour am\u00e9liorer l\u2019offre de soins, renforcer la qualit\u00e9 des services et disposer d\u2019une vision plus compl\u00e8te de la situation sanitaire du pays.<\/p>\n\n\n\n<p class=\"wp-block-paragraph\">Public et priv\u00e9 : deux composantes d\u00e9sormais appel\u00e9es \u00e0 travailler davantage ensemble au service d\u2019un m\u00eame objectif, l\u2019am\u00e9lioration de la sant\u00e9 des populations.<\/p>\n\n\n\n<p class=\"wp-block-paragraph\"><\/p>\n","protected":false},"excerpt":{"rendered":"<p>Le ministre de la Sant\u00e9, Pr Elsa Nkana Jos\u00e9phine Ayo Epse Bivigou, a \u00e9chang\u00e9 avec les responsables des \u00e9tablissements priv\u00e9s \u00e0 vis\u00e9e sanitaire r\u00e9unis au sein de l\u2019AREMPG. Une rencontre plac\u00e9e sous le signe de la concertation, de l\u2019harmonisation des pratiques et d\u2019une meilleure int\u00e9gration du secteur priv\u00e9 dans le syst\u00e8me de sant\u00e9 national. Le [&hellip;]<\/p>\n","protected":false},"author":1,"featured_media":711,"comment_status":"open","ping_status":"open","sticky":false,"template":"","format":"standard","meta":{"footnotes":""},"categories":[8],"tags":[],"class_list":["post-707","post","type-post","status-publish","format-standard","has-post-thumbnail","hentry","category-sante"],"yoast_head":"<!-- This site is optimized with the Yoast SEO plugin v28.4 - https:\/\/yoast.com\/product\/yoast-seo-wordpress\/ -->\n<title>Sant\u00e9 : le Pr Elsa Nkana Jos\u00e9phine Ayo renforce le dialogue avec les structures sanitaires priv\u00e9es - le grand reporter<\/title>\n<meta name=\"robots\" content=\"index, follow, max-snippet:-1, max-image-preview:large, max-video-preview:-1\" \/>\n<link rel=\"canonical\" href=\"https:\/\/legrandreporter.net\/index.php\/2026\/09\/04\/sante-le-pr-elsa-nkana-josephine-ayo-renforce-le-dialogue-avec-les-structures-sanitaires-privees\/\" \/>\n<meta property=\"og:locale\" content=\"en_US\" \/>\n<meta property=\"og:type\" content=\"article\" \/>\n<meta property=\"og:title\" content=\"Sant\u00e9 : le Pr Elsa Nkana Jos\u00e9phine Ayo renforce le dialogue avec les structures sanitaires priv\u00e9es - le grand reporter\" \/>\n<meta property=\"og:description\" content=\"Le ministre de la Sant\u00e9, Pr Elsa Nkana Jos\u00e9phine Ayo Epse Bivigou, a \u00e9chang\u00e9 avec les responsables des \u00e9tablissements priv\u00e9s \u00e0 vis\u00e9e sanitaire r\u00e9unis au sein de l\u2019AREMPG. Une rencontre plac\u00e9e sous le signe de la concertation, de l\u2019harmonisation des pratiques et d\u2019une meilleure int\u00e9gration du secteur priv\u00e9 dans le syst\u00e8me de sant\u00e9 national. Le [&hellip;]\" \/>\n<meta property=\"og:url\" content=\"https:\/\/legrandreporter.net\/index.php\/2026\/09\/04\/sante-le-pr-elsa-nkana-josephine-ayo-renforce-le-dialogue-avec-les-structures-sanitaires-privees\/\" \/>\n<meta property=\"og:site_name\" content=\"le grand reporter\" \/>\n<meta property=\"article:published_time\" content=\"2026-09-04T07:21:15+00:00\" \/>\n<meta property=\"article:modified_time\" content=\"2026-09-04T07:37:34+00:00\" \/>\n<meta property=\"og:image\" content=\"https:\/\/legrandreporter.net\/wp-content\/uploads\/2026\/09\/a132908c-e08b-4c04-8ac3-4a89bc6c3eac.jpeg\" \/>\n\t<meta property=\"og:image:width\" content=\"960\" \/>\n\t<meta property=\"og:image:height\" content=\"1280\" \/>\n\t<meta property=\"og:image:type\" content=\"image\/jpeg\" \/>\n<meta name=\"author\" content=\"admin\" \/>\n<meta name=\"twitter:card\" content=\"summary_large_image\" \/>\n<meta name=\"twitter:label1\" content=\"Written by\" \/>\n\t<meta name=\"twitter:data1\" content=\"admin\" \/>\n\t<meta name=\"twitter:label2\" content=\"Est. reading time\" \/>\n\t<meta name=\"twitter:data2\" content=\"4 minutes\" \/>\n<script type=\"application\/ld+json\" class=\"yoast-schema-graph\">{\"@context\":\"https:\\\/\\\/schema.org\",\"@graph\":[{\"@type\":\"Article\",\"@id\":\"https:\\\/\\\/legrandreporter.net\\\/index.php\\\/2026\\\/09\\\/04\\\/sante-le-pr-elsa-nkana-josephine-ayo-renforce-le-dialogue-avec-les-structures-sanitaires-privees\\\/#article\",\"isPartOf\":{\"@id\":\"https:\\\/\\\/legrandreporter.net\\\/index.php\\\/2026\\\/09\\\/04\\\/sante-le-pr-elsa-nkana-josephine-ayo-renforce-le-dialogue-avec-les-structures-sanitaires-privees\\\/\"},\"author\":{\"name\":\"admin\",\"@id\":\"https:\\\/\\\/legrandreporter.net\\\/#\\\/schema\\\/person\\\/e8aa07c283464fa600509a24e4de05a4\"},\"headline\":\"Sant\u00e9 : le Pr Elsa Nkana Jos\u00e9phine Ayo renforce le dialogue avec les structures sanitaires priv\u00e9es\",\"datePublished\":\"2026-09-04T07:21:15+00:00\",\"dateModified\":\"2026-09-04T07:37:34+00:00\",\"mainEntityOfPage\":{\"@id\":\"https:\\\/\\\/legrandreporter.net\\\/index.php\\\/2026\\\/09\\\/04\\\/sante-le-pr-elsa-nkana-josephine-ayo-renforce-le-dialogue-avec-les-structures-sanitaires-privees\\\/\"},\"wordCount\":789,\"commentCount\":0,\"image\":{\"@id\":\"https:\\\/\\\/legrandreporter.net\\\/index.php\\\/2026\\\/09\\\/04\\\/sante-le-pr-elsa-nkana-josephine-ayo-renforce-le-dialogue-avec-les-structures-sanitaires-privees\\\/#primaryimage\"},\"thumbnailUrl\":\"https:\\\/\\\/legrandreporter.net\\\/wp-content\\\/uploads\\\/2026\\\/09\\\/a132908c-e08b-4c04-8ac3-4a89bc6c3eac.jpeg\",\"articleSection\":[\"SANTE\"],\"inLanguage\":\"en-US\",\"potentialAction\":[{\"@type\":\"CommentAction\",\"name\":\"Comment\",\"target\":[\"https:\\\/\\\/legrandreporter.net\\\/index.php\\\/2026\\\/09\\\/04\\\/sante-le-pr-elsa-nkana-josephine-ayo-renforce-le-dialogue-avec-les-structures-sanitaires-privees\\\/#respond\"]}]},{\"@type\":\"WebPage\",\"@id\":\"https:\\\/\\\/legrandreporter.net\\\/index.php\\\/2026\\\/09\\\/04\\\/sante-le-pr-elsa-nkana-josephine-ayo-renforce-le-dialogue-avec-les-structures-sanitaires-privees\\\/\",\"url\":\"https:\\\/\\\/legrandreporter.net\\\/index.php\\\/2026\\\/09\\\/04\\\/sante-le-pr-elsa-nkana-josephine-ayo-renforce-le-dialogue-avec-les-structures-sanitaires-privees\\\/\",\"name\":\"Sant\u00e9 : le Pr Elsa Nkana Jos\u00e9phine Ayo renforce le dialogue avec les structures sanitaires priv\u00e9es - le grand reporter\",\"isPartOf\":{\"@id\":\"https:\\\/\\\/legrandreporter.net\\\/#website\"},\"primaryImageOfPage\":{\"@id\":\"https:\\\/\\\/legrandreporter.net\\\/index.php\\\/2026\\\/09\\\/04\\\/sante-le-pr-elsa-nkana-josephine-ayo-renforce-le-dialogue-avec-les-structures-sanitaires-privees\\\/#primaryimage\"},\"image\":{\"@id\":\"https:\\\/\\\/legrandreporter.net\\\/index.php\\\/2026\\\/09\\\/04\\\/sante-le-pr-elsa-nkana-josephine-ayo-renforce-le-dialogue-avec-les-structures-sanitaires-privees\\\/#primaryimage\"},\"thumbnailUrl\":\"https:\\\/\\\/legrandreporter.net\\\/wp-content\\\/uploads\\\/2026\\\/09\\\/a132908c-e08b-4c04-8ac3-4a89bc6c3eac.jpeg\",\"datePublished\":\"2026-09-04T07:21:15+00:00\",\"dateModified\":\"2026-09-04T07:37:34+00:00\",\"author\":{\"@id\":\"https:\\\/\\\/legrandreporter.net\\\/#\\\/schema\\\/person\\\/e8aa07c283464fa600509a24e4de05a4\"},\"breadcrumb\":{\"@id\":\"https:\\\/\\\/legrandreporter.net\\\/index.php\\\/2026\\\/09\\\/04\\\/sante-le-pr-elsa-nkana-josephine-ayo-renforce-le-dialogue-avec-les-structures-sanitaires-privees\\\/#breadcrumb\"},\"inLanguage\":\"en-US\",\"potentialAction\":[{\"@type\":\"ReadAction\",\"target\":[\"https:\\\/\\\/legrandreporter.net\\\/index.php\\\/2026\\\/09\\\/04\\\/sante-le-pr-elsa-nkana-josephine-ayo-renforce-le-dialogue-avec-les-structures-sanitaires-privees\\\/\"]}]},{\"@type\":\"ImageObject\",\"inLanguage\":\"en-US\",\"@id\":\"https:\\\/\\\/legrandreporter.net\\\/index.php\\\/2026\\\/09\\\/04\\\/sante-le-pr-elsa-nkana-josephine-ayo-renforce-le-dialogue-avec-les-structures-sanitaires-privees\\\/#primaryimage\",\"url\":\"https:\\\/\\\/legrandreporter.net\\\/wp-content\\\/uploads\\\/2026\\\/09\\\/a132908c-e08b-4c04-8ac3-4a89bc6c3eac.jpeg\",\"contentUrl\":\"https:\\\/\\\/legrandreporter.net\\\/wp-content\\\/uploads\\\/2026\\\/09\\\/a132908c-e08b-4c04-8ac3-4a89bc6c3eac.jpeg\",\"width\":960,\"height\":1280},{\"@type\":\"BreadcrumbList\",\"@id\":\"https:\\\/\\\/legrandreporter.net\\\/index.php\\\/2026\\\/09\\\/04\\\/sante-le-pr-elsa-nkana-josephine-ayo-renforce-le-dialogue-avec-les-structures-sanitaires-privees\\\/#breadcrumb\",\"itemListElement\":[{\"@type\":\"ListItem\",\"position\":1,\"name\":\"Home\",\"item\":\"https:\\\/\\\/legrandreporter.net\\\/\"},{\"@type\":\"ListItem\",\"position\":2,\"name\":\"Sant\u00e9 : le Pr Elsa Nkana Jos\u00e9phine Ayo renforce le dialogue avec les structures sanitaires priv\u00e9es\"}]},{\"@type\":\"WebSite\",\"@id\":\"https:\\\/\\\/legrandreporter.net\\\/#website\",\"url\":\"https:\\\/\\\/legrandreporter.net\\\/\",\"name\":\"le grand reporter\",\"description\":\"L&#039;information sans fronti\u00e8res \",\"potentialAction\":[{\"@type\":\"SearchAction\",\"target\":{\"@type\":\"EntryPoint\",\"urlTemplate\":\"https:\\\/\\\/legrandreporter.net\\\/?s={search_term_string}\"},\"query-input\":{\"@type\":\"PropertyValueSpecification\",\"valueRequired\":true,\"valueName\":\"search_term_string\"}}],\"inLanguage\":\"en-US\"},{\"@type\":\"Person\",\"@id\":\"https:\\\/\\\/legrandreporter.net\\\/#\\\/schema\\\/person\\\/e8aa07c283464fa600509a24e4de05a4\",\"name\":\"admin\",\"image\":{\"@type\":\"ImageObject\",\"inLanguage\":\"en-US\",\"@id\":\"https:\\\/\\\/secure.gravatar.com\\\/avatar\\\/e741354a999001bf2381f32f080f9718157eaaa8510756b39bead01f99e50f81?s=96&d=mm&r=g\",\"url\":\"https:\\\/\\\/secure.gravatar.com\\\/avatar\\\/e741354a999001bf2381f32f080f9718157eaaa8510756b39bead01f99e50f81?s=96&d=mm&r=g\",\"contentUrl\":\"https:\\\/\\\/secure.gravatar.com\\\/avatar\\\/e741354a999001bf2381f32f080f9718157eaaa8510756b39bead01f99e50f81?s=96&d=mm&r=g\",\"caption\":\"admin\"},\"sameAs\":[\"https:\\\/\\\/legrandreporter.net\"],\"url\":\"https:\\\/\\\/legrandreporter.net\\\/index.php\\\/author\\\/admin\\\/\"}]}<\/script>\n<!-- \/ Yoast SEO plugin. -->","yoast_head_json":{"title":"Sant\u00e9 : le Pr Elsa Nkana Jos\u00e9phine Ayo renforce le dialogue avec les structures sanitaires priv\u00e9es - le grand reporter","robots":{"index":"index","follow":"follow","max-snippet":"max-snippet:-1","max-image-preview":"max-image-preview:large","max-video-preview":"max-video-preview:-1"},"canonical":"https:\/\/legrandreporter.net\/index.php\/2026\/09\/04\/sante-le-pr-elsa-nkana-josephine-ayo-renforce-le-dialogue-avec-les-structures-sanitaires-privees\/","og_locale":"en_US","og_type":"article","og_title":"Sant\u00e9 : le Pr Elsa Nkana Jos\u00e9phine Ayo renforce le dialogue avec les structures sanitaires priv\u00e9es - le grand reporter","og_description":"Le ministre de la Sant\u00e9, Pr Elsa Nkana Jos\u00e9phine Ayo Epse Bivigou, a \u00e9chang\u00e9 avec les responsables des \u00e9tablissements priv\u00e9s \u00e0 vis\u00e9e sanitaire r\u00e9unis au sein de l\u2019AREMPG. Une rencontre plac\u00e9e sous le signe de la concertation, de l\u2019harmonisation des pratiques et d\u2019une meilleure int\u00e9gration du secteur priv\u00e9 dans le syst\u00e8me de sant\u00e9 national. Le [&hellip;]","og_url":"https:\/\/legrandreporter.net\/index.php\/2026\/09\/04\/sante-le-pr-elsa-nkana-josephine-ayo-renforce-le-dialogue-avec-les-structures-sanitaires-privees\/","og_site_name":"le grand reporter","article_published_time":"2026-09-04T07:21:15+00:00","article_modified_time":"2026-09-04T07:37:34+00:00","og_image":[{"width":960,"height":1280,"url":"https:\/\/legrandreporter.net\/wp-content\/uploads\/2026\/09\/a132908c-e08b-4c04-8ac3-4a89bc6c3eac.jpeg","type":"image\/jpeg"}],"author":"admin","twitter_card":"summary_large_image","twitter_misc":{"Written by":"admin","Est. reading time":"4 minutes"},"schema":{"@context":"https:\/\/schema.org","@graph":[{"@type":"Article","@id":"https:\/\/legrandreporter.net\/index.php\/2026\/09\/04\/sante-le-pr-elsa-nkana-josephine-ayo-renforce-le-dialogue-avec-les-structures-sanitaires-privees\/#article","isPartOf":{"@id":"https:\/\/legrandreporter.net\/index.php\/2026\/09\/04\/sante-le-pr-elsa-nkana-josephine-ayo-renforce-le-dialogue-avec-les-structures-sanitaires-privees\/"},"author":{"name":"admin","@id":"https:\/\/legrandreporter.net\/#\/schema\/person\/e8aa07c283464fa600509a24e4de05a4"},"headline":"Sant\u00e9 : le Pr Elsa Nkana Jos\u00e9phine Ayo renforce le dialogue avec les structures sanitaires priv\u00e9es","datePublished":"2026-09-04T07:21:15+00:00","dateModified":"2026-09-04T07:37:34+00:00","mainEntityOfPage":{"@id":"https:\/\/legrandreporter.net\/index.php\/2026\/09\/04\/sante-le-pr-elsa-nkana-josephine-ayo-renforce-le-dialogue-avec-les-structures-sanitaires-privees\/"},"wordCount":789,"commentCount":0,"image":{"@id":"https:\/\/legrandreporter.net\/index.php\/2026\/09\/04\/sante-le-pr-elsa-nkana-josephine-ayo-renforce-le-dialogue-avec-les-structures-sanitaires-privees\/#primaryimage"},"thumbnailUrl":"https:\/\/legrandreporter.net\/wp-content\/uploads\/2026\/09\/a132908c-e08b-4c04-8ac3-4a89bc6c3eac.jpeg","articleSection":["SANTE"],"inLanguage":"en-US","potentialAction":[{"@type":"CommentAction","name":"Comment","target":["https:\/\/legrandreporter.net\/index.php\/2026\/09\/04\/sante-le-pr-elsa-nkana-josephine-ayo-renforce-le-dialogue-avec-les-structures-sanitaires-privees\/#respond"]}]},{"@type":"WebPage","@id":"https:\/\/legrandreporter.net\/index.php\/2026\/09\/04\/sante-le-pr-elsa-nkana-josephine-ayo-renforce-le-dialogue-avec-les-structures-sanitaires-privees\/","url":"https:\/\/legrandreporter.net\/index.php\/2026\/09\/04\/sante-le-pr-elsa-nkana-josephine-ayo-renforce-le-dialogue-avec-les-structures-sanitaires-privees\/","name":"Sant\u00e9 : le Pr Elsa Nkana Jos\u00e9phine Ayo renforce le dialogue avec les structures sanitaires priv\u00e9es - le grand reporter","isPartOf":{"@id":"https:\/\/legrandreporter.net\/#website"},"primaryImageOfPage":{"@id":"https:\/\/legrandreporter.net\/index.php\/2026\/09\/04\/sante-le-pr-elsa-nkana-josephine-ayo-renforce-le-dialogue-avec-les-structures-sanitaires-privees\/#primaryimage"},"image":{"@id":"https:\/\/legrandreporter.net\/index.php\/2026\/09\/04\/sante-le-pr-elsa-nkana-josephine-ayo-renforce-le-dialogue-avec-les-structures-sanitaires-privees\/#primaryimage"},"thumbnailUrl":"https:\/\/legrandreporter.net\/wp-content\/uploads\/2026\/09\/a132908c-e08b-4c04-8ac3-4a89bc6c3eac.jpeg","datePublished":"2026-09-04T07:21:15+00:00","dateModified":"2026-09-04T07:37:34+00:00","author":{"@id":"https:\/\/legrandreporter.net\/#\/schema\/person\/e8aa07c283464fa600509a24e4de05a4"},"breadcrumb":{"@id":"https:\/\/legrandreporter.net\/index.php\/2026\/09\/04\/sante-le-pr-elsa-nkana-josephine-ayo-renforce-le-dialogue-avec-les-structures-sanitaires-privees\/#breadcrumb"},"inLanguage":"en-US","potentialAction":[{"@type":"ReadAction","target":["https:\/\/legrandreporter.net\/index.php\/2026\/09\/04\/sante-le-pr-elsa-nkana-josephine-ayo-renforce-le-dialogue-avec-les-structures-sanitaires-privees\/"]}]},{"@type":"ImageObject","inLanguage":"en-US","@id":"https:\/\/legrandreporter.net\/index.php\/2026\/09\/04\/sante-le-pr-elsa-nkana-josephine-ayo-renforce-le-dialogue-avec-les-structures-sanitaires-privees\/#primaryimage","url":"https:\/\/legrandreporter.net\/wp-content\/uploads\/2026\/09\/a132908c-e08b-4c04-8ac3-4a89bc6c3eac.jpeg","contentUrl":"https:\/\/legrandreporter.net\/wp-content\/uploads\/2026\/09\/a132908c-e08b-4c04-8ac3-4a89bc6c3eac.jpeg","width":960,"height":1280},{"@type":"BreadcrumbList","@id":"https:\/\/legrandreporter.net\/index.php\/2026\/09\/04\/sante-le-pr-elsa-nkana-josephine-ayo-renforce-le-dialogue-avec-les-structures-sanitaires-privees\/#breadcrumb","itemListElement":[{"@type":"ListItem","position":1,"name":"Home","item":"https:\/\/legrandreporter.net\/"},{"@type":"ListItem","position":2,"name":"Sant\u00e9 : le Pr Elsa Nkana Jos\u00e9phine Ayo renforce le dialogue avec les structures sanitaires priv\u00e9es"}]},{"@type":"WebSite","@id":"https:\/\/legrandreporter.net\/#website","url":"https:\/\/legrandreporter.net\/","name":"le grand reporter","description":"L&#039;information sans fronti\u00e8res ","potentialAction":[{"@type":"SearchAction","target":{"@type":"EntryPoint","urlTemplate":"https:\/\/legrandreporter.net\/?s={search_term_string}"},"query-input":{"@type":"PropertyValueSpecification","valueRequired":true,"valueName":"search_term_string"}}],"inLanguage":"en-US"},{"@type":"Person","@id":"https:\/\/legrandreporter.net\/#\/schema\/person\/e8aa07c283464fa600509a24e4de05a4","name":"admin","image":{"@type":"ImageObject","inLanguage":"en-US","@id":"https:\/\/secure.gravatar.com\/avatar\/e741354a999001bf2381f32f080f9718157eaaa8510756b39bead01f99e50f81?s=96&d=mm&r=g","url":"https:\/\/secure.gravatar.com\/avatar\/e741354a999001bf2381f32f080f9718157eaaa8510756b39bead01f99e50f81?s=96&d=mm&r=g","contentUrl":"https:\/\/secure.gravatar.com\/avatar\/e741354a999001bf2381f32f080f9718157eaaa8510756b39bead01f99e50f81?s=96&d=mm&r=g","caption":"admin"},"sameAs":["https:\/\/legrandreporter.net"],"url":"https:\/\/legrandreporter.net\/index.php\/author\/admin\/"}]}},"_links":{"self":[{"href":"https:\/\/legrandreporter.net\/index.php\/wp-json\/wp\/v2\/posts\/707","targetHints":{"allow":["GET"]}}],"collection":[{"href":"https:\/\/legrandreporter.net\/index.php\/wp-json\/wp\/v2\/posts"}],"about":[{"href":"https:\/\/legrandreporter.net\/index.php\/wp-json\/wp\/v2\/types\/post"}],"author":[{"embeddable":true,"href":"https:\/\/legrandreporter.net\/index.php\/wp-json\/wp\/v2\/users\/1"}],"replies":[{"embeddable":true,"href":"https:\/\/legrandreporter.net\/index.php\/wp-json\/wp\/v2\/comments?post=707"}],"version-history":[{"count":1,"href":"https:\/\/legrandreporter.net\/index.php\/wp-json\/wp\/v2\/posts\/707\/revisions"}],"predecessor-version":[{"id":710,"href":"https:\/\/legrandreporter.net\/index.php\/wp-json\/wp\/v2\/posts\/707\/revisions\/710"}],"wp:featuredmedia":[{"embeddable":true,"href":"https:\/\/legrandreporter.net\/index.php\/wp-json\/wp\/v2\/media\/711"}],"wp:attachment":[{"href":"https:\/\/legrandreporter.net\/index.php\/wp-json\/wp\/v2\/media?parent=707"}],"wp:term":[{"taxonomy":"category","embeddable":true,"href":"https:\/\/legrandreporter.net\/index.php\/wp-json\/wp\/v2\/categories?post=707"},{"taxonomy":"post_tag","embeddable":true,"href":"https:\/\/legrandreporter.net\/index.php\/wp-json\/wp\/v2\/tags?post=707"}],"curies":[{"name":"wp","href":"https:\/\/api.w.org\/{rel}","templated":true}]}}