{"id":712,"date":"2026-09-04T19:25:34","date_gmt":"2026-09-04T17:25:34","guid":{"rendered":"https:\/\/legrandreporter.net\/?p=712"},"modified":"2026-09-04T19:25:37","modified_gmt":"2026-09-04T17:25:37","slug":"franck-nguema-largent-des-pauvres-doit-arriver-aux-pauvres","status":"publish","type":"post","link":"https:\/\/legrandreporter.net\/index.php\/2026\/09\/04\/franck-nguema-largent-des-pauvres-doit-arriver-aux-pauvres\/","title":{"rendered":"Franck Nguema: &#8220;L&#8217;argent des pauvres doit arriver aux pauvres&#8221;\u00a0"},"content":{"rendered":"\n<p class=\"wp-block-paragraph\"><strong>Apr\u00e8s les d\u00e9clarations de la Cour des comptes annon\u00e7ant environ 1 700 milliards de FCFA de d\u00e9bets et d&#8217;amendes envers des agents de l&#8217;Etat, et ce \u00e0 l&#8217;issu des contr\u00f4les durant l&#8217;exercice 2026, il s&#8217;av\u00e8re que les financements sociaux, plus exactement les fonds des Gabonais \u00e9conomiquement faibles, des \u00e9vacuations sanitaires, de la s\u00e9curit\u00e9 sociale. Il en ressort que plusieurs malversations ont \u00e9t\u00e9 \u00e0 l\u2019origine de ces diff\u00e9rents manquements, c\u2019est dans cette optique que l\u2019homme politique,Franck Nguema s\u2019insurge contre cette gestion opaque des fonds publics.&nbsp;<\/strong><\/p>\n\n\n\n<p class=\"wp-block-paragraph\">C\u2019est par le biais d\u2019une d\u00e9claration dont a \u00e9t\u00e9 inform\u00e9 la r\u00e9daction du <em>Grand Reporter TV<\/em> que l\u2019homme politique Franck Nguema&nbsp; ancien ministre, \u00e9lu local d&#8217;Akanda et essayiste, s\u2019est insurg\u00e9 ce vendredi 04 septembre contre ces faits tout en faisant des propositions, et apporte tout son soutien au Pr\u00e9sident de la R\u00e9publique, chef du gouvernement SEM, Brice Clotaire Oligui Ngu\u00e9ma dans sa volont\u00e9 de lutter contre la corruption d\u00e8s les premi\u00e8res heures de la 5e R\u00e9publique.<\/p>\n\n\n\n<p class=\"wp-block-paragraph\">Le chiffre interpelle et nourrit le d\u00e9bat sur la gestion des deniers publics au Gabon. Dans le bilan de ses activit\u00e9s pour l\u2019exercice 2026, la Cour des comptes a annonc\u00e9 un montant de 1 700 milliards de FCFA de d\u00e9bets et d\u2019amendes, que les personnes concern\u00e9es seraient appel\u00e9es \u00e0 restituer \u00e0 l\u2019\u00c9tat, d\u2019apr\u00e8s les d\u00e9clarations du premier responsable de cette institution judiciaire.&nbsp;<\/p>\n\n\n\n<p class=\"wp-block-paragraph\">Un constat qui ne laisse pas insensible&nbsp; Franck Nguema. Ainsi au cours d\u2019une d\u00e9claration rendue publique ce vendredi, l\u2019ancien membre du gouvernement estime que la question rev\u00eat une gravit\u00e9 particuli\u00e8re lorsque les contr\u00f4les concernent des ressources destin\u00e9es aux populations les plus vuln\u00e9rables. Ce dernier a indiqu\u00e9 sans langue de bois que \u00abL\u2019argent des pauvres doit arriver aux pauvres\u00bb, mart\u00e8le-t-il, consid\u00e9rant que la lutte contre la pauvret\u00e9 passe \u00e9galement par une meilleure s\u00e9curisation des fonds publics qui lui sont consacr\u00e9s.<\/p>\n\n\n\n<p class=\"wp-block-paragraph\">\u00c0 l\u2019origine de l\u2019ire de l\u2019ancien d\u00e9put\u00e9 d\u2019akanda, l\u2019inqui\u00e9tude est d\u2019autant plus importante que les secteurs contr\u00f4l\u00e9s comprennent, selon lui, la s\u00e9curit\u00e9 sociale, les \u00e9vacuations sanitaires, le Fonds des Gabonais \u00e9conomiquement faibles et la CNAMGS. A cet effet,l\u2019ancien ministre rappelle que derri\u00e8re les montants \u00e9voqu\u00e9s se trouvent des dispositifs destin\u00e9s \u00e0 r\u00e9pondre \u00e0 des besoins essentiels : acc\u00e8s aux soins, accompagnement des personnes vuln\u00e9rables ou encore prise en charge sociale. <em>\u00abDerri\u00e8re ces chiffres, il y a des vies humaines\u00bb<\/em>, martel t-il,tout en&nbsp; \u00e9voquant les familles en difficult\u00e9, les enfants n\u00e9cessitant des soins ou encore les personnes \u00e2g\u00e9es sans ressources. Dans son propos , Franck Nguema appelle toutefois \u00e0 distinguer les irr\u00e9gularit\u00e9s relev\u00e9es par les organes de contr\u00f4le des responsabilit\u00e9s qui devront, le cas \u00e9ch\u00e9ant, \u00eatre d\u00e9finitivement \u00e9tablies par les proc\u00e9dures comp\u00e9tentes.<\/p>\n\n\n\n<p class=\"wp-block-paragraph\">Au del\u00e0 d\u2019une sortie afin d\u2019apporter sa contribution dans la 5e R\u00e9publique, Franck Nguema n\u2019a pas manqu\u00e9 d\u2019apporter des pistes de solutions pour mettre fin \u00e0 ce ph\u00e9nom\u00e8ne qui met un frein au pr\u00e9sident de la R\u00e9publique, Brice Clotaire Oligui Nguema. En effet, pour le leader politique de la commune d\u2019akanda, Il&nbsp; est n\u00e9cessaire&nbsp; pr\u00e9conise d\u2019abord le recouvrement effectif et rapide des sommes dues \u00e0 l\u2019\u00c9tat lorsque les d\u00e9cisions judiciaires sont devenues d\u00e9finitives. Il propose aussi la mise en place d\u2019un audit permanent des financements sociaux, notamment au niveau de la CNAMGS, accompagn\u00e9 d\u2019un contr\u00f4le interne renforc\u00e9 et ind\u00e9pendant.<\/p>\n\n\n\n<p class=\"wp-block-paragraph\">Une autre opportunit\u00e9 est bien entendu l\u2019acc\u00e9l\u00e9ration de la mise en place du Registre social national unifi\u00e9, destin\u00e9 \u00e0 mieux identifier les b\u00e9n\u00e9ficiaires des politiques sociales et \u00e0 limiter les risques de fraude. L\u2019ancien ministre plaide \u00e9galement pour la digitalisation des aides et prestations sociales, afin de permettre une meilleure tra\u00e7abilit\u00e9 des fonds, depuis leur inscription au budget de l\u2019\u00c9tat jusqu\u2019\u00e0 leur b\u00e9n\u00e9ficiaire final. Franck Nguema&nbsp; sugg\u00e8re \u00e9galement pour finir la cr\u00e9ation d\u2019un Fonds national de lutte contre la pauvret\u00e9, soumis \u00e0 un audit annuel et \u00e0 la publication de ses ressources, d\u00e9penses et r\u00e9sultats.<\/p>\n\n\n\n<p class=\"wp-block-paragraph\"><\/p>\n","protected":false},"excerpt":{"rendered":"<p>Apr\u00e8s les d\u00e9clarations de la Cour des comptes annon\u00e7ant environ 1 700 milliards de FCFA de d\u00e9bets et d&#8217;amendes envers des agents de l&#8217;Etat, et ce \u00e0 l&#8217;issu des contr\u00f4les durant l&#8217;exercice 2026, il s&#8217;av\u00e8re que les financements sociaux, plus exactement les fonds des Gabonais \u00e9conomiquement faibles, des \u00e9vacuations sanitaires, de la s\u00e9curit\u00e9 sociale. Il [&hellip;]<\/p>\n","protected":false},"author":1,"featured_media":713,"comment_status":"open","ping_status":"open","sticky":false,"template":"","format":"standard","meta":{"footnotes":""},"categories":[1],"tags":[],"class_list":["post-712","post","type-post","status-publish","format-standard","has-post-thumbnail","hentry","category-politique"],"yoast_head":"<!-- This site is optimized with the Yoast SEO plugin v28.4 - https:\/\/yoast.com\/product\/yoast-seo-wordpress\/ -->\n<title>Franck Nguema: &quot;L&#039;argent des pauvres doit arriver aux pauvres&quot;\u00a0 - le grand reporter<\/title>\n<meta name=\"robots\" content=\"index, follow, max-snippet:-1, max-image-preview:large, max-video-preview:-1\" \/>\n<link rel=\"canonical\" href=\"https:\/\/legrandreporter.net\/index.php\/2026\/09\/04\/franck-nguema-largent-des-pauvres-doit-arriver-aux-pauvres\/\" \/>\n<meta property=\"og:locale\" content=\"en_US\" \/>\n<meta property=\"og:type\" content=\"article\" \/>\n<meta property=\"og:title\" content=\"Franck Nguema: &quot;L&#039;argent des pauvres doit arriver aux pauvres&quot;\u00a0 - le grand reporter\" \/>\n<meta property=\"og:description\" content=\"Apr\u00e8s les d\u00e9clarations de la Cour des comptes annon\u00e7ant environ 1 700 milliards de FCFA de d\u00e9bets et d&#8217;amendes envers des agents de l&#8217;Etat, et ce \u00e0 l&#8217;issu des contr\u00f4les durant l&#8217;exercice 2026, il s&#8217;av\u00e8re que les financements sociaux, plus exactement les fonds des Gabonais \u00e9conomiquement faibles, des \u00e9vacuations sanitaires, de la s\u00e9curit\u00e9 sociale. Il [&hellip;]\" \/>\n<meta property=\"og:url\" content=\"https:\/\/legrandreporter.net\/index.php\/2026\/09\/04\/franck-nguema-largent-des-pauvres-doit-arriver-aux-pauvres\/\" \/>\n<meta property=\"og:site_name\" content=\"le grand reporter\" \/>\n<meta property=\"article:published_time\" content=\"2026-09-04T17:25:34+00:00\" \/>\n<meta property=\"article:modified_time\" content=\"2026-09-04T17:25:37+00:00\" \/>\n<meta property=\"og:image\" content=\"https:\/\/legrandreporter.net\/wp-content\/uploads\/2026\/09\/100e9195-ebff-467e-91fc-32be1d7b95d0.jpeg\" \/>\n\t<meta property=\"og:image:width\" content=\"960\" \/>\n\t<meta property=\"og:image:height\" content=\"1280\" \/>\n\t<meta property=\"og:image:type\" content=\"image\/jpeg\" \/>\n<meta name=\"author\" content=\"admin\" \/>\n<meta name=\"twitter:card\" content=\"summary_large_image\" \/>\n<meta name=\"twitter:label1\" content=\"Written by\" \/>\n\t<meta name=\"twitter:data1\" content=\"admin\" \/>\n\t<meta name=\"twitter:label2\" content=\"Est. reading time\" \/>\n\t<meta name=\"twitter:data2\" content=\"3 minutes\" \/>\n<script type=\"application\/ld+json\" class=\"yoast-schema-graph\">{\"@context\":\"https:\\\/\\\/schema.org\",\"@graph\":[{\"@type\":\"Article\",\"@id\":\"https:\\\/\\\/legrandreporter.net\\\/index.php\\\/2026\\\/09\\\/04\\\/franck-nguema-largent-des-pauvres-doit-arriver-aux-pauvres\\\/#article\",\"isPartOf\":{\"@id\":\"https:\\\/\\\/legrandreporter.net\\\/index.php\\\/2026\\\/09\\\/04\\\/franck-nguema-largent-des-pauvres-doit-arriver-aux-pauvres\\\/\"},\"author\":{\"name\":\"admin\",\"@id\":\"https:\\\/\\\/legrandreporter.net\\\/#\\\/schema\\\/person\\\/e8aa07c283464fa600509a24e4de05a4\"},\"headline\":\"Franck Nguema: &#8220;L&#8217;argent des pauvres doit arriver aux pauvres&#8221;\u00a0\",\"datePublished\":\"2026-09-04T17:25:34+00:00\",\"dateModified\":\"2026-09-04T17:25:37+00:00\",\"mainEntityOfPage\":{\"@id\":\"https:\\\/\\\/legrandreporter.net\\\/index.php\\\/2026\\\/09\\\/04\\\/franck-nguema-largent-des-pauvres-doit-arriver-aux-pauvres\\\/\"},\"wordCount\":743,\"commentCount\":0,\"image\":{\"@id\":\"https:\\\/\\\/legrandreporter.net\\\/index.php\\\/2026\\\/09\\\/04\\\/franck-nguema-largent-des-pauvres-doit-arriver-aux-pauvres\\\/#primaryimage\"},\"thumbnailUrl\":\"https:\\\/\\\/legrandreporter.net\\\/wp-content\\\/uploads\\\/2026\\\/09\\\/100e9195-ebff-467e-91fc-32be1d7b95d0.jpeg\",\"articleSection\":[\"POLITIQUE\"],\"inLanguage\":\"en-US\",\"potentialAction\":[{\"@type\":\"CommentAction\",\"name\":\"Comment\",\"target\":[\"https:\\\/\\\/legrandreporter.net\\\/index.php\\\/2026\\\/09\\\/04\\\/franck-nguema-largent-des-pauvres-doit-arriver-aux-pauvres\\\/#respond\"]}]},{\"@type\":\"WebPage\",\"@id\":\"https:\\\/\\\/legrandreporter.net\\\/index.php\\\/2026\\\/09\\\/04\\\/franck-nguema-largent-des-pauvres-doit-arriver-aux-pauvres\\\/\",\"url\":\"https:\\\/\\\/legrandreporter.net\\\/index.php\\\/2026\\\/09\\\/04\\\/franck-nguema-largent-des-pauvres-doit-arriver-aux-pauvres\\\/\",\"name\":\"Franck Nguema: \\\"L'argent des pauvres doit arriver aux pauvres\\\"\u00a0 - le grand reporter\",\"isPartOf\":{\"@id\":\"https:\\\/\\\/legrandreporter.net\\\/#website\"},\"primaryImageOfPage\":{\"@id\":\"https:\\\/\\\/legrandreporter.net\\\/index.php\\\/2026\\\/09\\\/04\\\/franck-nguema-largent-des-pauvres-doit-arriver-aux-pauvres\\\/#primaryimage\"},\"image\":{\"@id\":\"https:\\\/\\\/legrandreporter.net\\\/index.php\\\/2026\\\/09\\\/04\\\/franck-nguema-largent-des-pauvres-doit-arriver-aux-pauvres\\\/#primaryimage\"},\"thumbnailUrl\":\"https:\\\/\\\/legrandreporter.net\\\/wp-content\\\/uploads\\\/2026\\\/09\\\/100e9195-ebff-467e-91fc-32be1d7b95d0.jpeg\",\"datePublished\":\"2026-09-04T17:25:34+00:00\",\"dateModified\":\"2026-09-04T17:25:37+00:00\",\"author\":{\"@id\":\"https:\\\/\\\/legrandreporter.net\\\/#\\\/schema\\\/person\\\/e8aa07c283464fa600509a24e4de05a4\"},\"breadcrumb\":{\"@id\":\"https:\\\/\\\/legrandreporter.net\\\/index.php\\\/2026\\\/09\\\/04\\\/franck-nguema-largent-des-pauvres-doit-arriver-aux-pauvres\\\/#breadcrumb\"},\"inLanguage\":\"en-US\",\"potentialAction\":[{\"@type\":\"ReadAction\",\"target\":[\"https:\\\/\\\/legrandreporter.net\\\/index.php\\\/2026\\\/09\\\/04\\\/franck-nguema-largent-des-pauvres-doit-arriver-aux-pauvres\\\/\"]}]},{\"@type\":\"ImageObject\",\"inLanguage\":\"en-US\",\"@id\":\"https:\\\/\\\/legrandreporter.net\\\/index.php\\\/2026\\\/09\\\/04\\\/franck-nguema-largent-des-pauvres-doit-arriver-aux-pauvres\\\/#primaryimage\",\"url\":\"https:\\\/\\\/legrandreporter.net\\\/wp-content\\\/uploads\\\/2026\\\/09\\\/100e9195-ebff-467e-91fc-32be1d7b95d0.jpeg\",\"contentUrl\":\"https:\\\/\\\/legrandreporter.net\\\/wp-content\\\/uploads\\\/2026\\\/09\\\/100e9195-ebff-467e-91fc-32be1d7b95d0.jpeg\",\"width\":960,\"height\":1280},{\"@type\":\"BreadcrumbList\",\"@id\":\"https:\\\/\\\/legrandreporter.net\\\/index.php\\\/2026\\\/09\\\/04\\\/franck-nguema-largent-des-pauvres-doit-arriver-aux-pauvres\\\/#breadcrumb\",\"itemListElement\":[{\"@type\":\"ListItem\",\"position\":1,\"name\":\"Home\",\"item\":\"https:\\\/\\\/legrandreporter.net\\\/\"},{\"@type\":\"ListItem\",\"position\":2,\"name\":\"Franck Nguema: &#8220;L&#8217;argent des pauvres doit arriver aux pauvres&#8221;\u00a0\"}]},{\"@type\":\"WebSite\",\"@id\":\"https:\\\/\\\/legrandreporter.net\\\/#website\",\"url\":\"https:\\\/\\\/legrandreporter.net\\\/\",\"name\":\"le grand reporter\",\"description\":\"L&#039;information sans fronti\u00e8res \",\"potentialAction\":[{\"@type\":\"SearchAction\",\"target\":{\"@type\":\"EntryPoint\",\"urlTemplate\":\"https:\\\/\\\/legrandreporter.net\\\/?s={search_term_string}\"},\"query-input\":{\"@type\":\"PropertyValueSpecification\",\"valueRequired\":true,\"valueName\":\"search_term_string\"}}],\"inLanguage\":\"en-US\"},{\"@type\":\"Person\",\"@id\":\"https:\\\/\\\/legrandreporter.net\\\/#\\\/schema\\\/person\\\/e8aa07c283464fa600509a24e4de05a4\",\"name\":\"admin\",\"image\":{\"@type\":\"ImageObject\",\"inLanguage\":\"en-US\",\"@id\":\"https:\\\/\\\/secure.gravatar.com\\\/avatar\\\/e741354a999001bf2381f32f080f9718157eaaa8510756b39bead01f99e50f81?s=96&d=mm&r=g\",\"url\":\"https:\\\/\\\/secure.gravatar.com\\\/avatar\\\/e741354a999001bf2381f32f080f9718157eaaa8510756b39bead01f99e50f81?s=96&d=mm&r=g\",\"contentUrl\":\"https:\\\/\\\/secure.gravatar.com\\\/avatar\\\/e741354a999001bf2381f32f080f9718157eaaa8510756b39bead01f99e50f81?s=96&d=mm&r=g\",\"caption\":\"admin\"},\"sameAs\":[\"https:\\\/\\\/legrandreporter.net\"],\"url\":\"https:\\\/\\\/legrandreporter.net\\\/index.php\\\/author\\\/admin\\\/\"}]}<\/script>\n<!-- \/ Yoast SEO plugin. -->","yoast_head_json":{"title":"Franck Nguema: \"L'argent des pauvres doit arriver aux pauvres\"\u00a0 - le grand reporter","robots":{"index":"index","follow":"follow","max-snippet":"max-snippet:-1","max-image-preview":"max-image-preview:large","max-video-preview":"max-video-preview:-1"},"canonical":"https:\/\/legrandreporter.net\/index.php\/2026\/09\/04\/franck-nguema-largent-des-pauvres-doit-arriver-aux-pauvres\/","og_locale":"en_US","og_type":"article","og_title":"Franck Nguema: \"L'argent des pauvres doit arriver aux pauvres\"\u00a0 - le grand reporter","og_description":"Apr\u00e8s les d\u00e9clarations de la Cour des comptes annon\u00e7ant environ 1 700 milliards de FCFA de d\u00e9bets et d&#8217;amendes envers des agents de l&#8217;Etat, et ce \u00e0 l&#8217;issu des contr\u00f4les durant l&#8217;exercice 2026, il s&#8217;av\u00e8re que les financements sociaux, plus exactement les fonds des Gabonais \u00e9conomiquement faibles, des \u00e9vacuations sanitaires, de la s\u00e9curit\u00e9 sociale. Il [&hellip;]","og_url":"https:\/\/legrandreporter.net\/index.php\/2026\/09\/04\/franck-nguema-largent-des-pauvres-doit-arriver-aux-pauvres\/","og_site_name":"le grand reporter","article_published_time":"2026-09-04T17:25:34+00:00","article_modified_time":"2026-09-04T17:25:37+00:00","og_image":[{"width":960,"height":1280,"url":"https:\/\/legrandreporter.net\/wp-content\/uploads\/2026\/09\/100e9195-ebff-467e-91fc-32be1d7b95d0.jpeg","type":"image\/jpeg"}],"author":"admin","twitter_card":"summary_large_image","twitter_misc":{"Written by":"admin","Est. reading time":"3 minutes"},"schema":{"@context":"https:\/\/schema.org","@graph":[{"@type":"Article","@id":"https:\/\/legrandreporter.net\/index.php\/2026\/09\/04\/franck-nguema-largent-des-pauvres-doit-arriver-aux-pauvres\/#article","isPartOf":{"@id":"https:\/\/legrandreporter.net\/index.php\/2026\/09\/04\/franck-nguema-largent-des-pauvres-doit-arriver-aux-pauvres\/"},"author":{"name":"admin","@id":"https:\/\/legrandreporter.net\/#\/schema\/person\/e8aa07c283464fa600509a24e4de05a4"},"headline":"Franck Nguema: &#8220;L&#8217;argent des pauvres doit arriver aux pauvres&#8221;\u00a0","datePublished":"2026-09-04T17:25:34+00:00","dateModified":"2026-09-04T17:25:37+00:00","mainEntityOfPage":{"@id":"https:\/\/legrandreporter.net\/index.php\/2026\/09\/04\/franck-nguema-largent-des-pauvres-doit-arriver-aux-pauvres\/"},"wordCount":743,"commentCount":0,"image":{"@id":"https:\/\/legrandreporter.net\/index.php\/2026\/09\/04\/franck-nguema-largent-des-pauvres-doit-arriver-aux-pauvres\/#primaryimage"},"thumbnailUrl":"https:\/\/legrandreporter.net\/wp-content\/uploads\/2026\/09\/100e9195-ebff-467e-91fc-32be1d7b95d0.jpeg","articleSection":["POLITIQUE"],"inLanguage":"en-US","potentialAction":[{"@type":"CommentAction","name":"Comment","target":["https:\/\/legrandreporter.net\/index.php\/2026\/09\/04\/franck-nguema-largent-des-pauvres-doit-arriver-aux-pauvres\/#respond"]}]},{"@type":"WebPage","@id":"https:\/\/legrandreporter.net\/index.php\/2026\/09\/04\/franck-nguema-largent-des-pauvres-doit-arriver-aux-pauvres\/","url":"https:\/\/legrandreporter.net\/index.php\/2026\/09\/04\/franck-nguema-largent-des-pauvres-doit-arriver-aux-pauvres\/","name":"Franck Nguema: \"L'argent des pauvres doit arriver aux pauvres\"\u00a0 - le grand reporter","isPartOf":{"@id":"https:\/\/legrandreporter.net\/#website"},"primaryImageOfPage":{"@id":"https:\/\/legrandreporter.net\/index.php\/2026\/09\/04\/franck-nguema-largent-des-pauvres-doit-arriver-aux-pauvres\/#primaryimage"},"image":{"@id":"https:\/\/legrandreporter.net\/index.php\/2026\/09\/04\/franck-nguema-largent-des-pauvres-doit-arriver-aux-pauvres\/#primaryimage"},"thumbnailUrl":"https:\/\/legrandreporter.net\/wp-content\/uploads\/2026\/09\/100e9195-ebff-467e-91fc-32be1d7b95d0.jpeg","datePublished":"2026-09-04T17:25:34+00:00","dateModified":"2026-09-04T17:25:37+00:00","author":{"@id":"https:\/\/legrandreporter.net\/#\/schema\/person\/e8aa07c283464fa600509a24e4de05a4"},"breadcrumb":{"@id":"https:\/\/legrandreporter.net\/index.php\/2026\/09\/04\/franck-nguema-largent-des-pauvres-doit-arriver-aux-pauvres\/#breadcrumb"},"inLanguage":"en-US","potentialAction":[{"@type":"ReadAction","target":["https:\/\/legrandreporter.net\/index.php\/2026\/09\/04\/franck-nguema-largent-des-pauvres-doit-arriver-aux-pauvres\/"]}]},{"@type":"ImageObject","inLanguage":"en-US","@id":"https:\/\/legrandreporter.net\/index.php\/2026\/09\/04\/franck-nguema-largent-des-pauvres-doit-arriver-aux-pauvres\/#primaryimage","url":"https:\/\/legrandreporter.net\/wp-content\/uploads\/2026\/09\/100e9195-ebff-467e-91fc-32be1d7b95d0.jpeg","contentUrl":"https:\/\/legrandreporter.net\/wp-content\/uploads\/2026\/09\/100e9195-ebff-467e-91fc-32be1d7b95d0.jpeg","width":960,"height":1280},{"@type":"BreadcrumbList","@id":"https:\/\/legrandreporter.net\/index.php\/2026\/09\/04\/franck-nguema-largent-des-pauvres-doit-arriver-aux-pauvres\/#breadcrumb","itemListElement":[{"@type":"ListItem","position":1,"name":"Home","item":"https:\/\/legrandreporter.net\/"},{"@type":"ListItem","position":2,"name":"Franck Nguema: &#8220;L&#8217;argent des pauvres doit arriver aux pauvres&#8221;\u00a0"}]},{"@type":"WebSite","@id":"https:\/\/legrandreporter.net\/#website","url":"https:\/\/legrandreporter.net\/","name":"le grand reporter","description":"L&#039;information sans fronti\u00e8res ","potentialAction":[{"@type":"SearchAction","target":{"@type":"EntryPoint","urlTemplate":"https:\/\/legrandreporter.net\/?s={search_term_string}"},"query-input":{"@type":"PropertyValueSpecification","valueRequired":true,"valueName":"search_term_string"}}],"inLanguage":"en-US"},{"@type":"Person","@id":"https:\/\/legrandreporter.net\/#\/schema\/person\/e8aa07c283464fa600509a24e4de05a4","name":"admin","image":{"@type":"ImageObject","inLanguage":"en-US","@id":"https:\/\/secure.gravatar.com\/avatar\/e741354a999001bf2381f32f080f9718157eaaa8510756b39bead01f99e50f81?s=96&d=mm&r=g","url":"https:\/\/secure.gravatar.com\/avatar\/e741354a999001bf2381f32f080f9718157eaaa8510756b39bead01f99e50f81?s=96&d=mm&r=g","contentUrl":"https:\/\/secure.gravatar.com\/avatar\/e741354a999001bf2381f32f080f9718157eaaa8510756b39bead01f99e50f81?s=96&d=mm&r=g","caption":"admin"},"sameAs":["https:\/\/legrandreporter.net"],"url":"https:\/\/legrandreporter.net\/index.php\/author\/admin\/"}]}},"_links":{"self":[{"href":"https:\/\/legrandreporter.net\/index.php\/wp-json\/wp\/v2\/posts\/712","targetHints":{"allow":["GET"]}}],"collection":[{"href":"https:\/\/legrandreporter.net\/index.php\/wp-json\/wp\/v2\/posts"}],"about":[{"href":"https:\/\/legrandreporter.net\/index.php\/wp-json\/wp\/v2\/types\/post"}],"author":[{"embeddable":true,"href":"https:\/\/legrandreporter.net\/index.php\/wp-json\/wp\/v2\/users\/1"}],"replies":[{"embeddable":true,"href":"https:\/\/legrandreporter.net\/index.php\/wp-json\/wp\/v2\/comments?post=712"}],"version-history":[{"count":1,"href":"https:\/\/legrandreporter.net\/index.php\/wp-json\/wp\/v2\/posts\/712\/revisions"}],"predecessor-version":[{"id":714,"href":"https:\/\/legrandreporter.net\/index.php\/wp-json\/wp\/v2\/posts\/712\/revisions\/714"}],"wp:featuredmedia":[{"embeddable":true,"href":"https:\/\/legrandreporter.net\/index.php\/wp-json\/wp\/v2\/media\/713"}],"wp:attachment":[{"href":"https:\/\/legrandreporter.net\/index.php\/wp-json\/wp\/v2\/media?parent=712"}],"wp:term":[{"taxonomy":"category","embeddable":true,"href":"https:\/\/legrandreporter.net\/index.php\/wp-json\/wp\/v2\/categories?post=712"},{"taxonomy":"post_tag","embeddable":true,"href":"https:\/\/legrandreporter.net\/index.php\/wp-json\/wp\/v2\/tags?post=712"}],"curies":[{"name":"wp","href":"https:\/\/api.w.org\/{rel}","templated":true}]}}